{"id":7352,"date":"2024-12-18T08:27:27","date_gmt":"2024-12-18T07:27:27","guid":{"rendered":"https:\/\/maison-du-midi.fr\/blog\/a-la-une\/renovation-durable-comment-allier-esthetique-et-ecologie\/"},"modified":"2024-12-18T08:27:27","modified_gmt":"2024-12-18T07:27:27","slug":"renovation-durable-comment-allier-esthetique-et-ecologie","status":"publish","type":"post","link":"https:\/\/maison-du-midi.fr\/blog\/decoration-et-design-interieur\/renovation-durable-comment-allier-esthetique-et-ecologie\/","title":{"rendered":"R\u00e9novation durable : comment allier esth\u00e9tique et \u00e9cologie"},"content":{"rendered":"\n\n<p class=\"wp-block-paragraph\">Dans un monde o\u00f9 la <strong>durabilit\u00e9<\/strong> devient un imp\u00e9ratif face aux d\u00e9fis environnementaux, la <strong>r\u00e9novation<\/strong> de nos espaces de vie ne doit pas se contenter d&rsquo;\u00eatre fonctionnelle. Elle doit \u00e9galement s&rsquo;inscrire dans une d\u00e9marche <strong>esth\u00e9tique<\/strong> et <strong>\u00e9cologique<\/strong>. D\u00e9corer avec go\u00fbt tout en respectant notre plan\u00e8te est une qu\u00eate de plus en plus pris\u00e9e par les propri\u00e9taires soucieux de l&rsquo;impact de leurs d\u00e9cisions sur l&rsquo;environnement. Qu&rsquo;il s&rsquo;agisse de s\u00e9lectionner des mat\u00e9riaux recycl\u00e9s, d&rsquo;investir dans des technologies \u00e9nerg\u00e9tiquement efficaces ou de privil\u00e9gier des couleurs naturelles, chaque choix engage une r\u00e9flexion sur notre empreinte \u00e9cologique et notre harmonie avec la nature. Cet article explore comment il est possible d&rsquo;allier style et respect de l&rsquo;environnement, offrant des pistes concr\u00e8tes pour une <strong>r\u00e9novation durable<\/strong> r\u00e9ellement inspirante.<\/p>\n\n\n\n<p class=\"wp-block-paragraph\">La <strong>r\u00e9novation durable<\/strong> est devenue un enjeu crucial au regard des d\u00e9fis environnementaux que nous rencontrons. \u00c0 une \u00e9poque o\u00f9 le changement climatique et la d\u00e9gradation des ressources naturelles sont omnipr\u00e9sents, il est essentiel de repenser nos habitats pour qu&rsquo;ils soient \u00e0 la fois <strong>\u00e9cologiques<\/strong> et <strong>esth\u00e9tiques<\/strong>.<\/p>\n\n\n<p class=\"wp-block-paragraph\">Tout d&rsquo;abord, l&rsquo;aspect \u00e9cologique de la r\u00e9novation ne peut \u00eatre sous-estim\u00e9. En am\u00e9liorant l&rsquo;<strong>isolation<\/strong> des b\u00e2timents existants, en utilisant des <strong>mat\u00e9riaux durables<\/strong> ou en int\u00e9grant des syst\u00e8mes d&rsquo;\u00e9nergie renouvelable, nous avons la possibilit\u00e9 de r\u00e9duire consid\u00e9rablement notre <strong>empreinte carbone<\/strong>. Par exemple, l&rsquo;utilisation de <strong>toits verts<\/strong> ou d&rsquo;<strong>ardoises de toiture<\/strong> en mat\u00e9riaux naturels contribue \u00e0 la r\u00e9gulation de la temp\u00e9rature de nos maisons tout en favorisant la biodiversit\u00e9.<\/p>\n\n\n<p class=\"wp-block-paragraph\">Mais l&rsquo;\u00e9cologie ne doit pas \u00eatre uniquement synonyme de fonctionnalit\u00e9 et de technique. La <strong>r\u00e9novation esth\u00e9tique<\/strong> joue \u00e9galement un r\u00f4le primordial. En m\u00ealant design moderne et mat\u00e9riaux recycl\u00e9s, nous pouvons donner une nouvelle vie \u00e0 des objets et \u00e0 des espaces qui semblaient condamn\u00e9s \u00e0 l&rsquo;oubli. Chiner et r\u00e9utiliser permet d&rsquo;allier <strong>valeur esth\u00e9tique<\/strong> et <strong>r\u00e9duction des d\u00e9chets<\/strong>, redonnant ainsi sens et importance \u00e0 notre environnement.<\/p>\n\n\n<p class=\"wp-block-paragraph\">Les aspects \u00e9motionnels li\u00e9s \u00e0 l&rsquo;habitat sont \u00e9galement fondamentaux. Un espace bien am\u00e9nag\u00e9, avec un <strong>am\u00e9nagement paysager durable<\/strong>, peut transformer une maison en un v\u00e9ritable havre de paix. Des <strong>chemins sinueux<\/strong> bord\u00e9s de <strong>plantes indig\u00e8nes<\/strong> ou des <strong>plans d\u2019eau<\/strong> contribuent non seulement \u00e0 l\u2019esth\u00e9tique, mais \u00e9galement \u00e0 l&rsquo;\u00e9quilibre de notre \u00e9cosyst\u00e8me local. En faisant des choix r\u00e9fl\u00e9chis, il est possible de cr\u00e9er des espaces \u00e0 la fois beaux et respectueux de l&rsquo;environnement.<\/p>\n\n\n<p class=\"wp-block-paragraph\">Enfin, la <strong>r\u00e9novation durable<\/strong> s&rsquo;inscrit dans un cadre plus vaste qui reconna\u00eet l&rsquo;importance de l&rsquo;<strong>habitat \u00e9co-responsable<\/strong>. Chacun de nos choix en mati\u00e8re de r\u00e9novation doit prendre en compte le <strong>territoire<\/strong>, la <strong>mobilit\u00e9<\/strong> et l&rsquo;<strong>\u00e9cosyst\u00e8me<\/strong> dans lequel nous vivons. Ce n\u2019est pas seulement une question de confort personnel, mais une n\u00e9cessit\u00e9 collective pour pr\u00e9server notre plan\u00e8te pour les g\u00e9n\u00e9rations futures.<\/p>\n\n\n\n<p class=\"wp-block-paragraph\">La <strong>r\u00e9novation durable<\/strong> est un domaine en pleine expansion qui vise \u00e0 concilier <strong>confort<\/strong> et <strong>\u00e9cologie<\/strong>. L&rsquo;esth\u00e9tique \u00e9cologique joue un r\u00f4le fondamental dans cette approche, car elle permet de cr\u00e9er des espaces \u00e0 la fois <strong>attrayants<\/strong> et <strong>respectueux de l&rsquo;environnement<\/strong>. Voici quelques principes cl\u00e9s et exemples qui illustrent cette synergie.<\/p>\n\n\n<h2 class=\"wp-block-heading\">1. Utiliser des Mat\u00e9riaux Durables<\/h2>\n\n\n<p class=\"wp-block-paragraph\">Le choix des mat\u00e9riaux est essentiel dans une r\u00e9novation \u00e9co-responsable. Privil\u00e9gier des mat\u00e9riaux durables et <strong>\u00e9coresponsables<\/strong> contribue \u00e0 r\u00e9duire l&rsquo;impact environnemental. Parmi ces mat\u00e9riaux, on trouve :<\/p>\n\n\n<ul class=\"wp-block-list\">\n\n<li><strong>Bois certifi\u00e9 FSC<\/strong> : Sourc\u00e9 de mani\u00e8re responsable et durable, ce type de bois est parfait pour des meubles ou des rev\u00eatements de sol qui allient esth\u00e9tique et respect de l&rsquo;environnement.<\/li>\n\n\n<li><strong>Mat\u00e9riaux recycl\u00e9s<\/strong> : L&rsquo;utilisation de mat\u00e9riaux r\u00e9cup\u00e9r\u00e9s permet de redonner vie \u00e0 des objets oubli\u00e9s et de r\u00e9duire la demande en nouvelles ressources.<\/li>\n\n\n<li><strong>Eco-b\u00e9ton<\/strong> : Fabriqu\u00e9 avec des granulats recycl\u00e9s, l&rsquo;\u00e9co-b\u00e9ton est un excellent choix pour les structures de b\u00e2timent tout en ayant une empreinte carbone r\u00e9duite.<\/li>\n\n<\/ul>\n\n\n<h2 class=\"wp-block-heading\">2. \u00c9clairer avec Intention<\/h2>\n\n\n<p class=\"wp-block-paragraph\">Un bon \u00e9clairage peut sublimer un espace tout en minimisant la consommation d&rsquo;\u00e9nergie. L&rsquo;utilisation de <strong>ampoules LED<\/strong> est une option qui allie <strong>efficacit\u00e9 \u00e9nerg\u00e9tique<\/strong> et durabilit\u00e9 tout en cr\u00e9ant une ambiance chaleureuse.<\/p>\n\n\n<h2 class=\"wp-block-heading\">3. Am\u00e9nagement Paysager Durable<\/h2>\n\n\n<p class=\"wp-block-paragraph\">L&rsquo;art du <strong>design paysager<\/strong> durable contribue \u00e9galement \u00e0 une esth\u00e9tique \u00e9cologique. En int\u00e9grant des \u00e9l\u00e9ments tels que :<\/p>\n\n\n<ul class=\"wp-block-list\">\n\n<li>Des <strong>chemins sinueux<\/strong> bord\u00e9s de plantes indig\u00e8nes qui favorisent la biodiversit\u00e9 tout en embellissant votre jardin.<\/li>\n\n\n<li>Des <strong>plans d&rsquo;eau<\/strong> naturels qui attirent la faune locale tout en ajoutant une dimension esth\u00e9tique.<\/li>\n\n<\/ul>\n\n\n<h2 class=\"wp-block-heading\">4. Optimisation de l&rsquo;Espace Int\u00e9rieur<\/h2>\n\n\n<p class=\"wp-block-paragraph\">Il est important de tirer parti des espaces disponibles de mani\u00e8re r\u00e9fl\u00e9chie. Installer des fen\u00eatres en <strong>aluminium<\/strong> ou <strong>PVC<\/strong> avec de bonnes propri\u00e9t\u00e9s d&rsquo;isolation thermique peut non seulement am\u00e9liorer le confort, mais aussi permettre une <strong>lumi\u00e8re naturelle<\/strong> optimale d&rsquo;entrer, r\u00e9duisant le besoin d&rsquo;\u00e9clairage artificiel.<\/p>\n\n\n<h2 class=\"wp-block-heading\">5. Int\u00e9gration de Principes Bioclimatiques<\/h2>\n\n\n<p class=\"wp-block-paragraph\">Les principes de <strong>bioclimatique<\/strong> permettent de concevoir ou de r\u00e9nover des b\u00e2timents de mani\u00e8re \u00e0 tirer parti des ressources naturelles. Utiliser des <strong>toits verts<\/strong> ou des <strong>mat\u00e9riaux naturels<\/strong> comme l&rsquo;ardoise am\u00e9liore non seulement l&rsquo;esth\u00e9tique mais favorise \u00e9galement l&rsquo;isolation et le traitement des eaux pluviales.<\/p>\n\n\n\n<h2 class=\"wp-block-heading\">1. La Maison des Vignes<\/h2>\n\n\n<p class=\"wp-block-paragraph\">Situ\u00e9e dans une r\u00e9gion viticole, cette <strong>r\u00e9novation<\/strong> a transform\u00e9 une ancienne grange en un espace de vie moderne. En utilisant des mat\u00e9riaux <strong>durables<\/strong> comme le bois de r\u00e9cup\u00e9ration et des peintures \u00e9cologiques, ce projet a su allier <strong>esth\u00e9tique<\/strong> et <strong>\u00e9cologie<\/strong>. Les fen\u00eatres en <strong>aluminium<\/strong> \u00e0 haute performance \u00e9nerg\u00e9tique ont permis d&rsquo;am\u00e9liorer l&rsquo;isolation, r\u00e9duisant ainsi les besoins en chauffage. Le r\u00e9sultat est une maison o\u00f9 la chaleur de l&rsquo;espace de vie se m\u00eale \u00e0 une ambiance rustique, tout en respectant l&rsquo;environnement.<\/p>\n\n\n<h2 class=\"wp-block-heading\">2. L&rsquo;Appartement \u00c9cologique<\/h2>\n\n\n<p class=\"wp-block-paragraph\">Dans un <strong>immeuble<\/strong> ancien en plein centre-ville, cet appartement a \u00e9t\u00e9 enti\u00e8rement r\u00e9nov\u00e9 pour adopter une approche <strong>\u00e9co-responsable<\/strong>. La cr\u00e9ation de cloisons en <strong>mat\u00e9riaux recycl\u00e9s<\/strong> et l&rsquo;int\u00e9gration d&rsquo;un syst\u00e8me de <strong>r\u00e9cup\u00e9ration des eaux de pluie<\/strong> t\u00e9moignent de l&rsquo;engagement pour l&rsquo;environnement. De plus, l&rsquo;installation d&rsquo;\u00e9clairages \u00e0 <strong>LED<\/strong> a permis de r\u00e9duire drastiquement la consommation d&rsquo;\u00e9nergie tout en rehaussant l&rsquo;ambiance int\u00e9rieure. L&rsquo;alliance entre design moderne et \u00e9l\u00e9ments historiques a donn\u00e9 un cadre de vie agr\u00e9ablement lumineux et confortable.<\/p>\n\n\n<h2 class=\"wp-block-heading\">3. Le Jardin Partag\u00e9<\/h2>\n\n\n<p class=\"wp-block-paragraph\">Dans une commune, un espace public abandonn\u00e9 a \u00e9t\u00e9 revitalis\u00e9 par un projet d&rsquo;<strong>am\u00e9nagement paysager<\/strong> durable. Des <strong>chemins sinueux<\/strong> ont \u00e9t\u00e9 cr\u00e9\u00e9s, bord\u00e9s de <strong>plantes indig\u00e8nes<\/strong>, favorisant la biodiversit\u00e9 locale. De petits <strong>plans d&rsquo;eau<\/strong> ont \u00e9t\u00e9 int\u00e9gr\u00e9s pour attirer la faune, tout en offrant un espace de rencontre pour les habitants. Ce projet a non seulement embelli le quartier, mais a aussi permis de renforcer le lien social et de promouvoir une <strong>conscience environnementale<\/strong> chez les r\u00e9sidents.<\/p>\n\n\n<h2 class=\"wp-block-heading\">4. La R\u00e9novation d&rsquo;une Ferme<\/h2>\n\n\n<p class=\"wp-block-paragraph\">Une ancienne ferme a \u00e9t\u00e9 transform\u00e9e en un \u00e9co-h\u00f4tel respectueux de l&rsquo;environnement. L&rsquo;<strong>\u00e9coconception<\/strong> a conduit \u00e0 l&rsquo;installation de panneaux solaires et de syst\u00e8mes de chauffage g\u00e9othermique. L&rsquo;utilisation de <strong>mat\u00e9riaux naturels<\/strong> pour la d\u00e9coration, comme la pierre locale et le bois brut, a permis de pr\u00e9server l&rsquo;authenticit\u00e9 du lieu tout en favorisant le confort des h\u00f4tes. Les chambres sont lumineuses, chaleureuses et int\u00e9gr\u00e9es harmonieusement dans le paysage environnant.<\/p>\n\n\n<h2 class=\"wp-block-heading\">5. La Transformation d&rsquo;un Bureau<\/h2>\n\n\n<p class=\"wp-block-paragraph\">Un espace de travail a pass\u00e9 d\u2019un environnement standard \u00e0 un bureau <strong>\u00e9cologique<\/strong>. Des <strong>mat\u00e9riaux recycl\u00e9s<\/strong> ont \u00e9t\u00e9 utilis\u00e9s pour le mobilier, et des cloisons v\u00e9g\u00e9tales ont \u00e9t\u00e9 install\u00e9es pour am\u00e9liorer la qualit\u00e9 de l\u2019air. En int\u00e9grant des solutions de <strong>r\u00e9cup\u00e9ration d&rsquo;\u00e9nergie<\/strong> et de <strong>gestion des d\u00e9chets<\/strong>, cet espace offre une atmosph\u00e8re esth\u00e9tique tout en r\u00e9duisant son empreinte carbone. Ce projet incarne une vision moderne du monde du travail, o\u00f9 confort et responsabilit\u00e9 <strong>\u00e9cologique<\/strong> vont de pair.<\/p>\n\n\n<figure class='wp-block-image size-full'>\n<img width=\"1344\" height=\"768\" src=\"https:\/\/maison-du-midi.fr\/blog\/wp-content\/uploads\/2024\/12\/Renovation-durable-comment-allier-esthetique-et-ecologie.png\" class=\"attachment-full size-full\" alt=\"d\u00e9couvrez comment allier esth\u00e9tique et respect de l&#039;environnement dans votre projet de r\u00e9novation durable. explorez des conseils pratiques, des mat\u00e9riaux \u00e9cologiques et des id\u00e9es innovantes pour cr\u00e9er un espace \u00e0 la fois beau et durable.\" decoding=\"async\" loading=\"lazy\" \/>\n<\/figure>\n\n\n\n<p class=\"wp-block-paragraph\">La <strong>r\u00e9novation durable<\/strong> ne se limite pas seulement \u00e0 des choix \u00e9cologiques, elle doit \u00e9galement refl\u00e9ter votre style personnel et s&rsquo;int\u00e9grer harmonieusement \u00e0 votre habitat. Voici quelques conseils pratiques pour allier durabilit\u00e9 et esth\u00e9tique :<\/p>\n\n\n<h2 class=\"wp-block-heading\">1. Prioriser les mat\u00e9riaux \u00e9cologiques<\/h2>\n\n\n<p class=\"wp-block-paragraph\">Optez pour des mat\u00e9riaux <strong>durables<\/strong> tels que le <strong>bambou<\/strong>, le <strong>li\u00e8ge<\/strong> ou des bois provenant de for\u00eats g\u00e9r\u00e9es durablement. Ces mat\u00e9riaux apportent une touche naturelle et chaleureuse \u00e0 votre int\u00e9rieur, tout en r\u00e9duisant votre empreinte carbone.<\/p>\n\n\n<h2 class=\"wp-block-heading\">2. Repenser l&rsquo;\u00e9clairage<\/h2>\n\n\n<p class=\"wp-block-paragraph\">Utiliser des <strong>ampoules LED<\/strong> permet non seulement de faire des \u00e9conomies d&rsquo;\u00e9nergie, mais aussi de jouer avec l&rsquo;\u00e9clairage pour cr\u00e9er des atmosph\u00e8res chaleureuses. Pensez \u00e9galement \u00e0 maximiser la lumi\u00e8re naturelle en choisissant des <strong>couleurs claires<\/strong> pour vos murs.<\/p>\n\n\n<h2 class=\"wp-block-heading\">3. Choisir des appareils \u00e9nerg\u00e9tiquement efficaces<\/h2>\n\n\n<p class=\"wp-block-paragraph\">Lors de la r\u00e9novation de votre cuisine ou salle de bain, s\u00e9lectionnez des appareils dot\u00e9s d&rsquo;une <strong>\u00e9tiquette \u00e9nerg\u00e9tique<\/strong> \u00e9lev\u00e9e. Ces appareils consomment moins d&rsquo;\u00e9nergie tout en offrant des performances optimales, alliant ainsi esth\u00e9tique moderne et respect de l&rsquo;environnement.<\/p>\n\n\n<h2 class=\"wp-block-heading\">4. Int\u00e9grer des \u00e9l\u00e9ments de r\u00e9cup\u00e9ration<\/h2>\n\n\n<p class=\"wp-block-paragraph\">La r\u00e9cup\u00e9ration est une excellente mani\u00e8re d&rsquo;ajouter du caract\u00e8re \u00e0 votre espace. Utilisez des meubles anciens, retapez des objets, ou cr\u00e9ez des \u00e9l\u00e9ments d\u00e9coratifs \u00e0 partir de mat\u00e9riaux recycl\u00e9s. Cela va non seulement r\u00e9duire les d\u00e9chets, mais donnera \u00e9galement une histoire unique \u00e0 votre int\u00e9rieur.<\/p>\n\n\n<h2 class=\"wp-block-heading\">5. Favoriser les espaces verts<\/h2>\n\n\n<p class=\"wp-block-paragraph\">Int\u00e9grer des plantes d&rsquo;int\u00e9rieur contribue \u00e0 am\u00e9liorer la qualit\u00e9 de l&rsquo;air et ajoute une note vivante \u00e0 votre d\u00e9coration. Cr\u00e9ez un jardin vertical ou choisissez des pots design pour un impact esth\u00e9tique renforc\u00e9.<\/p>\n\n\n<h2 class=\"wp-block-heading\">6. Penser \u00e0 l&rsquo;isolation<\/h2>\n\n\n<p class=\"wp-block-paragraph\">Am\u00e9liorer l&rsquo;<strong>isolation<\/strong> de votre domicile aide \u00e0 r\u00e9duire les besoins \u00e9nerg\u00e9tiques tout en maintenant une temp\u00e9rature agr\u00e9able. Choisissez des mat\u00e9riaux isolants <strong>naturels<\/strong> comme la laine de mouton ou la cellulose pour \u00e9viter les substances nocives tout en pr\u00e9servant une beaut\u00e9 esth\u00e9tique.<\/p>\n\n\n<h2 class=\"wp-block-heading\">7. \u00c9tablir un design biophilique<\/h2>\n\n\n<p class=\"wp-block-paragraph\">Incorporez des \u00e9l\u00e9ments naturels dans votre d\u00e9coration pour cr\u00e9er un environnement harmonieux. Cela inclut l&rsquo;utilisation de couleurs terreuses, de textures organiques et d&rsquo;\u00e9clairages imitant la lumi\u00e8re naturelle.<\/p>\n\n\n<h2 class=\"wp-block-heading\">8. Privil\u00e9gier la finition minimaliste<\/h2>\n\n\n<p class=\"wp-block-paragraph\">Un design minimaliste avec des lignes \u00e9pur\u00e9es et des couleurs neutres peut faire para\u00eetre un espace plus grand et lumineux. Cela permet \u00e9galement aux \u00e9l\u00e9ments \u00e9cologiques que vous choisissez de briller.<\/p>\n\n\n<h2 class=\"wp-block-heading\">9. Engager des professionnels sensibles \u00e0 la durabilit\u00e9<\/h2>\n\n\n<p class=\"wp-block-paragraph\">Si vous n&rsquo;\u00eates pas s\u00fbr de votre d\u00e9marche, n&rsquo;h\u00e9sitez pas \u00e0 faire appel \u00e0 des <strong>professionnels<\/strong> qui ont une expertise en <strong>r\u00e9novation durable<\/strong>. Ils pourront vous conseiller sur les meilleures pratiques tout en respectant votre vision esth\u00e9tique.<\/p>\n\n\n\n<p class=\"wp-block-paragraph\">La <strong>r\u00e9novation durable<\/strong> est une approche essentielle pour concilier <strong>esth\u00e9tique<\/strong> et <strong>\u00e9cologie<\/strong>. En adoptant des mat\u00e9riaux respectueux de l&rsquo;environnement et des techniques de construction innovantes, il est possible de cr\u00e9er des espaces \u00e0 la fois beaux et durables. Il est important de privil\u00e9gier des choix \u00e9clair\u00e9s, comme l&rsquo;utilisation de <strong>mat\u00e9riaux recycl\u00e9s<\/strong>, l&rsquo;optimisation de l&rsquo;<strong>efficacit\u00e9 \u00e9nerg\u00e9tique<\/strong> et l&rsquo;int\u00e9gration de la <strong>nature<\/strong> dans nos habitations. De plus, s&rsquo;impliquer dans des initiatives locales et soutenir des artisans engag\u00e9s dans des pratiques durables renforce notre impact positif sur l&rsquo;environnement. Chaque petite action compte, et c&rsquo;est ensemble que nous pouvons transformer notre quotidien en faveur d&rsquo;une plan\u00e8te plus verte.<\/p>\n\n\n<figure class=\"wp-block-embed is-type-video is-provider-youtube wp-block-embed-youtube wp-embed-aspect-16-9 wp-has-aspect-ratio\">\n<div class=\"wp-block-embed__wrapper\">\n<iframe loading=\"lazy\" title=\"La R\u00e9novation \u00c9cologique\" width=\"1200\" height=\"675\" src=\"https:\/\/www.youtube.com\/embed\/3raweoSMZ10?feature=oembed\" frameborder=\"0\" allow=\"accelerometer; autoplay; clipboard-write; encrypted-media; gyroscope; picture-in-picture; web-share\" referrerpolicy=\"strict-origin-when-cross-origin\" allowfullscreen><\/iframe>\n<\/div>\n<\/figure>\n","protected":false},"excerpt":{"rendered":"","protected":false},"author":40,"featured_media":7353,"comment_status":"open","ping_status":"open","sticky":false,"template":"","format":"standard","meta":{"_acf_changed":false,"manual_indexmenow":false,"indexmenow_id_project":0,"footnotes":""},"categories":[4520],"tags":[],"class_list":["post-7352","post","type-post","status-publish","format-standard","has-post-thumbnail","hentry","category-decoration-et-design-interieur","generate-columns","tablet-grid-50","mobile-grid-100","grid-parent","grid-25"],"acf":[],"yoast_head":"<!-- This site is optimized with the Yoast SEO Premium plugin v21.3 (Yoast SEO v26.5) - https:\/\/yoast.com\/wordpress\/plugins\/seo\/ -->\n<title>\u00c9co-r\u00e9novation : L&#039;art de marier beaut\u00e9 et durabilit\u00e9<\/title>\n<meta name=\"description\" content=\"Mat\u00e9riaux \u00e9co-responsables, \u00e9conomies d&#039;\u00e9nergie, design : d\u00e9couvrez comment allier esth\u00e9tique et \u00e9cologie dans une r\u00e9novation durable.\" \/>\n<meta name=\"robots\" content=\"index, follow, max-snippet:-1, max-image-preview:large, max-video-preview:-1\" \/>\n<link rel=\"canonical\" href=\"https:\/\/maison-du-midi.fr\/blog\/decoration-et-design-interieur\/renovation-durable-comment-allier-esthetique-et-ecologie\/\" \/>\n<meta property=\"og:locale\" content=\"fr_FR\" \/>\n<meta property=\"og:type\" content=\"article\" \/>\n<meta property=\"og:title\" content=\"\u00c9co-r\u00e9novation : L&#039;art de marier beaut\u00e9 et durabilit\u00e9\" \/>\n<meta property=\"og:description\" content=\"Mat\u00e9riaux \u00e9co-responsables, \u00e9conomies d&#039;\u00e9nergie, design : d\u00e9couvrez comment allier esth\u00e9tique et \u00e9cologie dans une r\u00e9novation durable.\" \/>\n<meta property=\"og:url\" content=\"https:\/\/maison-du-midi.fr\/blog\/decoration-et-design-interieur\/renovation-durable-comment-allier-esthetique-et-ecologie\/\" \/>\n<meta property=\"og:site_name\" content=\"maison-du-midi\" \/>\n<meta property=\"og:image\" content=\"https:\/\/maison-du-midi.fr\/blog\/wp-content\/uploads\/2024\/12\/Renovation-durable-comment-allier-esthetique-et-ecologie-1.png\" \/>\n\t<meta property=\"og:image:width\" content=\"1200\" \/>\n\t<meta property=\"og:image:height\" content=\"686\" \/>\n\t<meta property=\"og:image:type\" content=\"image\/png\" \/>\n<meta name=\"author\" content=\"Julien P.\" \/>\n<meta name=\"twitter:card\" content=\"summary_large_image\" \/>\n<script type=\"application\/ld+json\" class=\"yoast-schema-graph\">{\"@context\":\"https:\/\/schema.org\",\"@graph\":[{\"@type\":\"NewsArticle\",\"@id\":\"https:\/\/maison-du-midi.fr\/blog\/decoration-et-design-interieur\/renovation-durable-comment-allier-esthetique-et-ecologie\/#article\",\"isPartOf\":{\"@id\":\"https:\/\/maison-du-midi.fr\/blog\/decoration-et-design-interieur\/renovation-durable-comment-allier-esthetique-et-ecologie\/\"},\"author\":{\"name\":\"Julien P.\",\"@id\":\"https:\/\/maison-du-midi.fr\/blog\/#\/schema\/person\/632dc32e00a031658ac4e9f14c273820\"},\"headline\":\"R\u00e9novation durable : comment allier esth\u00e9tique et \u00e9cologie\",\"datePublished\":\"2024-12-18T07:27:27+00:00\",\"mainEntityOfPage\":{\"@id\":\"https:\/\/maison-du-midi.fr\/blog\/decoration-et-design-interieur\/renovation-durable-comment-allier-esthetique-et-ecologie\/\"},\"wordCount\":2000,\"commentCount\":0,\"publisher\":{\"@id\":\"https:\/\/maison-du-midi.fr\/blog\/#organization\"},\"image\":{\"@id\":\"https:\/\/maison-du-midi.fr\/blog\/decoration-et-design-interieur\/renovation-durable-comment-allier-esthetique-et-ecologie\/#primaryimage\"},\"thumbnailUrl\":\"https:\/\/maison-du-midi.fr\/blog\/wp-content\/uploads\/2024\/12\/Renovation-durable-comment-allier-esthetique-et-ecologie-1.png\",\"articleSection\":[\"D\u00e9coration et Design Int\u00e9rieur\"],\"inLanguage\":\"fr-FR\",\"potentialAction\":[{\"@type\":\"CommentAction\",\"name\":\"Comment\",\"target\":[\"https:\/\/maison-du-midi.fr\/blog\/decoration-et-design-interieur\/renovation-durable-comment-allier-esthetique-et-ecologie\/#respond\"]}]},{\"@type\":\"WebPage\",\"@id\":\"https:\/\/maison-du-midi.fr\/blog\/decoration-et-design-interieur\/renovation-durable-comment-allier-esthetique-et-ecologie\/\",\"url\":\"https:\/\/maison-du-midi.fr\/blog\/decoration-et-design-interieur\/renovation-durable-comment-allier-esthetique-et-ecologie\/\",\"name\":\"\u00c9co-r\u00e9novation : L'art de marier beaut\u00e9 et durabilit\u00e9\",\"isPartOf\":{\"@id\":\"https:\/\/maison-du-midi.fr\/blog\/#website\"},\"primaryImageOfPage\":{\"@id\":\"https:\/\/maison-du-midi.fr\/blog\/decoration-et-design-interieur\/renovation-durable-comment-allier-esthetique-et-ecologie\/#primaryimage\"},\"image\":{\"@id\":\"https:\/\/maison-du-midi.fr\/blog\/decoration-et-design-interieur\/renovation-durable-comment-allier-esthetique-et-ecologie\/#primaryimage\"},\"thumbnailUrl\":\"https:\/\/maison-du-midi.fr\/blog\/wp-content\/uploads\/2024\/12\/Renovation-durable-comment-allier-esthetique-et-ecologie-1.png\",\"datePublished\":\"2024-12-18T07:27:27+00:00\",\"description\":\"Mat\u00e9riaux \u00e9co-responsables, \u00e9conomies d'\u00e9nergie, design : d\u00e9couvrez comment allier esth\u00e9tique et \u00e9cologie dans une r\u00e9novation durable.\",\"inLanguage\":\"fr-FR\",\"potentialAction\":[{\"@type\":\"ReadAction\",\"target\":[\"https:\/\/maison-du-midi.fr\/blog\/decoration-et-design-interieur\/renovation-durable-comment-allier-esthetique-et-ecologie\/\"]}]},{\"@type\":\"ImageObject\",\"inLanguage\":\"fr-FR\",\"@id\":\"https:\/\/maison-du-midi.fr\/blog\/decoration-et-design-interieur\/renovation-durable-comment-allier-esthetique-et-ecologie\/#primaryimage\",\"url\":\"https:\/\/maison-du-midi.fr\/blog\/wp-content\/uploads\/2024\/12\/Renovation-durable-comment-allier-esthetique-et-ecologie-1.png\",\"contentUrl\":\"https:\/\/maison-du-midi.fr\/blog\/wp-content\/uploads\/2024\/12\/Renovation-durable-comment-allier-esthetique-et-ecologie-1.png\",\"width\":1344,\"height\":768,\"caption\":\"d\u00e9couvrez comment r\u00e9ussir une r\u00e9novation durable en alliant esth\u00e9tique et \u00e9cologie. explorez des astuces, des mat\u00e9riaux \u00e9coresponsables et des id\u00e9es inspirantes pour transformer votre espace tout en pr\u00e9servant l'environnement.\"},{\"@type\":\"WebSite\",\"@id\":\"https:\/\/maison-du-midi.fr\/blog\/#website\",\"url\":\"https:\/\/maison-du-midi.fr\/blog\/\",\"name\":\"maison-du-midi.fr\",\"description\":\"Maison du Midi, l&#039;\u00e9l\u00e9gance du terroir\",\"publisher\":{\"@id\":\"https:\/\/maison-du-midi.fr\/blog\/#organization\"},\"alternateName\":\"Maison du Midi, l'\u00e9l\u00e9gance du terroir\",\"potentialAction\":[{\"@type\":\"SearchAction\",\"target\":{\"@type\":\"EntryPoint\",\"urlTemplate\":\"https:\/\/maison-du-midi.fr\/blog\/?s={search_term_string}\"},\"query-input\":{\"@type\":\"PropertyValueSpecification\",\"valueRequired\":true,\"valueName\":\"search_term_string\"}}],\"inLanguage\":\"fr-FR\"},{\"@type\":\"Organization\",\"@id\":\"https:\/\/maison-du-midi.fr\/blog\/#organization\",\"name\":\"Foretsensations.fr\",\"url\":\"https:\/\/maison-du-midi.fr\/blog\/\",\"logo\":{\"@type\":\"ImageObject\",\"inLanguage\":\"fr-FR\",\"@id\":\"https:\/\/maison-du-midi.fr\/blog\/#\/schema\/logo\/image\/\",\"url\":\"https:\/\/maison-du-midi.fr\/blog\/wp-content\/uploads\/2026\/07\/logo-auto.png\",\"contentUrl\":\"https:\/\/maison-du-midi.fr\/blog\/wp-content\/uploads\/2026\/07\/logo-auto.png\",\"width\":1024,\"height\":1024,\"caption\":\"Foretsensations.fr\"},\"image\":{\"@id\":\"https:\/\/maison-du-midi.fr\/blog\/#\/schema\/logo\/image\/\"}},{\"@type\":\"Person\",\"@id\":\"https:\/\/maison-du-midi.fr\/blog\/#\/schema\/person\/632dc32e00a031658ac4e9f14c273820\",\"name\":\"Julien P.\",\"image\":{\"@type\":\"ImageObject\",\"inLanguage\":\"fr-FR\",\"@id\":\"https:\/\/maison-du-midi.fr\/blog\/#\/schema\/person\/image\/\",\"url\":\"https:\/\/secure.gravatar.com\/avatar\/?s=96&d=mm&r=g\",\"contentUrl\":\"https:\/\/secure.gravatar.com\/avatar\/?s=96&d=mm&r=g\",\"caption\":\"Julien P.\"},\"description\":\"Bricoleur et jardinier dans l'\u00e2me, j'\u00e9cris sur la maison et ses ext\u00e9rieurs avec les mains dans le cambouis plus que dans les th\u00e9ories. Mon terrain couvre tout l'habitat : le potager et le jardin au fil des saisons, mais aussi les petits travaux, la r\u00e9novation, le bricolage et les m\u00e9tiers du b\u00e2timent \u2014 toiture, isolation, menuiserie, serrurerie, ma\u00e7onnerie. J'aime expliquer un geste technique simplement, donner des fourchettes de prix r\u00e9alistes et les bons crit\u00e8res pour choisir un mat\u00e9riau ou un artisan. Je teste ce que je peux sur mes propres chantiers et au jardin avant d'en parler, je distingue la tradition de ce que confirme l'observation, et je pr\u00e9cise toujours le contexte \u2014 climat, type de sol, configuration du logement \u2014 parce qu'un m\u00eame conseil ne vaut pas partout. Mon but : rendre l'entretien et l'am\u00e9lioration de la maison accessibles, durables et \u00e9conomes.\",\"url\":\"https:\/\/maison-du-midi.fr\/blog\/auteur\/julien-p\/\",\"jobTitle\":\"R\u00e9dacteur en chef \u00b7 Maison, Jardin & Travaux\",\"knowsAbout\":[\"Maison\",\"Jardin\",\"Travaux\"],\"email\":\"julien.p@endirectdupotager.fr\"}]}<\/script>\n<!-- \/ Yoast SEO Premium plugin. -->","yoast_head_json":{"title":"\u00c9co-r\u00e9novation : L'art de marier beaut\u00e9 et durabilit\u00e9","description":"Mat\u00e9riaux \u00e9co-responsables, \u00e9conomies d'\u00e9nergie, design : d\u00e9couvrez comment allier esth\u00e9tique et \u00e9cologie dans une r\u00e9novation durable.","robots":{"index":"index","follow":"follow","max-snippet":"max-snippet:-1","max-image-preview":"max-image-preview:large","max-video-preview":"max-video-preview:-1"},"canonical":"https:\/\/maison-du-midi.fr\/blog\/decoration-et-design-interieur\/renovation-durable-comment-allier-esthetique-et-ecologie\/","og_locale":"fr_FR","og_type":"article","og_title":"\u00c9co-r\u00e9novation : L'art de marier beaut\u00e9 et durabilit\u00e9","og_description":"Mat\u00e9riaux \u00e9co-responsables, \u00e9conomies d'\u00e9nergie, design : d\u00e9couvrez comment allier esth\u00e9tique et \u00e9cologie dans une r\u00e9novation durable.","og_url":"https:\/\/maison-du-midi.fr\/blog\/decoration-et-design-interieur\/renovation-durable-comment-allier-esthetique-et-ecologie\/","og_site_name":"maison-du-midi","og_image":[{"url":"https:\/\/maison-du-midi.fr\/blog\/wp-content\/uploads\/2024\/12\/Renovation-durable-comment-allier-esthetique-et-ecologie-1.png","width":1200,"height":686,"type":"image\/png"}],"author":"Julien P.","twitter_card":"summary_large_image","schema":{"@context":"https:\/\/schema.org","@graph":[{"@type":"NewsArticle","@id":"https:\/\/maison-du-midi.fr\/blog\/decoration-et-design-interieur\/renovation-durable-comment-allier-esthetique-et-ecologie\/#article","isPartOf":{"@id":"https:\/\/maison-du-midi.fr\/blog\/decoration-et-design-interieur\/renovation-durable-comment-allier-esthetique-et-ecologie\/"},"author":{"name":"Julien P.","@id":"https:\/\/maison-du-midi.fr\/blog\/#\/schema\/person\/632dc32e00a031658ac4e9f14c273820"},"headline":"R\u00e9novation durable : comment allier esth\u00e9tique et \u00e9cologie","datePublished":"2024-12-18T07:27:27+00:00","mainEntityOfPage":{"@id":"https:\/\/maison-du-midi.fr\/blog\/decoration-et-design-interieur\/renovation-durable-comment-allier-esthetique-et-ecologie\/"},"wordCount":2000,"commentCount":0,"publisher":{"@id":"https:\/\/maison-du-midi.fr\/blog\/#organization"},"image":{"@id":"https:\/\/maison-du-midi.fr\/blog\/decoration-et-design-interieur\/renovation-durable-comment-allier-esthetique-et-ecologie\/#primaryimage"},"thumbnailUrl":"https:\/\/maison-du-midi.fr\/blog\/wp-content\/uploads\/2024\/12\/Renovation-durable-comment-allier-esthetique-et-ecologie-1.png","articleSection":["D\u00e9coration et Design Int\u00e9rieur"],"inLanguage":"fr-FR","potentialAction":[{"@type":"CommentAction","name":"Comment","target":["https:\/\/maison-du-midi.fr\/blog\/decoration-et-design-interieur\/renovation-durable-comment-allier-esthetique-et-ecologie\/#respond"]}]},{"@type":"WebPage","@id":"https:\/\/maison-du-midi.fr\/blog\/decoration-et-design-interieur\/renovation-durable-comment-allier-esthetique-et-ecologie\/","url":"https:\/\/maison-du-midi.fr\/blog\/decoration-et-design-interieur\/renovation-durable-comment-allier-esthetique-et-ecologie\/","name":"\u00c9co-r\u00e9novation : L'art de marier beaut\u00e9 et durabilit\u00e9","isPartOf":{"@id":"https:\/\/maison-du-midi.fr\/blog\/#website"},"primaryImageOfPage":{"@id":"https:\/\/maison-du-midi.fr\/blog\/decoration-et-design-interieur\/renovation-durable-comment-allier-esthetique-et-ecologie\/#primaryimage"},"image":{"@id":"https:\/\/maison-du-midi.fr\/blog\/decoration-et-design-interieur\/renovation-durable-comment-allier-esthetique-et-ecologie\/#primaryimage"},"thumbnailUrl":"https:\/\/maison-du-midi.fr\/blog\/wp-content\/uploads\/2024\/12\/Renovation-durable-comment-allier-esthetique-et-ecologie-1.png","datePublished":"2024-12-18T07:27:27+00:00","description":"Mat\u00e9riaux \u00e9co-responsables, \u00e9conomies d'\u00e9nergie, design : d\u00e9couvrez comment allier esth\u00e9tique et \u00e9cologie dans une r\u00e9novation durable.","inLanguage":"fr-FR","potentialAction":[{"@type":"ReadAction","target":["https:\/\/maison-du-midi.fr\/blog\/decoration-et-design-interieur\/renovation-durable-comment-allier-esthetique-et-ecologie\/"]}]},{"@type":"ImageObject","inLanguage":"fr-FR","@id":"https:\/\/maison-du-midi.fr\/blog\/decoration-et-design-interieur\/renovation-durable-comment-allier-esthetique-et-ecologie\/#primaryimage","url":"https:\/\/maison-du-midi.fr\/blog\/wp-content\/uploads\/2024\/12\/Renovation-durable-comment-allier-esthetique-et-ecologie-1.png","contentUrl":"https:\/\/maison-du-midi.fr\/blog\/wp-content\/uploads\/2024\/12\/Renovation-durable-comment-allier-esthetique-et-ecologie-1.png","width":1344,"height":768,"caption":"d\u00e9couvrez comment r\u00e9ussir une r\u00e9novation durable en alliant esth\u00e9tique et \u00e9cologie. explorez des astuces, des mat\u00e9riaux \u00e9coresponsables et des id\u00e9es inspirantes pour transformer votre espace tout en pr\u00e9servant l'environnement."},{"@type":"WebSite","@id":"https:\/\/maison-du-midi.fr\/blog\/#website","url":"https:\/\/maison-du-midi.fr\/blog\/","name":"maison-du-midi.fr","description":"Maison du Midi, l&#039;\u00e9l\u00e9gance du terroir","publisher":{"@id":"https:\/\/maison-du-midi.fr\/blog\/#organization"},"alternateName":"Maison du Midi, l'\u00e9l\u00e9gance du terroir","potentialAction":[{"@type":"SearchAction","target":{"@type":"EntryPoint","urlTemplate":"https:\/\/maison-du-midi.fr\/blog\/?s={search_term_string}"},"query-input":{"@type":"PropertyValueSpecification","valueRequired":true,"valueName":"search_term_string"}}],"inLanguage":"fr-FR"},{"@type":"Organization","@id":"https:\/\/maison-du-midi.fr\/blog\/#organization","name":"Foretsensations.fr","url":"https:\/\/maison-du-midi.fr\/blog\/","logo":{"@type":"ImageObject","inLanguage":"fr-FR","@id":"https:\/\/maison-du-midi.fr\/blog\/#\/schema\/logo\/image\/","url":"https:\/\/maison-du-midi.fr\/blog\/wp-content\/uploads\/2026\/07\/logo-auto.png","contentUrl":"https:\/\/maison-du-midi.fr\/blog\/wp-content\/uploads\/2026\/07\/logo-auto.png","width":1024,"height":1024,"caption":"Foretsensations.fr"},"image":{"@id":"https:\/\/maison-du-midi.fr\/blog\/#\/schema\/logo\/image\/"}},{"@type":"Person","@id":"https:\/\/maison-du-midi.fr\/blog\/#\/schema\/person\/632dc32e00a031658ac4e9f14c273820","name":"Julien P.","image":{"@type":"ImageObject","inLanguage":"fr-FR","@id":"https:\/\/maison-du-midi.fr\/blog\/#\/schema\/person\/image\/","url":"https:\/\/secure.gravatar.com\/avatar\/?s=96&d=mm&r=g","contentUrl":"https:\/\/secure.gravatar.com\/avatar\/?s=96&d=mm&r=g","caption":"Julien P."},"description":"Bricoleur et jardinier dans l'\u00e2me, j'\u00e9cris sur la maison et ses ext\u00e9rieurs avec les mains dans le cambouis plus que dans les th\u00e9ories. Mon terrain couvre tout l'habitat : le potager et le jardin au fil des saisons, mais aussi les petits travaux, la r\u00e9novation, le bricolage et les m\u00e9tiers du b\u00e2timent \u2014 toiture, isolation, menuiserie, serrurerie, ma\u00e7onnerie. J'aime expliquer un geste technique simplement, donner des fourchettes de prix r\u00e9alistes et les bons crit\u00e8res pour choisir un mat\u00e9riau ou un artisan. Je teste ce que je peux sur mes propres chantiers et au jardin avant d'en parler, je distingue la tradition de ce que confirme l'observation, et je pr\u00e9cise toujours le contexte \u2014 climat, type de sol, configuration du logement \u2014 parce qu'un m\u00eame conseil ne vaut pas partout. Mon but : rendre l'entretien et l'am\u00e9lioration de la maison accessibles, durables et \u00e9conomes.","url":"https:\/\/maison-du-midi.fr\/blog\/auteur\/julien-p\/","jobTitle":"R\u00e9dacteur en chef \u00b7 Maison, Jardin & Travaux","knowsAbout":["Maison","Jardin","Travaux"],"email":"julien.p@endirectdupotager.fr"}]}},"_links":{"self":[{"href":"https:\/\/maison-du-midi.fr\/blog\/wp-json\/wp\/v2\/posts\/7352","targetHints":{"allow":["GET"]}}],"collection":[{"href":"https:\/\/maison-du-midi.fr\/blog\/wp-json\/wp\/v2\/posts"}],"about":[{"href":"https:\/\/maison-du-midi.fr\/blog\/wp-json\/wp\/v2\/types\/post"}],"author":[{"embeddable":true,"href":"https:\/\/maison-du-midi.fr\/blog\/wp-json\/wp\/v2\/users\/40"}],"replies":[{"embeddable":true,"href":"https:\/\/maison-du-midi.fr\/blog\/wp-json\/wp\/v2\/comments?post=7352"}],"version-history":[{"count":0,"href":"https:\/\/maison-du-midi.fr\/blog\/wp-json\/wp\/v2\/posts\/7352\/revisions"}],"wp:featuredmedia":[{"embeddable":true,"href":"https:\/\/maison-du-midi.fr\/blog\/wp-json\/wp\/v2\/media\/7353"}],"wp:attachment":[{"href":"https:\/\/maison-du-midi.fr\/blog\/wp-json\/wp\/v2\/media?parent=7352"}],"wp:term":[{"taxonomy":"category","embeddable":true,"href":"https:\/\/maison-du-midi.fr\/blog\/wp-json\/wp\/v2\/categories?post=7352"},{"taxonomy":"post_tag","embeddable":true,"href":"https:\/\/maison-du-midi.fr\/blog\/wp-json\/wp\/v2\/tags?post=7352"}],"curies":[{"name":"wp","href":"https:\/\/api.w.org\/{rel}","templated":true}]}}