{"id":7442,"date":"2025-07-21T15:40:22","date_gmt":"2025-07-21T13:40:22","guid":{"rendered":"https:\/\/maison-du-midi.fr\/blog\/?p=7442"},"modified":"2025-06-25T15:46:34","modified_gmt":"2025-06-25T13:46:34","slug":"visite-guidee-de-nos-showrooms-de-rixheim-et-cannes","status":"publish","type":"post","link":"https:\/\/maison-du-midi.fr\/blog\/a-la-une\/visite-guidee-de-nos-showrooms-de-rixheim-et-cannes\/","title":{"rendered":"Visite guid\u00e9e de nos showrooms de Rixheim et Cannes"},"content":{"rendered":"<p>Nous vous invitons \u00e0 vivre une <strong>exp\u00e9rience guid\u00e9e unique<\/strong>, o\u00f9 chaque espace raconte une histoire, suscite l\u2019inspiration et vous accompagne dans la concr\u00e9tisation de vos projets. Entre conseils avis\u00e9s, sc\u00e9nographies immersives et d\u00e9couvertes personnalis\u00e9es, laissez-vous guider pas \u00e0 pas dans nos showrooms, sources de <u>d\u00e9couverte<\/u> et de <u>cr\u00e9ativit\u00e9<\/u> pour tous vos futurs am\u00e9nagements.<\/p>\n<h2>Explorez des univers exceptionnels au rendez-vous<\/h2>\n<p>Nos <strong>showrooms Rixheim Cannes<\/strong> incarnent bien plus que de simples lieux d\u2019exposition : ils sont la synth\u00e8se de notre <u>philosophie<\/u>. \u00c0 Rixheim, tradition et <strong>innovation<\/strong> se conjuguent pour offrir un parcours m\u00ealant <u>patrimoine local<\/u> et technologies de pointe. \u00c0 Cannes, nous misons sur la <strong>sophistication<\/strong> et la cr\u00e9ativit\u00e9, en plein c\u0153ur d\u2019un <u>circuit touristique<\/u> d\u2019exception, pour \u00e9merveiller une client\u00e8le exigeante. Ces deux environnements se compl\u00e8tent, vous invitant \u00e0 une <strong>exploration culturelle<\/strong> ou design, guid\u00e9e par nos experts et adapt\u00e9e \u00e0 votre rythme. Notre ambition ? Faire de chaque visite un moment d\u2019apprentissage, de partage et d\u2019inspiration, pour transformer ensemble vos aspirations en projets concrets.<\/p>\n<ul>\n<li><strong>Innovation<\/strong> et cr\u00e9ativit\u00e9 au service de vos envies<\/li>\n<li><u>Expertise locale<\/u> et accompagnement sur-mesure<\/li>\n<li>Ambiances immersives et sc\u00e9nographies diff\u00e9renciantes<\/li>\n<li><strong>Visite comment\u00e9e gratuite<\/strong> et conseils personnalis\u00e9s tout au long du parcours<\/li>\n<\/ul>\n<h2>Un parcours unique \u00e0 Rixheim<\/h2>\n<p>Le showroom de <strong>Rixheim<\/strong>, id\u00e9alement situ\u00e9 dans une r\u00e9gion riche en <u>patrimoine culturel<\/u>, s\u2019impose comme une \u00e9tape incontournable pour toute <strong>visite guid\u00e9e Rixheim<\/strong>. Son emplacement strat\u00e9gique, \u00e0 proximit\u00e9 de Mulhouse et des principaux axes alsaciens, facilite l\u2019acc\u00e8s \u00e0 une client\u00e8le locale et internationale. D\u00e8s l\u2019entr\u00e9e, l\u2019ambiance chaleureuse et le soin apport\u00e9 \u00e0 la pr\u00e9sentation des collections invitent \u00e0 une exploration approfondie, alternant entre espaces historiques et zones d\u00e9di\u00e9es \u00e0 la <u>modernit\u00e9<\/u>. Vous y d\u00e9couvrirez nos gammes phares autour de l\u2019am\u00e9nagement int\u00e9rieur, de la d\u00e9coration et du design, port\u00e9es par des services personnalis\u00e9s et des outils digitaux innovants.<\/p>\n<h3>Ambiance et atmosph\u00e8re \u00e0 d\u00e9couvrir<\/h3>\n<p>L\u2019architecture du showroom de Rixheim m\u00eale authenticit\u00e9 et lignes contemporaines. Cette alliance cr\u00e9e une <u>sc\u00e9nographie immersive<\/u> o\u00f9 chaque zone d\u00e9voile une th\u00e9matique distincte : valorisation de mat\u00e9riaux nobles, jeux de lumi\u00e8re, parcours interactifs et espaces modulables. Le visiteur est invit\u00e9 \u00e0 vivre une v\u00e9ritable <strong>exp\u00e9rience sensorielle<\/strong>, marqu\u00e9e par la richesse des textures, le confort acoustique, et des touches olfactives discr\u00e8tes. Nos guides ponctuent la d\u00e9couverte d\u2019anecdotes sur l\u2019histoire du lieu, notamment lors d\u2019\u00e9v\u00e8nements tels que les <strong>Journ\u00e9es Europ\u00e9ennes du Patrimoine<\/strong>. Cette atmosph\u00e8re propice \u00e0 la r\u00e9flexion et \u00e0 l\u2019inspiration fait de Rixheim un site o\u00f9 la m\u00e9moire et l\u2019innovation s\u2019entrelacent.<\/p>\n<h3>Produits et services exclusifs<\/h3>\n<p>\u00c0 <strong>Rixheim<\/strong>, nous mettons \u00e0 l\u2019honneur une s\u00e9lection pointue de collections : mobilier design, luminaires, solutions d\u2019agencement sur-mesure, mat\u00e9riaux innovants et accessoires exclusifs. Nos visiteurs b\u00e9n\u00e9ficient d\u2019un accompagnement personnalis\u00e9 :<\/p>\n<ul>\n<li>Conseils d\u2019experts en <u>architecture d\u2019int\u00e9rieur<\/u><\/li>\n<li>Outils digitaux pour la visualisation 3D de vos projets<\/li>\n<li>Cr\u00e9ation de sc\u00e9narios d\u2019am\u00e9nagement modulables<\/li>\n<li>Ateliers cr\u00e9atifs et <strong>visites priv\u00e9es<\/strong> sur r\u00e9servation<\/li>\n<li>Service de <u>circuit sur mesure<\/u> selon vos besoins (particuliers, professionnels, groupes, familles)<\/li>\n<\/ul>\n<p>Notre \u00e9quipe vous guide \u00e0 chaque \u00e9tape, du conseil initial \u00e0 la concr\u00e9tisation de votre projet, dans une d\u00e9marche participative et collaborative.<\/p>\n<h2>\u00c9vasion cr\u00e9ative \u00e0 Cannes<\/h2>\n<p>Le showroom de <strong>Cannes<\/strong> incarne l\u2019esprit de la C\u00f4te d\u2019Azur : luxe discret, modernit\u00e9 et diversit\u00e9 des styles. Situ\u00e9 \u00e0 quelques pas de la <u>promenade sur la Croisette<\/u>, entre le Palais des Festivals et le quartier du Suquet, ce lieu offre une parenth\u00e8se raffin\u00e9e pour toute <strong>visite guid\u00e9e Cannes<\/strong>. Sa vocation est d\u2019ouvrir \u00e0 ses visiteurs les portes de la cr\u00e9ation contemporaine, en faisant la part belle aux derni\u00e8res tendances et \u00e0 la personnalisation haut de gamme. Nos experts vous accueillent pour une immersion compl\u00e8te, rythm\u00e9e par des rencontres, des collaborations et des d\u00e9couvertes uniques.<\/p>\n<h3>Un cadre inspirant au c\u0153ur de la C\u00f4te d\u2019Azur<\/h3>\n<p>Int\u00e9gr\u00e9 dans un quartier embl\u00e9matique de Cannes, le showroom s\u2019inspire du dynamisme local et s\u2019inscrit pleinement dans le <u>circuit touristique<\/u> de la ville. La proximit\u00e9 avec les <strong>plages dor\u00e9es de Cannes<\/strong> et la renomm\u00e9e internationale du secteur renforcent la dimension prestigieuse du lieu. L\u2019atmosph\u00e8re y est \u00e0 la fois \u00e9l\u00e9gante et conviviale, port\u00e9e par une architecture contemporaine mettant en valeur la lumi\u00e8re naturelle, des espaces ouverts sur l\u2019ext\u00e9rieur, et une sc\u00e9nographie sobre mais percutante. Cette <u>exp\u00e9rience conviviale<\/u> favorise la rencontre et la cr\u00e9ation, et suscite des \u00e9motions durables chez chaque visiteur.<\/p>\n<h3>Collections et innovations \u00e0 la une<\/h3>\n<p>\u00c0 Cannes, vous d\u00e9couvrirez une s\u00e9lection exclusive de mobilier et accessoires : pi\u00e8ces de design embl\u00e9matiques, cr\u00e9ations d\u2019artisans locaux, nouveaut\u00e9s internationales et \u00e9ditions limit\u00e9es, \u00e0 l\u2019exemple de la Charles Cameron Interior Gallery ou de studios inspir\u00e9s du lifestyle allemand. L\u2019offre \u00e9volue au fil de l\u2019ann\u00e9e avec :<\/p>\n<ul>\n<li>Collections temporaires et <u>collaborations avec des designers renomm\u00e9s<\/u><\/li>\n<li>Expositions sp\u00e9ciales lors d\u2019\u00e9v\u00e8nements comme le Festival de Cannes<\/li>\n<li>Conseil personnalis\u00e9 en <strong>am\u00e9nagement int\u00e9rieur<\/strong> et d\u00e9coration<\/li>\n<li>Services de <u>visite comment\u00e9e gratuite<\/u> et accompagnement premium<\/li>\n<li>Ateliers th\u00e9matiques et d\u00e9monstrations de savoir-faire<\/li>\n<\/ul>\n<p>Ce showroom se distingue \u00e9galement par la diversit\u00e9 de ses services : visualisation 3D, conseil \u00e0 distance, et privatisation d\u2019espaces pour des rencontres professionnelles.<\/p>\n<h2>L\u2019exp\u00e9rience client au centre de chaque visite<\/h2>\n<p>Que ce soit \u00e0 <strong>Rixheim<\/strong> ou \u00e0 <strong>Cannes<\/strong>, notre priorit\u00e9 reste la qualit\u00e9 de <u>l\u2019exp\u00e9rience client<\/u>. D\u00e8s votre arriv\u00e9e, un guide professionnel d\u00e9di\u00e9 construit avec vous un parcours personnalis\u00e9, en identifiant vos besoins, vos attentes et vos inspirations. L\u2019accompagnement se distingue par :<\/p>\n<ul>\n<li>Des conseils avis\u00e9s ancr\u00e9s dans une <u>expertise locale<\/u><\/li>\n<li>Des <strong>visites priv\u00e9es<\/strong> ou partag\u00e9es, modulables selon vos contraintes<\/li>\n<li>L\u2019int\u00e9gration d\u2019outils digitaux pour enrichir la d\u00e9couverte (plans interactifs, visualisation de sc\u00e9narios, catalogue en ligne)<\/li>\n<li>Des ateliers cr\u00e9atifs pour approfondir vos choix<\/li>\n<li>Un suivi et un retour d\u2019exp\u00e9rience apr\u00e8s votre visite<\/li>\n<\/ul>\n<p>Nous misons sur une <strong>relation de confiance<\/strong>, illustr\u00e9e par des retours positifs et de nombreux t\u00e9moignages de clients ayant trouv\u00e9, lors de leur visite, le juste \u00e9quilibre entre <u>conseil humain<\/u> et technologie. Notre d\u00e9marche vise \u00e0 transformer chaque passage en showroom en une <strong>exp\u00e9rience immersive<\/strong> et individualis\u00e9e, gage de satisfaction et de fid\u00e9lit\u00e9.<\/p>\n<h2>Tableau comparatif : Rixheim vs Cannes, deux exp\u00e9riences compl\u00e9mentaires<\/h2>\n<table border=\"1\" cellspacing=\"0\" cellpadding=\"6\">\n<tbody>\n<tr>\n<th>Crit\u00e8re<\/th>\n<th>Showroom Rixheim<\/th>\n<th>Showroom Cannes<\/th>\n<\/tr>\n<tr>\n<td><strong>Localisation<\/strong><\/td>\n<td>Alsace, \u00e0 proximit\u00e9 de Mulhouse, acc\u00e8s facile<\/td>\n<td>Centre de Cannes, proche Croisette, quartier du Suquet<\/td>\n<\/tr>\n<tr>\n<td><strong>Ambiance<\/strong><\/td>\n<td>Alliance du patrimoine et de la modernit\u00e9<\/td>\n<td>Luxe, sophistication, esprit C\u00f4te d\u2019Azur<\/td>\n<\/tr>\n<tr>\n<td><strong>Collections phares<\/strong><\/td>\n<td>Mobilier design, mat\u00e9riaux novateurs, focus patrimoine<\/td>\n<td>Design contemporain, \u00e9ditions limit\u00e9es, collaborations<\/td>\n<\/tr>\n<tr>\n<td><strong>Services<\/strong><\/td>\n<td>Visites guid\u00e9es, ateliers, sc\u00e9nographies historiques<\/td>\n<td>Conseil haut de gamme, ateliers, expositions temporaires<\/td>\n<\/tr>\n<tr>\n<td><strong>Type de client\u00e8le<\/strong><\/td>\n<td>Locaux, groupes patrimoniaux, amateurs d\u2019histoire<\/td>\n<td>Internationale, design lovers, client\u00e8le exigeante<\/td>\n<\/tr>\n<\/tbody>\n<\/table>\n<h2>Pratique : infos et acc\u00e8s<\/h2>\n<p>Pour organiser votre <strong>visite guid\u00e9e Rixheim<\/strong> ou <strong>visite guid\u00e9e Cannes<\/strong>, voici les informations essentielles :<\/p>\n<ul>\n<li><strong>Adresse Rixheim :<\/strong> (\u00e0 compl\u00e9ter selon le site de la marque)<\/li>\n<li><strong>Adresse Cannes :<\/strong> 14 Rue des \u00c9tats-Unis, 06400 Cannes<\/li>\n<li><strong>Horaires :<\/strong> du lundi au samedi, 10h-18h (sur rendez-vous pour les groupes et visites priv\u00e9es)<\/li>\n<li><strong>Acc\u00e8s :<\/strong> parkings \u00e0 proximit\u00e9, accessibilit\u00e9 PMR, transports en commun directs<\/li>\n<li><strong>R\u00e9servations :<\/strong> via notre formulaire en ligne ou par t\u00e9l\u00e9phone. Pour une visite personnalis\u00e9e ou privatis\u00e9e, nous vous recommandons de r\u00e9server \u00e0 l\u2019avance.<\/li>\n<li><strong>Visite comment\u00e9e gratuite<\/strong> : possibilit\u00e9 selon cr\u00e9neaux, ateliers payants sur demande<\/li>\n<li><strong>Contact :<\/strong> \u00e9quipe d\u2019accueil d\u00e9di\u00e9e \u00e0 chaque showroom, accompagnement multilingue possible<\/li>\n<li><strong>Dur\u00e9e moyenne d\u2019une visite guid\u00e9e<\/strong> : 1h \u00e0 1h30<\/li>\n<\/ul>\n<p>Vous pouvez retrouver toutes ces informations, acc\u00e9der \u00e0 la visite virtuelle ou r\u00e9server directement votre cr\u00e9neau en cliquant <a href=\"https:\/\/www.nimeastudio.fr\/\" target=\"_blank\" rel=\"noopener\">ici<\/a>.<\/p>\n<h2>Conclusion : pr\u00eat \u00e0 vivre l&rsquo;exp\u00e9rience ?<\/h2>\n<p>Offrez-vous une <strong>exp\u00e9rience guid\u00e9e unique<\/strong> au sein de nos deux sites d\u2019exception. La <u>visite comment\u00e9e gratuite<\/u> vous permet de d\u00e9couvrir, \u00e0 votre rythme, les secrets de la cr\u00e9ation design et du patrimoine, tout en profitant de nos conseils sur-mesure. Nos guides passionn\u00e9s vous accompagnent pour un <u>circuit immersif<\/u> riche en anecdotes, en d\u00e9couvertes et en inspirations. Que vous soyez professionnel, amateur \u00e9clair\u00e9 ou simple curieux, nos <strong>showrooms Rixheim Cannes<\/strong> n\u2019attendent que vous. R\u00e9servez d\u00e8s maintenant votre visite et laissez-vous porter par une exp\u00e9rience o\u00f9 l\u2019humain, l\u2019innovation et l\u2019excellence sont toujours au rendez-vous.<\/p>\n","protected":false},"excerpt":{"rendered":"","protected":false},"author":34,"featured_media":7447,"comment_status":"open","ping_status":"open","sticky":false,"template":"","format":"standard","meta":{"_acf_changed":false,"manual_indexmenow":false,"indexmenow_id_project":0,"footnotes":""},"categories":[1],"tags":[],"class_list":["post-7442","post","type-post","status-publish","format-standard","has-post-thumbnail","hentry","category-a-la-une","generate-columns","tablet-grid-50","mobile-grid-100","grid-parent","grid-25"],"acf":[],"yoast_head":"<!-- This site is optimized with the Yoast SEO Premium plugin v21.3 (Yoast SEO v26.5) - https:\/\/yoast.com\/wordpress\/plugins\/seo\/ -->\n<title>Showrooms Rixheim et Cannes : visite guid\u00e9e<\/title>\n<meta name=\"description\" content=\"Inspirations, conseils et produits : d\u00e9couvrez la visite guid\u00e9e de nos showrooms de Rixheim et Cannes pour concr\u00e9tiser vos projets d&#039;am\u00e9nagement.\" \/>\n<meta name=\"robots\" content=\"index, follow, max-snippet:-1, max-image-preview:large, max-video-preview:-1\" \/>\n<link rel=\"canonical\" href=\"https:\/\/maison-du-midi.fr\/blog\/a-la-une\/visite-guidee-de-nos-showrooms-de-rixheim-et-cannes\/\" \/>\n<meta property=\"og:locale\" content=\"fr_FR\" \/>\n<meta property=\"og:type\" content=\"article\" \/>\n<meta property=\"og:title\" content=\"Showrooms Rixheim et Cannes : visite guid\u00e9e\" \/>\n<meta property=\"og:description\" content=\"Inspirations, conseils et produits : d\u00e9couvrez la visite guid\u00e9e de nos showrooms de Rixheim et Cannes pour concr\u00e9tiser vos projets d&#039;am\u00e9nagement.\" \/>\n<meta property=\"og:url\" content=\"https:\/\/maison-du-midi.fr\/blog\/a-la-une\/visite-guidee-de-nos-showrooms-de-rixheim-et-cannes\/\" \/>\n<meta property=\"og:site_name\" content=\"maison-du-midi\" \/>\n<meta property=\"og:image\" content=\"https:\/\/maison-du-midi.fr\/blog\/wp-content\/uploads\/2025\/07\/sdxl-b6a4fd89f8b67fffb1e2e86069e745d2-scaled.png\" \/>\n\t<meta property=\"og:image:width\" content=\"1200\" \/>\n\t<meta property=\"og:image:height\" content=\"500\" \/>\n\t<meta property=\"og:image:type\" content=\"image\/png\" \/>\n<meta name=\"author\" content=\"Marie D.\" \/>\n<meta name=\"twitter:card\" content=\"summary_large_image\" \/>\n<script type=\"application\/ld+json\" class=\"yoast-schema-graph\">{\"@context\":\"https:\/\/schema.org\",\"@graph\":[{\"@type\":\"NewsArticle\",\"@id\":\"https:\/\/maison-du-midi.fr\/blog\/a-la-une\/visite-guidee-de-nos-showrooms-de-rixheim-et-cannes\/#article\",\"isPartOf\":{\"@id\":\"https:\/\/maison-du-midi.fr\/blog\/a-la-une\/visite-guidee-de-nos-showrooms-de-rixheim-et-cannes\/\"},\"author\":{\"name\":\"Marie D.\",\"@id\":\"https:\/\/maison-du-midi.fr\/blog\/#\/schema\/person\/3c864cdc320801e3db34b663e7e3f816\"},\"headline\":\"Visite guid\u00e9e de nos showrooms de Rixheim et Cannes\",\"datePublished\":\"2025-07-21T13:40:22+00:00\",\"mainEntityOfPage\":{\"@id\":\"https:\/\/maison-du-midi.fr\/blog\/a-la-une\/visite-guidee-de-nos-showrooms-de-rixheim-et-cannes\/\"},\"wordCount\":1458,\"commentCount\":0,\"publisher\":{\"@id\":\"https:\/\/maison-du-midi.fr\/blog\/#organization\"},\"image\":{\"@id\":\"https:\/\/maison-du-midi.fr\/blog\/a-la-une\/visite-guidee-de-nos-showrooms-de-rixheim-et-cannes\/#primaryimage\"},\"thumbnailUrl\":\"https:\/\/maison-du-midi.fr\/blog\/wp-content\/uploads\/2025\/07\/sdxl-b6a4fd89f8b67fffb1e2e86069e745d2-scaled.png\",\"articleSection\":[\"\u00c0 la une\"],\"inLanguage\":\"fr-FR\",\"potentialAction\":[{\"@type\":\"CommentAction\",\"name\":\"Comment\",\"target\":[\"https:\/\/maison-du-midi.fr\/blog\/a-la-une\/visite-guidee-de-nos-showrooms-de-rixheim-et-cannes\/#respond\"]}]},{\"@type\":\"WebPage\",\"@id\":\"https:\/\/maison-du-midi.fr\/blog\/a-la-une\/visite-guidee-de-nos-showrooms-de-rixheim-et-cannes\/\",\"url\":\"https:\/\/maison-du-midi.fr\/blog\/a-la-une\/visite-guidee-de-nos-showrooms-de-rixheim-et-cannes\/\",\"name\":\"Showrooms Rixheim et Cannes : visite guid\u00e9e\",\"isPartOf\":{\"@id\":\"https:\/\/maison-du-midi.fr\/blog\/#website\"},\"primaryImageOfPage\":{\"@id\":\"https:\/\/maison-du-midi.fr\/blog\/a-la-une\/visite-guidee-de-nos-showrooms-de-rixheim-et-cannes\/#primaryimage\"},\"image\":{\"@id\":\"https:\/\/maison-du-midi.fr\/blog\/a-la-une\/visite-guidee-de-nos-showrooms-de-rixheim-et-cannes\/#primaryimage\"},\"thumbnailUrl\":\"https:\/\/maison-du-midi.fr\/blog\/wp-content\/uploads\/2025\/07\/sdxl-b6a4fd89f8b67fffb1e2e86069e745d2-scaled.png\",\"datePublished\":\"2025-07-21T13:40:22+00:00\",\"description\":\"Inspirations, conseils et produits : d\u00e9couvrez la visite guid\u00e9e de nos showrooms de Rixheim et Cannes pour concr\u00e9tiser vos projets d'am\u00e9nagement.\",\"inLanguage\":\"fr-FR\",\"potentialAction\":[{\"@type\":\"ReadAction\",\"target\":[\"https:\/\/maison-du-midi.fr\/blog\/a-la-une\/visite-guidee-de-nos-showrooms-de-rixheim-et-cannes\/\"]}]},{\"@type\":\"ImageObject\",\"inLanguage\":\"fr-FR\",\"@id\":\"https:\/\/maison-du-midi.fr\/blog\/a-la-une\/visite-guidee-de-nos-showrooms-de-rixheim-et-cannes\/#primaryimage\",\"url\":\"https:\/\/maison-du-midi.fr\/blog\/wp-content\/uploads\/2025\/07\/sdxl-b6a4fd89f8b67fffb1e2e86069e745d2-scaled.png\",\"contentUrl\":\"https:\/\/maison-du-midi.fr\/blog\/wp-content\/uploads\/2025\/07\/sdxl-b6a4fd89f8b67fffb1e2e86069e745d2-scaled.png\",\"width\":1200,\"height\":500},{\"@type\":\"WebSite\",\"@id\":\"https:\/\/maison-du-midi.fr\/blog\/#website\",\"url\":\"https:\/\/maison-du-midi.fr\/blog\/\",\"name\":\"maison-du-midi.fr\",\"description\":\"Maison du Midi, l&#039;\u00e9l\u00e9gance du terroir\",\"publisher\":{\"@id\":\"https:\/\/maison-du-midi.fr\/blog\/#organization\"},\"alternateName\":\"Maison du Midi, l'\u00e9l\u00e9gance du terroir\",\"potentialAction\":[{\"@type\":\"SearchAction\",\"target\":{\"@type\":\"EntryPoint\",\"urlTemplate\":\"https:\/\/maison-du-midi.fr\/blog\/?s={search_term_string}\"},\"query-input\":{\"@type\":\"PropertyValueSpecification\",\"valueRequired\":true,\"valueName\":\"search_term_string\"}}],\"inLanguage\":\"fr-FR\"},{\"@type\":\"Organization\",\"@id\":\"https:\/\/maison-du-midi.fr\/blog\/#organization\",\"name\":\"Foretsensations.fr\",\"url\":\"https:\/\/maison-du-midi.fr\/blog\/\",\"logo\":{\"@type\":\"ImageObject\",\"inLanguage\":\"fr-FR\",\"@id\":\"https:\/\/maison-du-midi.fr\/blog\/#\/schema\/logo\/image\/\",\"url\":\"https:\/\/maison-du-midi.fr\/blog\/wp-content\/uploads\/2026\/07\/logo-auto.png\",\"contentUrl\":\"https:\/\/maison-du-midi.fr\/blog\/wp-content\/uploads\/2026\/07\/logo-auto.png\",\"width\":1024,\"height\":1024,\"caption\":\"Foretsensations.fr\"},\"image\":{\"@id\":\"https:\/\/maison-du-midi.fr\/blog\/#\/schema\/logo\/image\/\"}},{\"@type\":\"Person\",\"@id\":\"https:\/\/maison-du-midi.fr\/blog\/#\/schema\/person\/3c864cdc320801e3db34b663e7e3f816\",\"name\":\"Marie D.\",\"image\":{\"@type\":\"ImageObject\",\"inLanguage\":\"fr-FR\",\"@id\":\"https:\/\/maison-du-midi.fr\/blog\/#\/schema\/person\/image\/\",\"url\":\"https:\/\/maison-du-midi.fr\/blog\/wp-content\/uploads\/2026\/06\/persona-marie-d-96x96.jpg\",\"contentUrl\":\"https:\/\/maison-du-midi.fr\/blog\/wp-content\/uploads\/2026\/06\/persona-marie-d-96x96.jpg\",\"caption\":\"Marie D.\"},\"description\":\"La d\u00e9coration d'int\u00e9rieur est mon univers depuis plus de dix ans, du conseil en agencement \u00e0 l'\u00e9criture \u00e9ditoriale. Je me consacre surtout \u00e0 l'am\u00e9nagement des pi\u00e8ces de vie : choix du canap\u00e9 selon l'espace et l'usage, harmonie des couleurs, circulation, lumi\u00e8re naturelle et petites astuces qui rendent un salon vraiment accueillant. J'aime traiter la d\u00e9co comme un sujet concret, avec des fourchettes de prix r\u00e9alistes et des crit\u00e8res mesurables plut\u00f4t que des effets de mode. Avant de recommander un meuble ou une mati\u00e8re, je compare les mod\u00e8les, je v\u00e9rifie l'entretien dans la dur\u00e9e et je pense au quotidien des familles, enfants et animaux compris. Mon angle : un int\u00e9rieur qui se vit, pas seulement qui se photographie. Je tiens \u00e0 ce que chaque conseil soit applicable, que l'on r\u00e9nove un studio ou que l'on meuble une grande maison.\",\"url\":\"https:\/\/maison-du-midi.fr\/blog\/auteur\/marie-d\/\",\"jobTitle\":\"R\u00e9dactrice en chef \u00b7 D\u00e9coration & Am\u00e9nagement\",\"knowsAbout\":[\"D\u00e9coration\",\"Am\u00e9nagement\"],\"email\":\"marie.d@salonstyle.fr\"}]}<\/script>\n<!-- \/ Yoast SEO Premium plugin. -->","yoast_head_json":{"title":"Showrooms Rixheim et Cannes : visite guid\u00e9e","description":"Inspirations, conseils et produits : d\u00e9couvrez la visite guid\u00e9e de nos showrooms de Rixheim et Cannes pour concr\u00e9tiser vos projets d'am\u00e9nagement.","robots":{"index":"index","follow":"follow","max-snippet":"max-snippet:-1","max-image-preview":"max-image-preview:large","max-video-preview":"max-video-preview:-1"},"canonical":"https:\/\/maison-du-midi.fr\/blog\/a-la-une\/visite-guidee-de-nos-showrooms-de-rixheim-et-cannes\/","og_locale":"fr_FR","og_type":"article","og_title":"Showrooms Rixheim et Cannes : visite guid\u00e9e","og_description":"Inspirations, conseils et produits : d\u00e9couvrez la visite guid\u00e9e de nos showrooms de Rixheim et Cannes pour concr\u00e9tiser vos projets d'am\u00e9nagement.","og_url":"https:\/\/maison-du-midi.fr\/blog\/a-la-une\/visite-guidee-de-nos-showrooms-de-rixheim-et-cannes\/","og_site_name":"maison-du-midi","og_image":[{"width":1200,"height":500,"url":"https:\/\/maison-du-midi.fr\/blog\/wp-content\/uploads\/2025\/07\/sdxl-b6a4fd89f8b67fffb1e2e86069e745d2-scaled.png","type":"image\/png"}],"author":"Marie D.","twitter_card":"summary_large_image","schema":{"@context":"https:\/\/schema.org","@graph":[{"@type":"NewsArticle","@id":"https:\/\/maison-du-midi.fr\/blog\/a-la-une\/visite-guidee-de-nos-showrooms-de-rixheim-et-cannes\/#article","isPartOf":{"@id":"https:\/\/maison-du-midi.fr\/blog\/a-la-une\/visite-guidee-de-nos-showrooms-de-rixheim-et-cannes\/"},"author":{"name":"Marie D.","@id":"https:\/\/maison-du-midi.fr\/blog\/#\/schema\/person\/3c864cdc320801e3db34b663e7e3f816"},"headline":"Visite guid\u00e9e de nos showrooms de Rixheim et Cannes","datePublished":"2025-07-21T13:40:22+00:00","mainEntityOfPage":{"@id":"https:\/\/maison-du-midi.fr\/blog\/a-la-une\/visite-guidee-de-nos-showrooms-de-rixheim-et-cannes\/"},"wordCount":1458,"commentCount":0,"publisher":{"@id":"https:\/\/maison-du-midi.fr\/blog\/#organization"},"image":{"@id":"https:\/\/maison-du-midi.fr\/blog\/a-la-une\/visite-guidee-de-nos-showrooms-de-rixheim-et-cannes\/#primaryimage"},"thumbnailUrl":"https:\/\/maison-du-midi.fr\/blog\/wp-content\/uploads\/2025\/07\/sdxl-b6a4fd89f8b67fffb1e2e86069e745d2-scaled.png","articleSection":["\u00c0 la une"],"inLanguage":"fr-FR","potentialAction":[{"@type":"CommentAction","name":"Comment","target":["https:\/\/maison-du-midi.fr\/blog\/a-la-une\/visite-guidee-de-nos-showrooms-de-rixheim-et-cannes\/#respond"]}]},{"@type":"WebPage","@id":"https:\/\/maison-du-midi.fr\/blog\/a-la-une\/visite-guidee-de-nos-showrooms-de-rixheim-et-cannes\/","url":"https:\/\/maison-du-midi.fr\/blog\/a-la-une\/visite-guidee-de-nos-showrooms-de-rixheim-et-cannes\/","name":"Showrooms Rixheim et Cannes : visite guid\u00e9e","isPartOf":{"@id":"https:\/\/maison-du-midi.fr\/blog\/#website"},"primaryImageOfPage":{"@id":"https:\/\/maison-du-midi.fr\/blog\/a-la-une\/visite-guidee-de-nos-showrooms-de-rixheim-et-cannes\/#primaryimage"},"image":{"@id":"https:\/\/maison-du-midi.fr\/blog\/a-la-une\/visite-guidee-de-nos-showrooms-de-rixheim-et-cannes\/#primaryimage"},"thumbnailUrl":"https:\/\/maison-du-midi.fr\/blog\/wp-content\/uploads\/2025\/07\/sdxl-b6a4fd89f8b67fffb1e2e86069e745d2-scaled.png","datePublished":"2025-07-21T13:40:22+00:00","description":"Inspirations, conseils et produits : d\u00e9couvrez la visite guid\u00e9e de nos showrooms de Rixheim et Cannes pour concr\u00e9tiser vos projets d'am\u00e9nagement.","inLanguage":"fr-FR","potentialAction":[{"@type":"ReadAction","target":["https:\/\/maison-du-midi.fr\/blog\/a-la-une\/visite-guidee-de-nos-showrooms-de-rixheim-et-cannes\/"]}]},{"@type":"ImageObject","inLanguage":"fr-FR","@id":"https:\/\/maison-du-midi.fr\/blog\/a-la-une\/visite-guidee-de-nos-showrooms-de-rixheim-et-cannes\/#primaryimage","url":"https:\/\/maison-du-midi.fr\/blog\/wp-content\/uploads\/2025\/07\/sdxl-b6a4fd89f8b67fffb1e2e86069e745d2-scaled.png","contentUrl":"https:\/\/maison-du-midi.fr\/blog\/wp-content\/uploads\/2025\/07\/sdxl-b6a4fd89f8b67fffb1e2e86069e745d2-scaled.png","width":1200,"height":500},{"@type":"WebSite","@id":"https:\/\/maison-du-midi.fr\/blog\/#website","url":"https:\/\/maison-du-midi.fr\/blog\/","name":"maison-du-midi.fr","description":"Maison du Midi, l&#039;\u00e9l\u00e9gance du terroir","publisher":{"@id":"https:\/\/maison-du-midi.fr\/blog\/#organization"},"alternateName":"Maison du Midi, l'\u00e9l\u00e9gance du terroir","potentialAction":[{"@type":"SearchAction","target":{"@type":"EntryPoint","urlTemplate":"https:\/\/maison-du-midi.fr\/blog\/?s={search_term_string}"},"query-input":{"@type":"PropertyValueSpecification","valueRequired":true,"valueName":"search_term_string"}}],"inLanguage":"fr-FR"},{"@type":"Organization","@id":"https:\/\/maison-du-midi.fr\/blog\/#organization","name":"Foretsensations.fr","url":"https:\/\/maison-du-midi.fr\/blog\/","logo":{"@type":"ImageObject","inLanguage":"fr-FR","@id":"https:\/\/maison-du-midi.fr\/blog\/#\/schema\/logo\/image\/","url":"https:\/\/maison-du-midi.fr\/blog\/wp-content\/uploads\/2026\/07\/logo-auto.png","contentUrl":"https:\/\/maison-du-midi.fr\/blog\/wp-content\/uploads\/2026\/07\/logo-auto.png","width":1024,"height":1024,"caption":"Foretsensations.fr"},"image":{"@id":"https:\/\/maison-du-midi.fr\/blog\/#\/schema\/logo\/image\/"}},{"@type":"Person","@id":"https:\/\/maison-du-midi.fr\/blog\/#\/schema\/person\/3c864cdc320801e3db34b663e7e3f816","name":"Marie D.","image":{"@type":"ImageObject","inLanguage":"fr-FR","@id":"https:\/\/maison-du-midi.fr\/blog\/#\/schema\/person\/image\/","url":"https:\/\/maison-du-midi.fr\/blog\/wp-content\/uploads\/2026\/06\/persona-marie-d-96x96.jpg","contentUrl":"https:\/\/maison-du-midi.fr\/blog\/wp-content\/uploads\/2026\/06\/persona-marie-d-96x96.jpg","caption":"Marie D."},"description":"La d\u00e9coration d'int\u00e9rieur est mon univers depuis plus de dix ans, du conseil en agencement \u00e0 l'\u00e9criture \u00e9ditoriale. Je me consacre surtout \u00e0 l'am\u00e9nagement des pi\u00e8ces de vie : choix du canap\u00e9 selon l'espace et l'usage, harmonie des couleurs, circulation, lumi\u00e8re naturelle et petites astuces qui rendent un salon vraiment accueillant. J'aime traiter la d\u00e9co comme un sujet concret, avec des fourchettes de prix r\u00e9alistes et des crit\u00e8res mesurables plut\u00f4t que des effets de mode. Avant de recommander un meuble ou une mati\u00e8re, je compare les mod\u00e8les, je v\u00e9rifie l'entretien dans la dur\u00e9e et je pense au quotidien des familles, enfants et animaux compris. Mon angle : un int\u00e9rieur qui se vit, pas seulement qui se photographie. Je tiens \u00e0 ce que chaque conseil soit applicable, que l'on r\u00e9nove un studio ou que l'on meuble une grande maison.","url":"https:\/\/maison-du-midi.fr\/blog\/auteur\/marie-d\/","jobTitle":"R\u00e9dactrice en chef \u00b7 D\u00e9coration & Am\u00e9nagement","knowsAbout":["D\u00e9coration","Am\u00e9nagement"],"email":"marie.d@salonstyle.fr"}]}},"_links":{"self":[{"href":"https:\/\/maison-du-midi.fr\/blog\/wp-json\/wp\/v2\/posts\/7442","targetHints":{"allow":["GET"]}}],"collection":[{"href":"https:\/\/maison-du-midi.fr\/blog\/wp-json\/wp\/v2\/posts"}],"about":[{"href":"https:\/\/maison-du-midi.fr\/blog\/wp-json\/wp\/v2\/types\/post"}],"author":[{"embeddable":true,"href":"https:\/\/maison-du-midi.fr\/blog\/wp-json\/wp\/v2\/users\/34"}],"replies":[{"embeddable":true,"href":"https:\/\/maison-du-midi.fr\/blog\/wp-json\/wp\/v2\/comments?post=7442"}],"version-history":[{"count":1,"href":"https:\/\/maison-du-midi.fr\/blog\/wp-json\/wp\/v2\/posts\/7442\/revisions"}],"predecessor-version":[{"id":7443,"href":"https:\/\/maison-du-midi.fr\/blog\/wp-json\/wp\/v2\/posts\/7442\/revisions\/7443"}],"wp:featuredmedia":[{"embeddable":true,"href":"https:\/\/maison-du-midi.fr\/blog\/wp-json\/wp\/v2\/media\/7447"}],"wp:attachment":[{"href":"https:\/\/maison-du-midi.fr\/blog\/wp-json\/wp\/v2\/media?parent=7442"}],"wp:term":[{"taxonomy":"category","embeddable":true,"href":"https:\/\/maison-du-midi.fr\/blog\/wp-json\/wp\/v2\/categories?post=7442"},{"taxonomy":"post_tag","embeddable":true,"href":"https:\/\/maison-du-midi.fr\/blog\/wp-json\/wp\/v2\/tags?post=7442"}],"curies":[{"name":"wp","href":"https:\/\/api.w.org\/{rel}","templated":true}]}}