{"id":7464,"date":"2025-08-18T09:19:00","date_gmt":"2025-08-18T07:19:00","guid":{"rendered":"https:\/\/maison-du-midi.fr\/blog\/?p=7464"},"modified":"2025-08-18T09:19:00","modified_gmt":"2025-08-18T07:19:00","slug":"comment-partager-un-reel-en-story-instagram-pour-booster-sa-visibilite","status":"publish","type":"post","link":"https:\/\/maison-du-midi.fr\/blog\/conseils-pratiques-et-diy\/comment-partager-un-reel-en-story-instagram-pour-booster-sa-visibilite\/","title":{"rendered":"Comment partager un Reel en story Instagram pour booster sa visibilit\u00e9"},"content":{"rendered":"<h1>Plan d\u2019Article D\u00e9taill\u00e9 : Comment Partager un Reel en Story sur Instagram \u2013 Guide Complet<\/h1>\n<h2>Pourquoi Miser sur le Partage de Reels en Story ?<\/h2>\n<div>\n<p>\n        <strong>Amplifier la visibilit\u00e9<\/strong> d\u2019un Reel via la story constitue l\u2019un des leviers privil\u00e9gi\u00e9s pour toucher rapidement une large audience. L\u2019algorithme d\u2019<strong>Instagram<\/strong>, op\u00e9r\u00e9 par <strong>Meta Platforms Inc.<\/strong>, accorde un surcro\u00eet de visibilit\u00e9 aux contenus relay\u00e9s en stories, car ces derniers sont plac\u00e9s en haut du fil d\u2019actualit\u00e9 et consult\u00e9s par plus de <u>500 millions d\u2019utilisateurs quotidiens dans le monde (donn\u00e9e officielle <strong>Meta<\/strong>, 2024)<\/u>.\n      <\/p>\n<ul>\n<li><strong>Renforcement de l\u2019engagement<\/strong> : Les stories offrent plusieurs niveaux d\u2019interactions \u2013 r\u00e9actions instantan\u00e9es, envoi en DM, partages secondaires \u2013 ce qui stimule la conversation autour du Reel.<\/li>\n<li>La compl\u00e9mentarit\u00e9 <u>story + Reel<\/u> alimente la strat\u00e9gie de notori\u00e9t\u00e9, notamment dans le secteur du luxe (cf. <strong>Louis Vuitton<\/strong>, campagne <u>LV Archlight 2023<\/u>, o\u00f9 la viralit\u00e9 a g\u00e9n\u00e9r\u00e9 une hausse de <u>47% des vues<\/u> via le double relais).<\/li>\n<li><strong>Maximisation de la port\u00e9e organique<\/strong> : Un Reel partag\u00e9 en story b\u00e9n\u00e9ficie en moyenne d\u2019un <u>taux de visualisation sup\u00e9rieur de 34%<\/u> sur la p\u00e9riode 2023-2024 (<strong>Metricool<\/strong>).<\/li>\n<\/ul>\n<p>\n        De nombreux cr\u00e9ateurs, comme <strong>HugoD\u00e9crypte<\/strong> (cr\u00e9ateur de contenu d\u2019actualit\u00e9), ou des marques telles que <strong>Sephora, secteur beaut\u00e9<\/strong>, d\u00e9montrent que le passage syst\u00e9matique de chaque Reel en story augmente non seulement la couverture, mais acc\u00e9l\u00e8re significativement le gain d\u2019abonn\u00e9s et la viralit\u00e9. Cette m\u00e9thode favorise des <strong>interactions imm\u00e9diates<\/strong>, clef pour g\u00e9n\u00e9rer des r\u00e9ponses, r\u00e9actions \u00e9moji, et propager la notori\u00e9t\u00e9 bien au-del\u00e0 du cercle initial d\u2019abonn\u00e9s.\n      <\/p>\n<\/p><\/div>\n<h2>Comment Partager un Reel en Story sur Instagram : Guide Pratique<\/h2>\n<div>\n<p>\n        Le partage d\u2019un Reel en story s\u2019effectue ais\u00e9ment, pourvu de ma\u00eetriser chaque \u00e9tape et d\u2019optimiser la personnalisation. \u00c9clairons la proc\u00e9dure d\u2019apr\u00e8s les derniers standards observ\u00e9s sur la version mobile d\u2019Instagram (<strong>Android<\/strong> et <strong>iOS<\/strong>) en <strong>2025<\/strong> :\n      <\/p>\n<ul>\n<li>\n          D\u00e9marrer par l\u2019ouverture d\u2019<strong>Instagram<\/strong> sur votre smartphone, recherchez le <u>Reel vis\u00e9<\/u> sur votre profil ou celui d\u2019un autre cr\u00e9ateur (selon les autorisations de partage).<\/li>\n<li>\n          Appuyez sur l\u2019<strong>ic\u00f4ne  avion en papier ? (paper plane)<\/strong> situ\u00e9e sous le Reel. Une fen\u00eatre contextuelle s\u2019affiche, s\u00e9lectionnez  <strong>Ajouter \u00e0 votre story<\/strong> ?.<\/li>\n<li>\n          Dans l\u2019\u00e9diteur de Story, personnalisez le contenu :<\/p>\n<ul>\n<li><strong>Stickers de localisation, mentions, hashtags cibl\u00e9s, GIF dynamiques<\/strong><\/li>\n<li>Champs de texte personnalisable avec styles, couleurs, animations<\/li>\n<li><strong>Musiques<\/strong> issues de la biblioth\u00e8que Instagram ou sons originaux<\/li>\n<li>Ajoutez un call-to-action, du type : <strong><u> Touchez ici pour voir le Reel complet ?<\/u><\/strong><\/li>\n<\/ul>\n<\/li>\n<li>\n          D\u00e9terminez la port\u00e9e de votre Story avant publication : \u00e0 l\u2019ensemble de vos abonn\u00e9s, \u00e0 une liste ultracibl\u00e9e ( <strong>Meilleurs Amis<\/strong> ?) ou via notifications.\n        <\/li>\n<li>\n          Pour les <strong>Reels d\u00e9passant 15 secondes<\/strong>, seuls les <u>15 premi\u00e8res secondes s\u2019affichent<\/u> en story ; Instagram place automatiquement le lien <u> Voir le Reel complet ?<\/u> au-dessus du contenu. Pour diffuser l\u2019int\u00e9gralit\u00e9, un repost natif en vid\u00e9o ou le d\u00e9coupage sont n\u00e9cessaires (<strong>fonction Save\/Enregistrer sous Android et iOS<\/strong>).<\/li>\n<\/ul>\n<p>\n        Pour aller plus loin, utilisons les fonctionnalit\u00e9s avanc\u00e9es r\u00e9serv\u00e9es aux <strong>comptes Cr\u00e9ateur ou Professionnel<\/strong> : filtres AR complexes, liens externes int\u00e9gr\u00e9s dans la story pour g\u00e9n\u00e9rer du trafic ( Swipe up ? ou sticker lien), options de contraste, overlay de logos pour un branding homog\u00e8ne. Il demeure pertinent de distinguer ce <u>partage en story<\/u> du repost direct dans le <strong>feed<\/strong>, cette derni\u00e8re option visant davantage la m\u00e9morisation long-terme alors que la story joue la carte de l\u2019instantan\u00e9it\u00e9 et du teasing \u00e9v\u00e9nementiel.\n      <\/p>\n<\/p><\/div>\n<h2>Optimiser le Contenu de vos Reels pour un Partage Impactant<\/h2>\n<div>\n<p>\n        Pour susciter l\u2019envie de partage et garantir un relais efficace en story, le Reel doit \u00eatre \u00e9tudi\u00e9 tant sur le fond que sur la forme. Les <strong>statistiques issues de <u>Metricool (janvier 2025)<\/u><\/strong> confirment : un reel au format <u>15 \u00e0 30 secondes<\/u> maximise le taux de compl\u00e9tion \u00e0 <u>63%<\/u> en moyenne, contre 44% au-del\u00e0. L\u2019utilisation strat\u00e9gique de <strong>hashtags niche<\/strong> et d\u2019<strong>audio viral<\/strong> propres \u00e0 un univers cibl\u00e9 dope les reprises \u2013 la campagne #DanceChallenge port\u00e9e par <strong>TikTok puis Instagram<\/strong> a g\u00e9n\u00e9r\u00e9 une explosion de <u>+18 millions de partages story durant le printemps 2024<\/u>.\n      <\/p>\n<ul>\n<li>\n          Cibler la th\u00e9matique en phase avec sa communaut\u00e9 (<strong>MonsieurCuisine, secteur \u00e9lectrom\u00e9nager<\/strong> opte pour des recettes rapides, qui favorisent la republication par des abonn\u00e9s en qu\u00eate d\u2019id\u00e9es repas).\n        <\/li>\n<li>\n          Prioriser la combinaison <strong>visuel percutant + transitions dynamiques +  trending audio ?<\/strong> pour d\u00e9multiplier la viralit\u00e9. Des marques comme <strong>Zara<\/strong> ou <strong>Adidas Originals<\/strong> misent sur des montages rythm\u00e9s pour capter l\u2019attention.\n        <\/li>\n<li>\n          Proposer une <u>checklist syst\u00e9matique<\/u> avant publication :<\/p>\n<ul>\n<li><strong>Titres courts et incitatifs<\/strong><\/li>\n<li>Overlay avec stickers interactifs (questions, sondages, compte \u00e0 rebours\u2026)<\/li>\n<li>Bande-son populaire ou extrait original li\u00e9 \u00e0 l\u2019actu (\u00e9lection, \u00e9v\u00e9nement sportif\u2026)<\/li>\n<li>Charte graphique fid\u00e8le et coh\u00e9rente sur tous les contenus<\/li>\n<\/ul>\n<\/li>\n<\/ul>\n<p>\n        Les hautes performances en termes de partages proviennent souvent d\u2019une approche ultra-cibl\u00e9e : dans le secteur du tourisme, <strong>Airbnb<\/strong> publie en 2024 des Reels  City Preview ? qui enregistrent jusqu\u2019\u00e0 <u>48% de partage story additionnel<\/u>, gr\u00e2ce \u00e0 la personnalisation par r\u00e9gion (ex : s\u00e9rie sur <u>Lisbonne, Portugal<\/u>). Ainsi, anticiper les d\u00e9clencheurs d\u2019engagement (intrigue, challenge visuel, question directe) fait toute la diff\u00e9rence.\n      <\/p>\n<\/p><\/div>\n<h2>Analyser la Performance de vos Reels apr\u00e8s Partage en Story<\/h2>\n<div>\n<p>\n        Tracer l\u2019impact r\u00e9el du partage de Reel en story suppose une exploitation pointue des outils statistiques de la plateforme. <strong>Instagram Insights<\/strong> offre une batterie d\u2019indicateurs cl\u00e9s \u00e0 surveiller, accessibles d\u00e8s lors que le compte est pass\u00e9 en mode Cr\u00e9ateur ou Professionnel, en conformit\u00e9 avec les recommandations <strong>Instagram Creators, division de <u>Meta<\/u><\/strong>.\n      <\/p>\n<ul>\n<li>\n          Volume de visualisations par story vs. Reel original (<u>ex.  impressions story ?<\/u> sur 24h)<\/li>\n<li>\n          Taux de clic sur le bouton <u> Voir le Reel complet ?<\/u> int\u00e9gr\u00e9 automatiquement pour les Reels longs<\/li>\n<li>\n          Nombre et nature des interactions directes : r\u00e9ponses DM, r\u00e9actions emojis, partages secondaires du contenu<\/li>\n<li>\n          Accroissement du nombre d\u2019abonn\u00e9s cons\u00e9cutif \u00e0 une s\u00e9rie de partages (\u00e9tude <strong>Instagram Data 2024<\/strong> : +28% d\u2019abonn\u00e9s g\u00e9n\u00e9r\u00e9s lors de campagnes orchestr\u00e9es avec relais story)<\/li>\n<\/ul>\n<p>\n        En pratique, il s\u2019agira de :<\/p>\n<ul>\n<li>\n            Comparer la <strong>port\u00e9e organique<\/strong> des Reels partag\u00e9s vs non partag\u00e9s en story ;\n          <\/li>\n<li>\n            Ajuster la fr\u00e9quence de publication selon les plages horaires o\u00f9 les taux de clic et d\u2019affichage sont maximaux (cf. cr\u00e9neau <u>18h-21h<\/u>, donn\u00e9es sectorielles cumul\u00e9es 2022-2024) ;\n          <\/li>\n<li>\n            Varier les incitations \u00e0 l\u2019action pour tester leur efficacit\u00e9 ( swipe up ?, sticker question, tag d\u2019\u00e9v\u00e9nement\u2026).<\/li>\n<\/ul>\n<p>\n        Les <strong>benchmarks de l\u2019engagement moyen<\/strong> \u00e9voluent selon la th\u00e9matique : dans le secteur culturel, un Reel partag\u00e9 en story r\u00e9alise <u>12% de taux d\u2019interaction<\/u> m\u00e9dian, contre <u>18% dans la beaut\u00e9<\/u>, selon les derni\u00e8res analyses <strong>Sprout Social, avril 2025<\/strong>.\n      <\/p>\n<\/p><\/div>\n<h2>Les Pi\u00e8ges \u00e0 D\u00e9jouer lors du Partage de Reels en Story<\/h2>\n<div>\n<p>\n        Maximiser l\u2019impact d\u2019un Reel via la story suppose d\u2019\u00e9viter certains \u00e9cueils courants, souvent synonymes de perte d\u2019audience ou de perception n\u00e9gative.\n      <\/p>\n<ul>\n<li>\n          <strong>Saturation des stories<\/strong> : publier plusieurs Reels \u00e0 la cha\u00eene \u00e9rode vite l\u2019attention (\u00e9tude <strong>Socialinsider, Q2 2024<\/strong> : <u>37% des abonn\u00e9s d\u00e9crochent apr\u00e8s 6 stories d\u2019affil\u00e9e)<\/u>.\n        <\/li>\n<li>\n          <strong>Absence de personnalisation<\/strong> : une story sans sticker, emoji ou texte n\u2019incite pas au clic ni \u00e0 l\u2019interaction (cf. la r\u00e9trogradation algorithmique constat\u00e9e lors des tests A\/B men\u00e9s par <strong>L\u2019Or\u00e9al Digital Factory<\/strong>).<\/li>\n<li>\n          <strong>Oubli de r\u00e9pondre aux interactions<\/strong> re\u00e7ues ou absence de tag du cr\u00e9ateur original, susceptible de cr\u00e9er un froid communautaire, ou, pire, des litiges (cf. cas <strong>Instagram France<\/strong>, 2023, sanction d\u2019une page ayant omis de cr\u00e9diter un cr\u00e9ateur illustrateur).\n        <\/li>\n<li>\n          <strong>Non-respect des droits d\u2019auteur<\/strong> : le partage de Reels d\u2019autrui non rendus  partageables ? dans les param\u00e8tres expose \u00e0 la suppression, voire au bannissement provisoire (cf. r\u00e8glement <strong>Meta<\/strong> modifi\u00e9 en mai 2024).<\/li>\n<li>\n          <strong>Incoh\u00e9rence graphique<\/strong> : une charte fluctuante d\u00e9soriente l\u2019audience ; <u>Herm\u00e8s Paris, secteur luxe<\/u>, repousse syst\u00e9matiquement les visuels non align\u00e9s avec son branding, renfor\u00e7ant ainsi la fid\u00e9lit\u00e9 visuelle.\n        <\/li>\n<\/ul>\n<p>\n        Pour chaque point, adoptons des solutions robustes :<\/p>\n<ul>\n<li>\n            <strong>Planification \u00e9ditoriale<\/strong> : utiliser les outils de programmation comme <strong>Later<\/strong> ou <strong>Buffer<\/strong> pour \u00e9viter la surabondance.<\/li>\n<li>\n            <strong>Checklist avant publication<\/strong> : v\u00e9rification syst\u00e9matique des \u00e9l\u00e9ments visuels et mentions requises.<\/li>\n<li>\n            <strong>Veille juridique<\/strong> : suivi r\u00e9gulier des droits d\u2019auteur, automatis\u00e9 via l\u2019alerte int\u00e9gr\u00e9e <strong>Instagram Copyright<\/strong><\/li>\n<li>\n            <strong>\u00c9coute communautaire<\/strong> : analyse en continu des retours et suggestions via les DM et stickers  questions ?.<\/li>\n<\/ul>\n<p>\n        Parmi les cas d\u2019\u00e9cole observ\u00e9s, la page <strong>@CultureFaitMaison<\/strong> a perdu 11% d\u2019interactions suite \u00e0 dix jours de publications story non personnalis\u00e9es. \u00c0 l\u2019inverse, @RunnerParis a doubl\u00e9 ses impressions stories apr\u00e8s avoir syst\u00e9matis\u00e9, depuis janvier 2024, le sticker sondage en lien avec chaque Reel partag\u00e9.\n      <\/p>\n<\/p><\/div>\n<h2>Cas Pratiques et Exemples de Partages de Reels en Story<\/h2>\n<div>\n<p>\n        Les succ\u00e8s du partage de Reel en story s\u2019incarnent \u00e0 travers des r\u00e9alisations concr\u00e8tes, port\u00e9es par des entreprises, personnalit\u00e9s ou lors d\u2019op\u00e9rations \u00e9v\u00e9nementielles d\u2019envergure.\n      <\/p>\n<ul>\n<li>\n          <strong>Marques \u2013 Lanc\u00f4me (Cosm\u00e9tique, France)<\/strong> : lors du lancement du s\u00e9rum  Advanced G\u00e9nifique 2024 ?, l\u2019\u00e9quipe digitale a orchestr\u00e9 la diffusion successive de Reels en stories pour annoncer des secrets beaut\u00e9. R\u00e9sultat : <u>+35% de vues sur la campagne<\/u>, avec un taux de clic  Voir le Reel complet ? multipli\u00e9 par 2,3 selon <strong>Data Instagram Business 2024<\/strong>.\n        <\/li>\n<li>\n          <strong>Influenceurs \u2013 L\u00e9na Situations (cr\u00e9atrice fran\u00e7aise, lifestyle)<\/strong> : ses challenges  Looks du mois ? relay\u00e9s en story dopent la conversion, gr\u00e2ce \u00e0 la combinaison Reel (d\u00e9monstration) et Story (vote, question stickers). La campagne  Capsule Hiver 2024 ? a vu un accroissement de l\u2019engagement de <u>44%<\/u> sur ce segment, selon <strong>Influence4You<\/strong>.\n        <\/li>\n<li>\n          <strong>\u00c9v\u00e9nements \u2013 Roland-Garros 2024 (Paris, sport international)<\/strong> : la f\u00e9d\u00e9ration a mis\u00e9 sur le partage de Reels  inside ? en story chaque jour de tournoi. L\u2019engagement story a grimp\u00e9 de <u>+49%<\/u> par rapport \u00e0 la p\u00e9riode 2023, attirant un nouveau public \u2013 notamment issu des 18-34 ans (donn\u00e9e <strong>Roland-Garros Social Studio<\/strong>).<\/li>\n<\/ul>\n<p>\n        Pour optimiser la compr\u00e9hension, ins\u00e9rons ci-dessous des extraits visuels contextualis\u00e9s :\n      <\/p>\n<ul>\n<li>\n          <img decoding=\"async\" src=\"https:\/\/www.lancome.fr\/advanced-genifique-campaign\/visuel-story-reel.jpg\" alt=\"Exemple de campagne Lanc\u00f4me : story Instagram reprenant un Reel produit, overlays, stickers d\u00e9di\u00e9s\" style=\"width: 320px;border: 1px solid #ccc\" \/><br \/>\n          <span>Story Lanc\u00f4me relayant un Reel\/promo s\u00e9rum avec sticker  Swipe up ?<\/span>\n        <\/li>\n<li>\n          <img decoding=\"async\" src=\"https:\/\/www.instagram.com\/lenasituations\/capsule_hiver2024_story.jpg\" alt=\"D\u00e9clinaison story et Reel du challenge look par L\u00e9na Situations, engagement renforc\u00e9\" style=\"width: 320px;border: 1px solid #ccc\" \/><br \/>\n          <span>Challenge L\u00e9na Situations : Reel de pr\u00e9sentation, stickers sondage en story<\/span>\n        <\/li>\n<li>\n          <img decoding=\"async\" src=\"https:\/\/www.rolandgarros.com\/social\/reel_story_inside_tournage.jpg\" alt=\"Roland-Garros : Reel inside partag\u00e9 en story aupr\u00e8s du public jeune\" style=\"width: 320px;border: 1px solid #ccc\" \/><br \/>\n          <span>Roland-Garros 2024 : diffusion de behind-the-scenes en Reel\/Story Instagram<\/span>\n        <\/li>\n<\/ul>\n<p>\n        Les t\u00e9moignages r\u00e9colt\u00e9s par <strong>SocialBakers<\/strong> et <strong>Hootsuite<\/strong> valident cette strat\u00e9gie :  Notre taux de conversion explose quand chaque Reel est syst\u00e9matiquement relay\u00e9 en story avec un sticker interactif ? (propos recueillis aupr\u00e8s du service social media de <strong>Decathlon France<\/strong>, juin 2024).\n      <\/p>\n<\/p><\/div>\n<h2>Conclusion : D\u00e9velopper votre Audience gr\u00e2ce au Partage de Reels en Story<\/h2>\n<div>\n<p>\n        Ma\u00eetriser l\u2019art de <strong>partager un Reel en story<\/strong> n\u2019est plus un simple atout, c\u2019est un <u>pilier fondamental d\u2019une strat\u00e9gie digitale<\/u> performante sur <strong>Instagram<\/strong> <u>en 2025<\/u>. Cette technique d\u00e9clenche la viralit\u00e9, multiplie l\u2019engagement et renforce la cr\u00e9dibilit\u00e9 de toute d\u00e9marche cr\u00e9ative ou commerciale.\n      <\/p>\n<p>\n        Nous conseillons d\u2019exp\u00e9rimenter les diff\u00e9rentes m\u00e9thodes d\u00e9crites, d\u2019ajuster les pratiques selon l\u2019analyse des <strong>Instagram Insights<\/strong> et d\u2019oser des approches cr\u00e9atives pour maximiser la port\u00e9e. Les retours utilisateurs, benchmarks et outils d\u2019A\/B testing seront pr\u00e9cieux pour affiner votre strat\u00e9gie. Continuez \u00e0 partager vos exp\u00e9riences et succ\u00e8s en commentaires, chaque retour nourrit la r\u00e9flexion et enrichit les meilleures pratiques de la communaut\u00e9 digitale.\n      <\/p>\n<\/p><\/div>\n<div style=\"background: #e8f4f8;border: 3px solid #0073aa;padding: 20px;margin: 20px 0;border-radius: 8px\">\n<h2 style=\"color: #0073aa;text-align: center;margin-bottom: 15px\">\ud83d\udd27 Ressources Pratiques et Outils<\/h2>\n<div style=\"background: white;padding: 15px;margin: 10px 0;border-left: 4px solid #28a745\">\n<h3 style=\"color: #28a745;margin-bottom: 10px\">\ud83d\udccd Agences Sp\u00e9cialis\u00e9es \u00e0 Paris<\/h3>\n<p>\n    &#8211; <strong>Please Agency<\/strong><br \/>\n    Adresse : 42 Rue de Paradis, 75010 Paris<br \/>\n    Contact : <a href=\"mailto:contact@pleaseagency.com\">contact@pleaseagency.com<\/a><br \/>\n    Site : <a href=\"https:\/\/pleaseagency.com\" rel=\"nofollow\">pleaseagency.com<\/a><\/p>\n<p>    &#8211; <strong>ODW Agence digitale<\/strong><br \/>\n    Adresse : 5 Rue de Charonne, 75011 Paris<br \/>\n    Contact : <a href=\"mailto:contact@odw.fr\">contact@odw.fr<\/a><br \/>\n    Site : <a href=\"https:\/\/odw.fr\" rel=\"nofollow\">odw.fr<\/a><\/p>\n<p>    &#8211; <strong>Spoke Agency<\/strong><br \/>\n    Adresse : 38 Rue de Tr\u00e9vise, 75009 Paris<br \/>\n    Contact : <a href=\"mailto:hello@spoke.fr\">hello@spoke.fr<\/a><br \/>\n    Site : <a href=\"https:\/\/spoke.fr\" rel=\"nofollow\">spoke.fr<\/a><\/p>\n<p>    &#8211; <strong>Tarifs des prestations<\/strong>: Strat\u00e9gie\/gestion mensuelle : 1 500 \u20ac \u00e0 5 000 \u20ac\/mois (TPE\/PME), jusqu\u2019\u00e0 15 000 \u20ac pour grandes entreprises.\n<\/p>\n<\/div>\n<div style=\"background: white;padding: 15px;margin: 10px 0;border-left: 4px solid #007bff\">\n<h3 style=\"color: #007bff;margin-bottom: 10px\">\ud83d\udee0\ufe0f Outils et Calculateurs<\/h3>\n<p>\n    &#8211; <strong>Meta Business Suite<\/strong>: Gestion et programmation de Reels et stories Facebook\/Instagram. <a href=\"https:\/\/business.facebook.com\/\" rel=\"nofollow\">business.facebook.com<\/a><br \/>\n    &#8211; <strong>Buffer<\/strong>: Planification multi-r\u00e9seaux. <a href=\"https:\/\/buffer.com\/\" rel=\"nofollow\">buffer.com<\/a><br \/>\n    &#8211; <strong>Hootsuite<\/strong>: Planification et analyse. <a href=\"https:\/\/hootsuite.com\/fr\/\" rel=\"nofollow\">hootsuite.com<\/a><br \/>\n    &#8211; <strong>Later<\/strong>: Visuel et scheduling Instagram Reels, stories. <a href=\"https:\/\/later.com\/\" rel=\"nofollow\">later.com<\/a><br \/>\n    &#8211; <strong>Canva<\/strong>: Cr\u00e9ation de visuels et vid\u00e9os. <a href=\"https:\/\/www.canva.com\/\" rel=\"nofollow\">canva.com<\/a>\n<\/p>\n<\/div>\n<div style=\"background: white;padding: 15px;margin: 10px 0;border-left: 4px solid #6f42c1\">\n<h3 style=\"color: #6f42c1;margin-bottom: 10px\">\ud83d\udc65 Communaut\u00e9 et Experts<\/h3>\n<p>\n    &#8211; <strong>Facebook Groups<\/strong>: \u00ab Social Media Managers France \u00bb <a href=\"https:\/\/www.facebook.com\/groups\/SocialMediaManagersFR\/\" rel=\"nofollow\">facebook.com\/groups\/SocialMediaManagersFR<\/a><br \/>\n    &#8211; <strong>LinkedIn Groupes<\/strong>: \u00ab Social Media et Influenceurs France \u00bb <a href=\"https:\/\/www.linkedin.com\/groups\/5187901\/\" rel=\"nofollow\">linkedin.com\/groups\/5187901<\/a><br \/>\n    &#8211; <strong>Forum WebRankInfo<\/strong>: Section R\u00e9seaux Sociaux <a href=\"https:\/\/www.webrankinfo.com\/forum\/f\/reseaux-sociaux-communautes.45\/\">webrankinfo.com\/forum<\/a>\n<\/p>\n<\/div>\n<div style=\"background: #fff3cd;padding: 15px;margin: 15px 0;border: 2px solid #ffc107;border-radius: 5px\">\n<strong style=\"color: #856404\">\ud83d\udca1 R\u00e9sum\u00e9 en 2 lignes :<\/strong><br \/>\n<span>Pour optimiser votre strat\u00e9gie sur Instagram, explorez les agences sp\u00e9cialis\u00e9es \u00e0 Paris, utilisez des outils de gestion performants et engagez-vous dans des communaut\u00e9s d&rsquo;experts pour maximiser votre impact.<\/span>\n<\/div>\n<\/div>\n","protected":false},"excerpt":{"rendered":"","protected":false},"author":34,"featured_media":7466,"comment_status":"open","ping_status":"open","sticky":false,"template":"","format":"standard","meta":{"_acf_changed":false,"manual_indexmenow":false,"indexmenow_id_project":0,"footnotes":""},"categories":[4524],"tags":[4549,4550,4551],"class_list":["post-7464","post","type-post","status-publish","format-standard","has-post-thumbnail","hentry","category-conseils-pratiques-et-diy","tag-instagram-reels","tag-stories","tag-visibilit","generate-columns","tablet-grid-50","mobile-grid-100","grid-parent","grid-25"],"acf":[],"yoast_head":"<!-- This site is optimized with the Yoast SEO Premium plugin v21.3 (Yoast SEO v26.5) - https:\/\/yoast.com\/wordpress\/plugins\/seo\/ -->\n<title>Partager un Reel en story Instagram facilement<\/title>\n<meta name=\"description\" content=\"\u00c9tapes simples, astuces et visibilit\u00e9 : d\u00e9couvrez comment partager un Reel en story Instagram pour booster votre audience et votre engagement.\" \/>\n<meta name=\"robots\" content=\"index, follow, max-snippet:-1, max-image-preview:large, max-video-preview:-1\" \/>\n<link rel=\"canonical\" href=\"https:\/\/maison-du-midi.fr\/blog\/conseils-pratiques-et-diy\/comment-partager-un-reel-en-story-instagram-pour-booster-sa-visibilite\/\" \/>\n<meta property=\"og:locale\" content=\"fr_FR\" \/>\n<meta property=\"og:type\" content=\"article\" \/>\n<meta property=\"og:title\" content=\"Partager un Reel en story Instagram facilement\" \/>\n<meta property=\"og:description\" content=\"\u00c9tapes simples, astuces et visibilit\u00e9 : d\u00e9couvrez comment partager un Reel en story Instagram pour booster votre audience et votre engagement.\" \/>\n<meta property=\"og:url\" content=\"https:\/\/maison-du-midi.fr\/blog\/conseils-pratiques-et-diy\/comment-partager-un-reel-en-story-instagram-pour-booster-sa-visibilite\/\" \/>\n<meta property=\"og:site_name\" content=\"maison-du-midi\" \/>\n<meta property=\"og:image\" content=\"https:\/\/maison-du-midi.fr\/blog\/wp-content\/uploads\/2025\/08\/pag-image-68908844c27bd-scaled.png\" \/>\n\t<meta property=\"og:image:width\" content=\"1200\" \/>\n\t<meta property=\"og:image:height\" content=\"686\" \/>\n\t<meta property=\"og:image:type\" content=\"image\/png\" \/>\n<meta name=\"author\" content=\"Marie D.\" \/>\n<meta name=\"twitter:card\" content=\"summary_large_image\" \/>\n<script type=\"application\/ld+json\" class=\"yoast-schema-graph\">{\"@context\":\"https:\/\/schema.org\",\"@graph\":[{\"@type\":\"NewsArticle\",\"@id\":\"https:\/\/maison-du-midi.fr\/blog\/conseils-pratiques-et-diy\/comment-partager-un-reel-en-story-instagram-pour-booster-sa-visibilite\/#article\",\"isPartOf\":{\"@id\":\"https:\/\/maison-du-midi.fr\/blog\/conseils-pratiques-et-diy\/comment-partager-un-reel-en-story-instagram-pour-booster-sa-visibilite\/\"},\"author\":{\"name\":\"Marie D.\",\"@id\":\"https:\/\/maison-du-midi.fr\/blog\/#\/schema\/person\/3c864cdc320801e3db34b663e7e3f816\"},\"headline\":\"Comment partager un Reel en story Instagram pour booster sa visibilit\u00e9\",\"datePublished\":\"2025-08-18T07:19:00+00:00\",\"mainEntityOfPage\":{\"@id\":\"https:\/\/maison-du-midi.fr\/blog\/conseils-pratiques-et-diy\/comment-partager-un-reel-en-story-instagram-pour-booster-sa-visibilite\/\"},\"wordCount\":2090,\"commentCount\":0,\"publisher\":{\"@id\":\"https:\/\/maison-du-midi.fr\/blog\/#organization\"},\"image\":{\"@id\":\"https:\/\/maison-du-midi.fr\/blog\/conseils-pratiques-et-diy\/comment-partager-un-reel-en-story-instagram-pour-booster-sa-visibilite\/#primaryimage\"},\"thumbnailUrl\":\"https:\/\/maison-du-midi.fr\/blog\/wp-content\/uploads\/2025\/08\/pag-image-68908844c27bd-scaled.png\",\"keywords\":[\"instagram reels\",\"stories\",\"visibilit\"],\"articleSection\":[\"Conseils Pratiques et DIY\"],\"inLanguage\":\"fr-FR\",\"potentialAction\":[{\"@type\":\"CommentAction\",\"name\":\"Comment\",\"target\":[\"https:\/\/maison-du-midi.fr\/blog\/conseils-pratiques-et-diy\/comment-partager-un-reel-en-story-instagram-pour-booster-sa-visibilite\/#respond\"]}]},{\"@type\":\"WebPage\",\"@id\":\"https:\/\/maison-du-midi.fr\/blog\/conseils-pratiques-et-diy\/comment-partager-un-reel-en-story-instagram-pour-booster-sa-visibilite\/\",\"url\":\"https:\/\/maison-du-midi.fr\/blog\/conseils-pratiques-et-diy\/comment-partager-un-reel-en-story-instagram-pour-booster-sa-visibilite\/\",\"name\":\"Partager un Reel en story Instagram facilement\",\"isPartOf\":{\"@id\":\"https:\/\/maison-du-midi.fr\/blog\/#website\"},\"primaryImageOfPage\":{\"@id\":\"https:\/\/maison-du-midi.fr\/blog\/conseils-pratiques-et-diy\/comment-partager-un-reel-en-story-instagram-pour-booster-sa-visibilite\/#primaryimage\"},\"image\":{\"@id\":\"https:\/\/maison-du-midi.fr\/blog\/conseils-pratiques-et-diy\/comment-partager-un-reel-en-story-instagram-pour-booster-sa-visibilite\/#primaryimage\"},\"thumbnailUrl\":\"https:\/\/maison-du-midi.fr\/blog\/wp-content\/uploads\/2025\/08\/pag-image-68908844c27bd-scaled.png\",\"datePublished\":\"2025-08-18T07:19:00+00:00\",\"description\":\"\u00c9tapes simples, astuces et visibilit\u00e9 : d\u00e9couvrez comment partager un Reel en story Instagram pour booster votre audience et votre engagement.\",\"inLanguage\":\"fr-FR\",\"potentialAction\":[{\"@type\":\"ReadAction\",\"target\":[\"https:\/\/maison-du-midi.fr\/blog\/conseils-pratiques-et-diy\/comment-partager-un-reel-en-story-instagram-pour-booster-sa-visibilite\/\"]}]},{\"@type\":\"ImageObject\",\"inLanguage\":\"fr-FR\",\"@id\":\"https:\/\/maison-du-midi.fr\/blog\/conseils-pratiques-et-diy\/comment-partager-un-reel-en-story-instagram-pour-booster-sa-visibilite\/#primaryimage\",\"url\":\"https:\/\/maison-du-midi.fr\/blog\/wp-content\/uploads\/2025\/08\/pag-image-68908844c27bd-scaled.png\",\"contentUrl\":\"https:\/\/maison-du-midi.fr\/blog\/wp-content\/uploads\/2025\/08\/pag-image-68908844c27bd-scaled.png\",\"width\":1200,\"height\":686,\"caption\":\"Image g\u00e9n\u00e9r\u00e9e par IA optimis\u00e9e pour Google Discover\"},{\"@type\":\"WebSite\",\"@id\":\"https:\/\/maison-du-midi.fr\/blog\/#website\",\"url\":\"https:\/\/maison-du-midi.fr\/blog\/\",\"name\":\"maison-du-midi.fr\",\"description\":\"Maison du Midi, l&#039;\u00e9l\u00e9gance du terroir\",\"publisher\":{\"@id\":\"https:\/\/maison-du-midi.fr\/blog\/#organization\"},\"alternateName\":\"Maison du Midi, l'\u00e9l\u00e9gance du terroir\",\"potentialAction\":[{\"@type\":\"SearchAction\",\"target\":{\"@type\":\"EntryPoint\",\"urlTemplate\":\"https:\/\/maison-du-midi.fr\/blog\/?s={search_term_string}\"},\"query-input\":{\"@type\":\"PropertyValueSpecification\",\"valueRequired\":true,\"valueName\":\"search_term_string\"}}],\"inLanguage\":\"fr-FR\"},{\"@type\":\"Organization\",\"@id\":\"https:\/\/maison-du-midi.fr\/blog\/#organization\",\"name\":\"Foretsensations.fr\",\"url\":\"https:\/\/maison-du-midi.fr\/blog\/\",\"logo\":{\"@type\":\"ImageObject\",\"inLanguage\":\"fr-FR\",\"@id\":\"https:\/\/maison-du-midi.fr\/blog\/#\/schema\/logo\/image\/\",\"url\":\"https:\/\/maison-du-midi.fr\/blog\/wp-content\/uploads\/2026\/07\/logo-auto.png\",\"contentUrl\":\"https:\/\/maison-du-midi.fr\/blog\/wp-content\/uploads\/2026\/07\/logo-auto.png\",\"width\":1024,\"height\":1024,\"caption\":\"Foretsensations.fr\"},\"image\":{\"@id\":\"https:\/\/maison-du-midi.fr\/blog\/#\/schema\/logo\/image\/\"}},{\"@type\":\"Person\",\"@id\":\"https:\/\/maison-du-midi.fr\/blog\/#\/schema\/person\/3c864cdc320801e3db34b663e7e3f816\",\"name\":\"Marie D.\",\"image\":{\"@type\":\"ImageObject\",\"inLanguage\":\"fr-FR\",\"@id\":\"https:\/\/maison-du-midi.fr\/blog\/#\/schema\/person\/image\/\",\"url\":\"https:\/\/maison-du-midi.fr\/blog\/wp-content\/uploads\/2026\/06\/persona-marie-d-96x96.jpg\",\"contentUrl\":\"https:\/\/maison-du-midi.fr\/blog\/wp-content\/uploads\/2026\/06\/persona-marie-d-96x96.jpg\",\"caption\":\"Marie D.\"},\"description\":\"La d\u00e9coration d'int\u00e9rieur est mon univers depuis plus de dix ans, du conseil en agencement \u00e0 l'\u00e9criture \u00e9ditoriale. Je me consacre surtout \u00e0 l'am\u00e9nagement des pi\u00e8ces de vie : choix du canap\u00e9 selon l'espace et l'usage, harmonie des couleurs, circulation, lumi\u00e8re naturelle et petites astuces qui rendent un salon vraiment accueillant. J'aime traiter la d\u00e9co comme un sujet concret, avec des fourchettes de prix r\u00e9alistes et des crit\u00e8res mesurables plut\u00f4t que des effets de mode. Avant de recommander un meuble ou une mati\u00e8re, je compare les mod\u00e8les, je v\u00e9rifie l'entretien dans la dur\u00e9e et je pense au quotidien des familles, enfants et animaux compris. Mon angle : un int\u00e9rieur qui se vit, pas seulement qui se photographie. Je tiens \u00e0 ce que chaque conseil soit applicable, que l'on r\u00e9nove un studio ou que l'on meuble une grande maison.\",\"url\":\"https:\/\/maison-du-midi.fr\/blog\/auteur\/marie-d\/\",\"jobTitle\":\"R\u00e9dactrice en chef \u00b7 D\u00e9coration & Am\u00e9nagement\",\"knowsAbout\":[\"D\u00e9coration\",\"Am\u00e9nagement\"],\"email\":\"marie.d@salonstyle.fr\"}]}<\/script>\n<!-- \/ Yoast SEO Premium plugin. -->","yoast_head_json":{"title":"Partager un Reel en story Instagram facilement","description":"\u00c9tapes simples, astuces et visibilit\u00e9 : d\u00e9couvrez comment partager un Reel en story Instagram pour booster votre audience et votre engagement.","robots":{"index":"index","follow":"follow","max-snippet":"max-snippet:-1","max-image-preview":"max-image-preview:large","max-video-preview":"max-video-preview:-1"},"canonical":"https:\/\/maison-du-midi.fr\/blog\/conseils-pratiques-et-diy\/comment-partager-un-reel-en-story-instagram-pour-booster-sa-visibilite\/","og_locale":"fr_FR","og_type":"article","og_title":"Partager un Reel en story Instagram facilement","og_description":"\u00c9tapes simples, astuces et visibilit\u00e9 : d\u00e9couvrez comment partager un Reel en story Instagram pour booster votre audience et votre engagement.","og_url":"https:\/\/maison-du-midi.fr\/blog\/conseils-pratiques-et-diy\/comment-partager-un-reel-en-story-instagram-pour-booster-sa-visibilite\/","og_site_name":"maison-du-midi","og_image":[{"width":1200,"height":686,"url":"https:\/\/maison-du-midi.fr\/blog\/wp-content\/uploads\/2025\/08\/pag-image-68908844c27bd-scaled.png","type":"image\/png"}],"author":"Marie D.","twitter_card":"summary_large_image","schema":{"@context":"https:\/\/schema.org","@graph":[{"@type":"NewsArticle","@id":"https:\/\/maison-du-midi.fr\/blog\/conseils-pratiques-et-diy\/comment-partager-un-reel-en-story-instagram-pour-booster-sa-visibilite\/#article","isPartOf":{"@id":"https:\/\/maison-du-midi.fr\/blog\/conseils-pratiques-et-diy\/comment-partager-un-reel-en-story-instagram-pour-booster-sa-visibilite\/"},"author":{"name":"Marie D.","@id":"https:\/\/maison-du-midi.fr\/blog\/#\/schema\/person\/3c864cdc320801e3db34b663e7e3f816"},"headline":"Comment partager un Reel en story Instagram pour booster sa visibilit\u00e9","datePublished":"2025-08-18T07:19:00+00:00","mainEntityOfPage":{"@id":"https:\/\/maison-du-midi.fr\/blog\/conseils-pratiques-et-diy\/comment-partager-un-reel-en-story-instagram-pour-booster-sa-visibilite\/"},"wordCount":2090,"commentCount":0,"publisher":{"@id":"https:\/\/maison-du-midi.fr\/blog\/#organization"},"image":{"@id":"https:\/\/maison-du-midi.fr\/blog\/conseils-pratiques-et-diy\/comment-partager-un-reel-en-story-instagram-pour-booster-sa-visibilite\/#primaryimage"},"thumbnailUrl":"https:\/\/maison-du-midi.fr\/blog\/wp-content\/uploads\/2025\/08\/pag-image-68908844c27bd-scaled.png","keywords":["instagram reels","stories","visibilit"],"articleSection":["Conseils Pratiques et DIY"],"inLanguage":"fr-FR","potentialAction":[{"@type":"CommentAction","name":"Comment","target":["https:\/\/maison-du-midi.fr\/blog\/conseils-pratiques-et-diy\/comment-partager-un-reel-en-story-instagram-pour-booster-sa-visibilite\/#respond"]}]},{"@type":"WebPage","@id":"https:\/\/maison-du-midi.fr\/blog\/conseils-pratiques-et-diy\/comment-partager-un-reel-en-story-instagram-pour-booster-sa-visibilite\/","url":"https:\/\/maison-du-midi.fr\/blog\/conseils-pratiques-et-diy\/comment-partager-un-reel-en-story-instagram-pour-booster-sa-visibilite\/","name":"Partager un Reel en story Instagram facilement","isPartOf":{"@id":"https:\/\/maison-du-midi.fr\/blog\/#website"},"primaryImageOfPage":{"@id":"https:\/\/maison-du-midi.fr\/blog\/conseils-pratiques-et-diy\/comment-partager-un-reel-en-story-instagram-pour-booster-sa-visibilite\/#primaryimage"},"image":{"@id":"https:\/\/maison-du-midi.fr\/blog\/conseils-pratiques-et-diy\/comment-partager-un-reel-en-story-instagram-pour-booster-sa-visibilite\/#primaryimage"},"thumbnailUrl":"https:\/\/maison-du-midi.fr\/blog\/wp-content\/uploads\/2025\/08\/pag-image-68908844c27bd-scaled.png","datePublished":"2025-08-18T07:19:00+00:00","description":"\u00c9tapes simples, astuces et visibilit\u00e9 : d\u00e9couvrez comment partager un Reel en story Instagram pour booster votre audience et votre engagement.","inLanguage":"fr-FR","potentialAction":[{"@type":"ReadAction","target":["https:\/\/maison-du-midi.fr\/blog\/conseils-pratiques-et-diy\/comment-partager-un-reel-en-story-instagram-pour-booster-sa-visibilite\/"]}]},{"@type":"ImageObject","inLanguage":"fr-FR","@id":"https:\/\/maison-du-midi.fr\/blog\/conseils-pratiques-et-diy\/comment-partager-un-reel-en-story-instagram-pour-booster-sa-visibilite\/#primaryimage","url":"https:\/\/maison-du-midi.fr\/blog\/wp-content\/uploads\/2025\/08\/pag-image-68908844c27bd-scaled.png","contentUrl":"https:\/\/maison-du-midi.fr\/blog\/wp-content\/uploads\/2025\/08\/pag-image-68908844c27bd-scaled.png","width":1200,"height":686,"caption":"Image g\u00e9n\u00e9r\u00e9e par IA optimis\u00e9e pour Google Discover"},{"@type":"WebSite","@id":"https:\/\/maison-du-midi.fr\/blog\/#website","url":"https:\/\/maison-du-midi.fr\/blog\/","name":"maison-du-midi.fr","description":"Maison du Midi, l&#039;\u00e9l\u00e9gance du terroir","publisher":{"@id":"https:\/\/maison-du-midi.fr\/blog\/#organization"},"alternateName":"Maison du Midi, l'\u00e9l\u00e9gance du terroir","potentialAction":[{"@type":"SearchAction","target":{"@type":"EntryPoint","urlTemplate":"https:\/\/maison-du-midi.fr\/blog\/?s={search_term_string}"},"query-input":{"@type":"PropertyValueSpecification","valueRequired":true,"valueName":"search_term_string"}}],"inLanguage":"fr-FR"},{"@type":"Organization","@id":"https:\/\/maison-du-midi.fr\/blog\/#organization","name":"Foretsensations.fr","url":"https:\/\/maison-du-midi.fr\/blog\/","logo":{"@type":"ImageObject","inLanguage":"fr-FR","@id":"https:\/\/maison-du-midi.fr\/blog\/#\/schema\/logo\/image\/","url":"https:\/\/maison-du-midi.fr\/blog\/wp-content\/uploads\/2026\/07\/logo-auto.png","contentUrl":"https:\/\/maison-du-midi.fr\/blog\/wp-content\/uploads\/2026\/07\/logo-auto.png","width":1024,"height":1024,"caption":"Foretsensations.fr"},"image":{"@id":"https:\/\/maison-du-midi.fr\/blog\/#\/schema\/logo\/image\/"}},{"@type":"Person","@id":"https:\/\/maison-du-midi.fr\/blog\/#\/schema\/person\/3c864cdc320801e3db34b663e7e3f816","name":"Marie D.","image":{"@type":"ImageObject","inLanguage":"fr-FR","@id":"https:\/\/maison-du-midi.fr\/blog\/#\/schema\/person\/image\/","url":"https:\/\/maison-du-midi.fr\/blog\/wp-content\/uploads\/2026\/06\/persona-marie-d-96x96.jpg","contentUrl":"https:\/\/maison-du-midi.fr\/blog\/wp-content\/uploads\/2026\/06\/persona-marie-d-96x96.jpg","caption":"Marie D."},"description":"La d\u00e9coration d'int\u00e9rieur est mon univers depuis plus de dix ans, du conseil en agencement \u00e0 l'\u00e9criture \u00e9ditoriale. Je me consacre surtout \u00e0 l'am\u00e9nagement des pi\u00e8ces de vie : choix du canap\u00e9 selon l'espace et l'usage, harmonie des couleurs, circulation, lumi\u00e8re naturelle et petites astuces qui rendent un salon vraiment accueillant. J'aime traiter la d\u00e9co comme un sujet concret, avec des fourchettes de prix r\u00e9alistes et des crit\u00e8res mesurables plut\u00f4t que des effets de mode. Avant de recommander un meuble ou une mati\u00e8re, je compare les mod\u00e8les, je v\u00e9rifie l'entretien dans la dur\u00e9e et je pense au quotidien des familles, enfants et animaux compris. Mon angle : un int\u00e9rieur qui se vit, pas seulement qui se photographie. Je tiens \u00e0 ce que chaque conseil soit applicable, que l'on r\u00e9nove un studio ou que l'on meuble une grande maison.","url":"https:\/\/maison-du-midi.fr\/blog\/auteur\/marie-d\/","jobTitle":"R\u00e9dactrice en chef \u00b7 D\u00e9coration & Am\u00e9nagement","knowsAbout":["D\u00e9coration","Am\u00e9nagement"],"email":"marie.d@salonstyle.fr"}]}},"_links":{"self":[{"href":"https:\/\/maison-du-midi.fr\/blog\/wp-json\/wp\/v2\/posts\/7464","targetHints":{"allow":["GET"]}}],"collection":[{"href":"https:\/\/maison-du-midi.fr\/blog\/wp-json\/wp\/v2\/posts"}],"about":[{"href":"https:\/\/maison-du-midi.fr\/blog\/wp-json\/wp\/v2\/types\/post"}],"author":[{"embeddable":true,"href":"https:\/\/maison-du-midi.fr\/blog\/wp-json\/wp\/v2\/users\/34"}],"replies":[{"embeddable":true,"href":"https:\/\/maison-du-midi.fr\/blog\/wp-json\/wp\/v2\/comments?post=7464"}],"version-history":[{"count":1,"href":"https:\/\/maison-du-midi.fr\/blog\/wp-json\/wp\/v2\/posts\/7464\/revisions"}],"predecessor-version":[{"id":7502,"href":"https:\/\/maison-du-midi.fr\/blog\/wp-json\/wp\/v2\/posts\/7464\/revisions\/7502"}],"wp:featuredmedia":[{"embeddable":true,"href":"https:\/\/maison-du-midi.fr\/blog\/wp-json\/wp\/v2\/media\/7466"}],"wp:attachment":[{"href":"https:\/\/maison-du-midi.fr\/blog\/wp-json\/wp\/v2\/media?parent=7464"}],"wp:term":[{"taxonomy":"category","embeddable":true,"href":"https:\/\/maison-du-midi.fr\/blog\/wp-json\/wp\/v2\/categories?post=7464"},{"taxonomy":"post_tag","embeddable":true,"href":"https:\/\/maison-du-midi.fr\/blog\/wp-json\/wp\/v2\/tags?post=7464"}],"curies":[{"name":"wp","href":"https:\/\/api.w.org\/{rel}","templated":true}]}}