{"id":7481,"date":"2025-09-08T09:28:00","date_gmt":"2025-09-08T07:28:00","guid":{"rendered":"https:\/\/maison-du-midi.fr\/blog\/?p=7481"},"modified":"2025-09-08T09:28:00","modified_gmt":"2025-09-08T07:28:00","slug":"les-cadeaux-typiques-de-france-saveurs-regionales-et-artisans-locaux","status":"publish","type":"post","link":"https:\/\/maison-du-midi.fr\/blog\/conseils-pratiques-et-diy\/les-cadeaux-typiques-de-france-saveurs-regionales-et-artisans-locaux\/","title":{"rendered":"Les cadeaux typiques de France : saveurs r\u00e9gionales et artisans locaux"},"content":{"rendered":"<h1>Cadeaux Typiques de France : Offrez un Morceau de Culture Fran\u00e7aise<\/h1>\n<h2>Les Produits Alimentaires \u2013 Saveurs et Traditions R\u00e9gionales<\/h2>\n<p>La s\u00e9lection d\u2019un <strong>cadeau gastronomique<\/strong> fran\u00e7ais, c\u2019est choisir de valoriser non seulement la pluralit\u00e9 des terroirs mais aussi les artisans et producteurs locaux dont le savoir-faire est reconnu au-del\u00e0 des fronti\u00e8res.<\/p>\n<ul>\n<li><strong>Les fromages d\u2019exception<\/strong>, \u00e0 l\u2019image du <strong>Comt\u00e9 AOP du Jura<\/strong>, du <strong>Roquefort Soci\u00e9t\u00e9<\/strong> en Aveyron ou du <strong>Brie de Meaux<\/strong> en Seine-et-Marne, restent des r\u00e9f\u00e9rences absolues pour qui veut offrir un cadeau repr\u00e9sentatif de la gastronomie nationale. Plus de <u>1\u202f000 vari\u00e9t\u00e9s<\/u> sont aujourd\u2019hui commercialis\u00e9es en France, un record mondial.<\/li>\n<li>Les <strong>macarons Ladur\u00e9e<\/strong> ou <strong>Pierre Herm\u00e9 Paris<\/strong>, embl\u00e8mes du chic parisien, s\u00e9duisent par leurs saveurs subtiles et leur pr\u00e9sentation raffin\u00e9e, tandis que les <strong>chocolats Valrhona<\/strong>, fabriqu\u00e9s \u00e0 Tain-l\u2019Hermitage (Auvergne-Rh\u00f4ne-Alpes), expriment le sommet de l\u2019excellence chocolati\u00e8re depuis <u>1922<\/u>.<\/li>\n<li>Les <strong>biscuits de la Maison Dandoy<\/strong> en Provence, parfum\u00e9s \u00e0 la <strong>fleur d\u2019oranger<\/strong>, ou les <strong>navettes de Marseille<\/strong> portent la m\u00e9moire culinaire du Sud.<\/li>\n<li>Les <strong>foies gras Artzner<\/strong> d\u2019Alsace, commercialis\u00e9s depuis <u>1803<\/u>, incarnent la haute tradition festive, tout comme les <strong>confitures Bonne Maman<\/strong>, incontournables dans pr\u00e8s de <u>70% des foyers fran\u00e7ais<\/u> selon une \u00e9tude <strong>Kantar 2023<\/strong>.<\/li>\n<li>Les <strong>nougats Chabert &amp; Guillot<\/strong> de Mont\u00e9limar, les <strong>rillettes Le Mans<\/strong> et les <strong>p\u00e2t\u00e9s H\u00e9naff<\/strong> bretons forment une mosa\u00efque de saveurs r\u00e9gionales.<\/li>\n<\/ul>\n<p>L\u2019attention port\u00e9e \u00e0 l\u2019origine, la tra\u00e7abilit\u00e9 et la qualit\u00e9 artisanale fait de chaque nourriture offerte un passeport gustatif pour la d\u00e9couverte du territoire fran\u00e7ais.<\/p>\n<h2>Les Cr\u00e9ations Artisanales \u2013 Un Savoir-Faire S\u00e9culaire<\/h2>\n<p>Plus qu\u2019un produit, choisir l\u2019artisanat fran\u00e7ais revient \u00e0 offrir une part tangible d\u2019une histoire collective et de traditions s\u00e9culaires. Les objets faits main incarnent la singularit\u00e9 et la durabilit\u00e9.<\/p>\n<ul>\n<li>Les <strong>poteries de Vallauris<\/strong>, dans les <strong>Alpes-Maritimes<\/strong>, perp\u00e9tuent une technique h\u00e9rit\u00e9e du <u>XIXe si\u00e8cle<\/u>, tandis que les <strong>fa\u00efences de Gien<\/strong> dans le <strong>Loiret<\/strong> \u2013 fond\u00e9es en <u>1821<\/u> \u2013 figurent parmi les manufactures d\u2019art les plus pl\u00e9biscit\u00e9es d\u2019Europe.<\/li>\n<li>Les <strong>couteaux Laguiole Forge de Laguiole<\/strong> (Aveyron), aux manches souvent personnalisables, incarnent un symbole de prestige et d\u2019authenticit\u00e9, certifi\u00e9 <u>IGP<\/u>.<\/li>\n<li>Les <strong>bijoux \u00e9maill\u00e9s de Limoges<\/strong>, les <strong>dentelles du Puy-en-Velay<\/strong> (Haute-Loire) et les <strong>textiles brod\u00e9s<\/strong> d\u2019Alsace v\u00e9hiculent l\u2019esprit d\u2019excellence des ateliers r\u00e9gionaux.<\/li>\n<\/ul>\n<p>Ce secteur, soutenu par des labels tels que <strong>Origine France Garantie<\/strong> et <strong>Entreprise du Patrimoine Vivant<\/strong>, r\u00e9pond \u00e0 une demande accrue pour des cadeaux responsables et porteurs de sens, d\u2019autant plus recherch\u00e9s qu\u2019il s\u2019agit du travail d\u2019un cr\u00e9ateur ou d\u2019un collectif local connu.<\/p>\n<h2>Les Vins et Spiritueux \u2013 L\u2019Exp\u00e9rience de la D\u00e9gustation<\/h2>\n<p>Fleuron culturel et \u00e9conomique, le vin fran\u00e7ais incarne le go\u00fbt du partage et l\u2019art du temps long. Offrir une bouteille bien choisie revient \u00e0 transmettre l\u2019histoire d\u2019un terroir et le prestige d\u2019une maison reconnue.<\/p>\n<ul>\n<li>Les <strong>grands crus de Ch\u00e2teau Margaux<\/strong> (Bordeaux), les <strong>monopoles d&rsquo;Aubert de Villaine<\/strong> (Domaine de la Roman\u00e9e-Conti, Bourgogne), ou encore les <strong>Champagnes Ruinart<\/strong>, doyenne des maisons r\u00e9moises fond\u00e9e en <u>1729<\/u>, positionnent la France en t\u00eate du march\u00e9 mondial.<\/li>\n<li>Les <strong>spiritueux fran\u00e7ais<\/strong> continuent d\u2019\u00e9crire l\u2019histoire sur tous les continents\u202f: <strong>Cognac R\u00e9my Martin<\/strong> (Charente), <strong>Armagnac Dartigalongue<\/strong> (Gers) ou <strong>liqueur Chartreuse<\/strong> (fond\u00e9e en <u>1737<\/u> par les moines chartreux \u00e0 Voiron) s\u00e9duisent les amateurs d\u2019authenticit\u00e9.<\/li>\n<\/ul>\n<p>La fili\u00e8re viticole fran\u00e7aise repr\u00e9sente <u>plus de 558 000 emplois directs et indirects<\/u> pour un CA annuel sup\u00e9rieur \u00e0 <u>15,2 milliards d\u2019euros d\u2019exportations en 2023<\/u>, selon la <strong>F\u00e9d\u00e9ration des Exportateurs de Vins et Spiritueux<\/strong>. Personnaliser une s\u00e9lection selon la r\u00e9gion ou le mill\u00e9sime, c\u2019est faire de l\u2019\u0153nologie un moment de c\u00e9l\u00e9bration culturelle.<\/p>\n<h2>Mode et Accessoires \u2013 Le Chic Hexagonal<\/h2>\n<p>La mode demeure l\u2019une des vitrines les plus \u00e9clatantes du style fran\u00e7ais. La r\u00e9putation des maisons et la qualit\u00e9 des mat\u00e9riaux font de ces articles des valeurs s\u00fbres du cadeau \u00e9l\u00e9gant.<\/p>\n<ul>\n<li>Un <strong>foulard Herm\u00e8s en soie<\/strong>, cr\u00e9\u00e9 dans les ateliers lyonnais, symbolise l\u2019alliance parfaite entre tradition et modernit\u00e9. Chaque carr\u00e9 n\u00e9cessite pr\u00e8s de <u>450 heures de travail<\/u>.<\/li>\n<li>Les <strong>sacs Longchamp Roseau<\/strong> (Paris, maroquinerie) sont aujourd\u2019hui port\u00e9s dans plus de <u>80 pays<\/u>. La marque est devenue synonyme de raffinement accessible depuis sa fondation en <u>1948<\/u>.<\/li>\n<li>Les <strong>montres Michel Herbelin<\/strong> (Charquemont, Doubs), marient m\u00e9canique suisse et design fran\u00e7ais, tandis que les <strong>\u00e9charpes marini\u00e8res Saint James<\/strong> perp\u00e9tuent le style c\u00f4tier depuis <u>1889<\/u>.<\/li>\n<li>Pour un geste tendance, les <strong>chaussettes Sign\u00e9 Fran\u00e7ais<\/strong>, labellis\u00e9es <u>Origine France Garantie<\/u>, apportent une touche subtile de couleur et d\u2019humour.<\/li>\n<li>Les <strong>bijoux fantaisie Gas Bijoux<\/strong> (Marseille) sont reconnus pour leur cr\u00e9ativit\u00e9 et leur ancrage m\u00e9diterran\u00e9en, chaque pi\u00e8ce restant fabriqu\u00e9e artisanalement.<\/li>\n<\/ul>\n<p>Un accessoire choisi chez l\u2019une de ces maisons assure une exp\u00e9rience qui conjugue identit\u00e9 et \u00e9l\u00e9gance, y compris lors d\u2019occasions informelles.<\/p>\n<h2>Comment Composer un Coffret Cadeau Typique\u202f?<\/h2>\n<p>Assembler un coffret cadeau multifacette, c\u2019est donner la possibilit\u00e9 de faire un tour de France sensoriel personnalis\u00e9. Les plateformes sp\u00e9cialis\u00e9es rivalisent d\u2019ing\u00e9niosit\u00e9 pour r\u00e9pondre \u00e0 toutes les attentes, du cadeau d\u2019affaires au souvenir familial.<\/p>\n<ul>\n<li>La <strong>maison Fauchon Paris \u2013 gastronomie de luxe<\/strong> propose des compositions exclusives, du <strong>coffret de 36 chocolats fins<\/strong> \u00e0 la <strong>rillettes de homard au kari gosse<\/strong>, joliment pr\u00e9sent\u00e9s dans des \u00e9crins personnalisables et livr\u00e9s \u00e0 l\u2019international depuis le <u>Faubourg Saint-Honor\u00e9<\/u>.<\/li>\n<li><strong>BonjourFrench<\/strong> et <strong>Cadeaux.com<\/strong> permettent de personnaliser son assortiment\u202f: ajouter un message manuscrit, choisir la couleur du ruban ou opter pour une gravure sur bo\u00eete font partie des services de diff\u00e9renciation recherch\u00e9s en 2025.<\/li>\n<li>Certaines maisons, comme <strong>La Maison du Chocolat<\/strong> (Paris) ou <strong>Len\u00f4tre<\/strong>, misent sur le format box \u00e9v\u00e9nementiel pour mettre \u00e0 l\u2019honneur les saisons (coffret \u00e9piphanie, coffret f\u00eates des m\u00e8res, etc.).<\/li>\n<li>Du c\u00f4t\u00e9 cosm\u00e9tique, les coffrets <strong>L\u2019Occitane en Provence<\/strong>, <strong>Caudalie (Bordeaux)<\/strong> ou <strong>Yves Rocher (La Gacilly)<\/strong> mettent l&rsquo;accent sur l&rsquo;authenticit\u00e9, la naturalit\u00e9 et l\u2019\u00e9coresponsabilit\u00e9, trois attentes fortes des consommateurs en <u>2024<\/u>.<\/li>\n<\/ul>\n<p>\u00c0 notre avis, ces boxes constituent une solution \u00e9l\u00e9gante et efficace pour offrir une palette repr\u00e9sentative de la culture fran\u00e7aise, adapt\u00e9e \u00e0 toutes les g\u00e9n\u00e9rations et \u00e0 tous les types de destinataires.<\/p>\n<h2>Cadeaux pour Enfants : Transmission Ludique du Patrimoine<\/h2>\n<p>Sensibiliser les plus jeunes au patrimoine fran\u00e7ais passe aussi par le cadeau. Les jouets con\u00e7us et fabriqu\u00e9s localement v\u00e9hiculent des valeurs d\u2019authenticit\u00e9 et d\u2019\u00e9veil cr\u00e9atif.<\/p>\n<ul>\n<li>Les <strong>jouets en bois Vilac<\/strong> (Jura) et les kits cr\u00e9atifs <strong>DJECO<\/strong> (Montreuil) forment un duo reconnu pour leur design imaginaire et leur qualit\u00e9 de fabrication.<\/li>\n<li>Les <strong>peluches Moulin Roty<\/strong> (Nantes, fond\u00e9e en <u>1972<\/u>) traversent les g\u00e9n\u00e9rations avec leur univers po\u00e9tique et leur fabrication responsable.<\/li>\n<li>Les <strong>livres illustr\u00e9s de Gallimard Jeunesse<\/strong> ou des \u00e9ditions <strong>Saltimbanque<\/strong> font d\u00e9couvrir aux enfants l\u2019histoire, la g\u00e9ographie et les h\u00e9ros du patrimoine fran\u00e7ais \u00e0 travers des r\u00e9cits vivants et interactifs.<\/li>\n<\/ul>\n<p>Proposer des puzzles \u00e9ducatifs Made in France ou des kits de cr\u00e9ation (peinture, cuisine, jardinage) favorise la curiosit\u00e9, tout en transmettant les us et coutumes r\u00e9gionales.<\/p>\n<h2>Cadeaux \u00c9cologiques et Engagements Durables<\/h2>\n<p>La dynamique \u00e9cologique irrigue d\u00e9sormais la majorit\u00e9 des choix cadeaux en France. La prise de conscience environnementale pousse vers des produits durables, con\u00e7us pour limiter l\u2019empreinte carbone et valoriser le circuit court.<\/p>\n<ul>\n<li>Les <strong>v\u00eatements en coton bio Le Slip Fran\u00e7ais<\/strong> (Paris), fabriqu\u00e9s exclusivement dans l\u2019Hexagone depuis <u>2011<\/u>, touchent une client\u00e8le citadine \u00e0 la recherche de textile responsable.<\/li>\n<li>Les <strong>cosm\u00e9tiques Lamazuna<\/strong> (Dr\u00f4me), pionni\u00e8re du z\u00e9ro d\u00e9chet, offrent des coffrets rechargeables, savonnettes solides et brosses \u00e0 dents compostables, en coh\u00e9rence avec les nouvelles exigences r\u00e9glementaires (<u>Pacte Loi AGEC, 2022<\/u>).<\/li>\n<li>Des bijoux durables en mat\u00e9riaux recycl\u00e9s, comme ceux du <strong>Collectif Les R\u00e9cup\u00e9rables<\/strong>, ou les <strong>accessoires Le Petit Z\u00e8bre<\/strong>, certifi\u00e9s <u>Origine France Garantie<\/u>, allient style et respect du vivant.<\/li>\n<li>Le secteur du jouet \u00e9thique conna\u00eet une croissance \u00e0 deux chiffres depuis <u>2023<\/u>, soutenue par les initiatives \u00e9ducatives \u00e9manant du <strong>Salon Playtime Paris<\/strong> ou des boutiques multi-marques comme <strong>Nature &amp; D\u00e9couvertes<\/strong>.<\/li>\n<\/ul>\n<p>\u00c0 notre sens, privil\u00e9gier ces choix \u00e9cologiques revient \u00e0 affirmer des valeurs contemporaines et \u00e0 porter l\u2019image d\u2019une France innovante mais fid\u00e8le \u00e0 ses racines. Le destinataire, attentif \u00e0 l\u2019origine et au cycle de vie, y r\u00e9pond favorablement.<\/p>\n<h2>Conseils d\u2019Experts pour S\u00e9lectionner un Cadeau Typiquement Fran\u00e7ais<\/h2>\n<p>Face \u00e0 l\u2019abondance de l\u2019offre, il s\u2019agit d\u2019op\u00e9rer des choix \u00e9clair\u00e9s, adapt\u00e9s \u00e0 l\u2019occasion, au profil du destinataire et, lorsque c\u2019est possible, personnalis\u00e9s. \u00c9laborer un cadeau r\u00e9ussi exige d\u2019articuler traditions et modernit\u00e9, tout en s\u2019inscrivant dans l\u2019air du temps.<\/p>\n<ul>\n<li>Privil\u00e9gier les entreprises titulaires de labels de qualit\u00e9 tels que <strong>EPV (Entreprise du Patrimoine Vivant)<\/strong>, <strong>IGP<\/strong> ou <strong>AOP<\/strong> pour la garantie d\u2019un savoir-faire reconnu par l\u2019\u00c9tat.<\/li>\n<li>Se tourner vers les maisons ayant obtenu des distinctions internationales, telles que <strong>Ladur\u00e9e<\/strong> (Prix du Meilleur Macaron 2023 \u00e0 la <strong>Paris Macaron Award<\/strong>) ou <strong>Valrhona<\/strong> (Meilleur chocolat professionnel \u2013 <u>Salon du Chocolat, Paris 2023<\/u>).<\/li>\n<li>Recourir aux boutiques historiques ou nouveaux acteurs digitaux qui ont su digitaliser l\u2019artisanat local, \u00e0 l\u2019image de <strong>Merci Raymond<\/strong> ou <strong>Le Slip Fran\u00e7ais<\/strong>.<\/li>\n<li>Sonder l\u2019histoire du produit\u202f: un objet avec une singularit\u00e9 forte (\u00e9dition limit\u00e9e, production locale, fabricant familial) comporte une dimension narrative, capable de susciter l\u2019int\u00e9r\u00eat et l\u2019attachement.<\/li>\n<li>Tenir compte des aspects logistiques, notamment pour les produits alimentaires frais ou fragiles, en privil\u00e9giant les circuits adapt\u00e9s au commerce international et exp\u00e9ditions sous temp\u00e9rature dirig\u00e9e (<strong>Chronofresh<\/strong>, <strong>UPS Temp Control<\/strong>).<\/li>\n<\/ul>\n<p>Notre exp\u00e9rience montre que l\u2019association de produits compl\u00e9mentaires (m\u00e9langeant culture, art de la table, senteurs, textiles et papeterie) d\u00e9multiplie l\u2019effet de surprise et enrichit le souvenir du cadeau.<\/p>\n<h2>Comparatif\u202f: Marques et Maisons R\u00e9f\u00e9rences sur les Cadeaux Typiquement Fran\u00e7ais<\/h2>\n<p>L\u2019\u00e9volution du march\u00e9 des cadeaux a entra\u00een\u00e9 la diversification des r\u00e9f\u00e9rences\u202f: certaines marques restent incontournables tandis que de nouveaux acteurs imposent leur singularit\u00e9. Pour s\u2019y retrouver, il est utile de conna\u00eetre les enseignes de r\u00e9f\u00e9rence selon diff\u00e9rents segments.<\/p>\n<table border=\"1\" cellpadding=\"4\" cellspacing=\"0\">\n<thead>\n<tr>\n<th><strong>Cat\u00e9gorie<\/strong><\/th>\n<th><strong>Marques de R\u00e9f\u00e9rence<\/strong><\/th>\n<th><strong>Ann\u00e9e de Fondation<\/strong><\/th>\n<th><strong>Atouts Distinctifs<\/strong><\/th>\n<\/tr>\n<\/thead>\n<tbody>\n<tr>\n<td>Gastronomie<\/td>\n<td>Fauchon, Ladur\u00e9e, Maison du Chocolat<\/td>\n<td>1886, 1862, 1977<\/td>\n<td>Excellence, innovation, distribution internationale<\/td>\n<\/tr>\n<tr>\n<td>Vin et Spiritueux<\/td>\n<td>Ch\u00e2teau Margaux, Ruinart, R\u00e9my Martin<\/td>\n<td>1586, 1729, 1724<\/td>\n<td>Prestige, terroir, distinction AOC\/AOP<\/td>\n<\/tr>\n<tr>\n<td>Artisanat<\/td>\n<td>Laguiole Forge, Fa\u00efence Gien, Gas Bijoux<\/td>\n<td>1829, 1821, 1972<\/td>\n<td>Fabrication fran\u00e7aise, design iconique<\/td>\n<\/tr>\n<tr>\n<td>Mode &amp; Accessoires<\/td>\n<td>Herm\u00e8s, Longchamp, Saint James<\/td>\n<td>1837, 1948, 1889<\/td>\n<td>Savoir-faire, transmission patrimoniale<\/td>\n<\/tr>\n<tr>\n<td>Beaut\u00e9 &amp; Bien-\u00eatre<\/td>\n<td>L\u2019Occitane, Caudalie, Yves Rocher<\/td>\n<td>1976, 1995, 1959<\/td>\n<td>Origine naturelle, fili\u00e8re responsable<\/td>\n<\/tr>\n<tr>\n<td>Enfant<\/td>\n<td>Vilac, Moulin Roty, DJECO<\/td>\n<td>1911, 1972, 1954<\/td>\n<td>Fabrication locale, cr\u00e9ativit\u00e9, p\u00e9dagogie<\/td>\n<\/tr>\n<\/tbody>\n<\/table>\n<p>On constate que, quel que soit le secteur, les r\u00e9f\u00e9rences fran\u00e7aises combinent anciennet\u00e9, capacit\u00e9 d\u2019innovation et strat\u00e9gie internationale affirm\u00e9e, consolidant l\u2019image d\u2019excellence hexagonale.<\/p>\n<h2>\u00c9v\u00e9nements et Tendances : L\u2019Art de l\u2019Offert en 2025<\/h2>\n<p>En <u>2024 et 2025<\/u>, le secteur des cadeaux s\u2019est mis \u00e0 l\u2019heure des \u00e9v\u00e9nements, favorisant l\u2019exp\u00e9rience client et la mont\u00e9e en gamme. Les salons, concours et festivals valorisent autant l\u2019innovation que la tradition.<\/p>\n<ul>\n<li>Le <strong>Salon du Made in France<\/strong> (Paris Expo \u2013 Porte de Versailles, novembre 2024) permet de d\u00e9couvrir les nouvelles tendances et les produits prim\u00e9s, des ateliers personnalis\u00e9s aux cr\u00e9ations en s\u00e9rie limit\u00e9e.<\/li>\n<li>\u00c0 l\u2019occasion du <strong>Luxury Packaging Paris 2025<\/strong>, la personnalisation et la durabilit\u00e9 des coffrets sont devenues des axes majeurs, avec la pr\u00e9sentation de formats r\u00e9utilisables et la hausse de la demande pour les emballages recycl\u00e9s.<\/li>\n<li>La <strong>Semaine de la Gastronomie Fran\u00e7aise<\/strong>, qui a regroup\u00e9 plus de <u>240 exposants<\/u> en mars 2024 \u00e0 Bordeaux, confirme l\u2019attrait croissant pour les sp\u00e9cialit\u00e9s r\u00e9gionales, port\u00e9es par les figures du <strong>Coll\u00e8ge Culinaire de France<\/strong> comme <strong>Alain Ducasse<\/strong> ou <strong>Anne-Sophie Pic<\/strong>.<\/li>\n<\/ul>\n<p>Dans notre analyse, la valorisation de l\u2019exp\u00e9rience \u2013 box immersive avec QR code, carnet de d\u00e9gustation, ateliers d\u2019initiation \u2013 contribue \u00e0 fid\u00e9liser les destinataires et \u00e0 prolonger le souvenir du cadeau.<\/p>\n<h2>Conseils Pratiques pour un Cadeau qui Fait Sens<\/h2>\n<p>Le succ\u00e8s d\u2019un pr\u00e9sent r\u00e9side dans la capacit\u00e9 \u00e0 allier esth\u00e9tisme, utilit\u00e9 et impact \u00e9motionnel. Les nouveaux consommateurs recherchent avant tout la valeur d\u2019usage, l\u2019authenticit\u00e9 narrative et le respect environnemental, loin des cadeaux standardis\u00e9s.<\/p>\n<ul>\n<li>Pensez \u00e0 <strong>personnaliser votre message<\/strong>\u202f: une anecdote, une r\u00e9f\u00e9rence r\u00e9gionale ou un mot manuscrit augmentent la touche affective et rendent l\u2019exp\u00e9rience inoubliable.<\/li>\n<li>Optez pour une <strong>pr\u00e9sentation soign\u00e9e<\/strong>\u202f: coffret en bois grav\u00e9, bo\u00eete illustr\u00e9e par un artiste local, carte illustr\u00e9e sur mesure.<\/li>\n<li>Pour l\u2019envoi \u00e0 l\u2019\u00e9tranger, renseignez-vous sur la <strong>r\u00e9glementation douani\u00e8re<\/strong>\u202f: certains produits alimentaires, cosm\u00e9tiques ou alcoolis\u00e9s sont soumis \u00e0 des restrictions, et la protection des appellations est mieux garantie via des circuit officiels de distribution.<\/li>\n<\/ul>\n<p>Nous recommandons le recours aux plateformes qui proposent un service client d\u00e9di\u00e9, un emballage s\u00e9curis\u00e9 et une assistance personnalis\u00e9e, comme <strong>BHV Marais<\/strong> ou <strong>La Grande \u00c9picerie de Paris<\/strong>, qui b\u00e9n\u00e9ficient d\u2019une expertise pointue.<\/p>\n<h2>Conclusion : Offrir un Cadeau Typique de France, C\u2019est Plus Qu\u2019un Simple Objet<\/h2>\n<p>Offrir un pr\u00e9sent puis\u00e9 dans le r\u00e9pertoire fran\u00e7ais, c\u2019est transmettre une part pr\u00e9cieuse\u202f: l\u2019histoire, la cr\u00e9ativit\u00e9 et le raffinement propre \u00e0 l\u2019Hexagone. Nous sommes convaincus que la diversit\u00e9 des produits, l\u2019essor de l\u2019artisanat, la progression du durable et la personnalisation renforcent la port\u00e9e symbolique du cadeau. Qu\u2019il s\u2019agisse d\u2019un vin d\u2019exception, d\u2019un livre rare ou d\u2019un accessoire de mode singulier, nous conseillons toujours d\u2019attacher \u00e0 votre pr\u00e9sent un message porteur de sens. \u00c0 vos c\u00f4t\u00e9s pour guider ce choix, nous sommes persuad\u00e9s que l\u2019art de l\u2019offert \u00e0 la fran\u00e7aise a encore de beaux jours devant lui. Alors, quelle facette du patrimoine fran\u00e7ais choisirez-vous de transmettre lors de votre prochaine occasion&nbsp;?<\/p>\n","protected":false},"excerpt":{"rendered":"","protected":false},"author":34,"featured_media":7484,"comment_status":"open","ping_status":"open","sticky":false,"template":"","format":"standard","meta":{"_acf_changed":false,"manual_indexmenow":false,"indexmenow_id_project":0,"footnotes":""},"categories":[4524],"tags":[4566,4565,4567],"class_list":["post-7481","post","type-post","status-publish","format-standard","has-post-thumbnail","hentry","category-conseils-pratiques-et-diy","tag-artisans-locaux","tag-cadeaux-regionaux","tag-gastronomie-franaise","generate-columns","tablet-grid-50","mobile-grid-100","grid-parent","grid-25"],"acf":[],"yoast_head":"<!-- This site is optimized with the Yoast SEO Premium plugin v21.3 (Yoast SEO v26.5) - https:\/\/yoast.com\/wordpress\/plugins\/seo\/ -->\n<title>Cadeaux typiques de France : saveurs r\u00e9gionales<\/title>\n<meta name=\"description\" content=\"Sp\u00e9cialit\u00e9s, terroir et savoir-faire : d\u00e9couvrez les cadeaux typiques de France, entre saveurs r\u00e9gionales et cr\u00e9ations d&#039;artisans locaux.\" \/>\n<meta name=\"robots\" content=\"index, follow, max-snippet:-1, max-image-preview:large, max-video-preview:-1\" \/>\n<link rel=\"canonical\" href=\"https:\/\/maison-du-midi.fr\/blog\/conseils-pratiques-et-diy\/les-cadeaux-typiques-de-france-saveurs-regionales-et-artisans-locaux\/\" \/>\n<meta property=\"og:locale\" content=\"fr_FR\" \/>\n<meta property=\"og:type\" content=\"article\" \/>\n<meta property=\"og:title\" content=\"Cadeaux typiques de France : saveurs r\u00e9gionales\" \/>\n<meta property=\"og:description\" content=\"Sp\u00e9cialit\u00e9s, terroir et savoir-faire : d\u00e9couvrez les cadeaux typiques de France, entre saveurs r\u00e9gionales et cr\u00e9ations d&#039;artisans locaux.\" \/>\n<meta property=\"og:url\" content=\"https:\/\/maison-du-midi.fr\/blog\/conseils-pratiques-et-diy\/les-cadeaux-typiques-de-france-saveurs-regionales-et-artisans-locaux\/\" \/>\n<meta property=\"og:site_name\" content=\"maison-du-midi\" \/>\n<meta property=\"og:image\" content=\"https:\/\/maison-du-midi.fr\/blog\/wp-content\/uploads\/2025\/08\/pag-image-68908b7e93d9c-scaled.png\" \/>\n\t<meta property=\"og:image:width\" content=\"1200\" \/>\n\t<meta property=\"og:image:height\" content=\"686\" \/>\n\t<meta property=\"og:image:type\" content=\"image\/png\" \/>\n<meta name=\"author\" content=\"Marie D.\" \/>\n<meta name=\"twitter:card\" content=\"summary_large_image\" \/>\n<script type=\"application\/ld+json\" class=\"yoast-schema-graph\">{\"@context\":\"https:\/\/schema.org\",\"@graph\":[{\"@type\":\"NewsArticle\",\"@id\":\"https:\/\/maison-du-midi.fr\/blog\/conseils-pratiques-et-diy\/les-cadeaux-typiques-de-france-saveurs-regionales-et-artisans-locaux\/#article\",\"isPartOf\":{\"@id\":\"https:\/\/maison-du-midi.fr\/blog\/conseils-pratiques-et-diy\/les-cadeaux-typiques-de-france-saveurs-regionales-et-artisans-locaux\/\"},\"author\":{\"name\":\"Marie D.\",\"@id\":\"https:\/\/maison-du-midi.fr\/blog\/#\/schema\/person\/3c864cdc320801e3db34b663e7e3f816\"},\"headline\":\"Les cadeaux typiques de France : saveurs r\u00e9gionales et artisans locaux\",\"datePublished\":\"2025-09-08T07:28:00+00:00\",\"mainEntityOfPage\":{\"@id\":\"https:\/\/maison-du-midi.fr\/blog\/conseils-pratiques-et-diy\/les-cadeaux-typiques-de-france-saveurs-regionales-et-artisans-locaux\/\"},\"wordCount\":2390,\"commentCount\":0,\"publisher\":{\"@id\":\"https:\/\/maison-du-midi.fr\/blog\/#organization\"},\"image\":{\"@id\":\"https:\/\/maison-du-midi.fr\/blog\/conseils-pratiques-et-diy\/les-cadeaux-typiques-de-france-saveurs-regionales-et-artisans-locaux\/#primaryimage\"},\"thumbnailUrl\":\"https:\/\/maison-du-midi.fr\/blog\/wp-content\/uploads\/2025\/08\/pag-image-68908b7e93d9c-scaled.png\",\"keywords\":[\"artisans locaux\",\"cadeaux regionaux\",\"gastronomie franaise\"],\"articleSection\":[\"Conseils Pratiques et DIY\"],\"inLanguage\":\"fr-FR\",\"potentialAction\":[{\"@type\":\"CommentAction\",\"name\":\"Comment\",\"target\":[\"https:\/\/maison-du-midi.fr\/blog\/conseils-pratiques-et-diy\/les-cadeaux-typiques-de-france-saveurs-regionales-et-artisans-locaux\/#respond\"]}]},{\"@type\":\"WebPage\",\"@id\":\"https:\/\/maison-du-midi.fr\/blog\/conseils-pratiques-et-diy\/les-cadeaux-typiques-de-france-saveurs-regionales-et-artisans-locaux\/\",\"url\":\"https:\/\/maison-du-midi.fr\/blog\/conseils-pratiques-et-diy\/les-cadeaux-typiques-de-france-saveurs-regionales-et-artisans-locaux\/\",\"name\":\"Cadeaux typiques de France : saveurs r\u00e9gionales\",\"isPartOf\":{\"@id\":\"https:\/\/maison-du-midi.fr\/blog\/#website\"},\"primaryImageOfPage\":{\"@id\":\"https:\/\/maison-du-midi.fr\/blog\/conseils-pratiques-et-diy\/les-cadeaux-typiques-de-france-saveurs-regionales-et-artisans-locaux\/#primaryimage\"},\"image\":{\"@id\":\"https:\/\/maison-du-midi.fr\/blog\/conseils-pratiques-et-diy\/les-cadeaux-typiques-de-france-saveurs-regionales-et-artisans-locaux\/#primaryimage\"},\"thumbnailUrl\":\"https:\/\/maison-du-midi.fr\/blog\/wp-content\/uploads\/2025\/08\/pag-image-68908b7e93d9c-scaled.png\",\"datePublished\":\"2025-09-08T07:28:00+00:00\",\"description\":\"Sp\u00e9cialit\u00e9s, terroir et savoir-faire : d\u00e9couvrez les cadeaux typiques de France, entre saveurs r\u00e9gionales et cr\u00e9ations d'artisans locaux.\",\"inLanguage\":\"fr-FR\",\"potentialAction\":[{\"@type\":\"ReadAction\",\"target\":[\"https:\/\/maison-du-midi.fr\/blog\/conseils-pratiques-et-diy\/les-cadeaux-typiques-de-france-saveurs-regionales-et-artisans-locaux\/\"]}]},{\"@type\":\"ImageObject\",\"inLanguage\":\"fr-FR\",\"@id\":\"https:\/\/maison-du-midi.fr\/blog\/conseils-pratiques-et-diy\/les-cadeaux-typiques-de-france-saveurs-regionales-et-artisans-locaux\/#primaryimage\",\"url\":\"https:\/\/maison-du-midi.fr\/blog\/wp-content\/uploads\/2025\/08\/pag-image-68908b7e93d9c-scaled.png\",\"contentUrl\":\"https:\/\/maison-du-midi.fr\/blog\/wp-content\/uploads\/2025\/08\/pag-image-68908b7e93d9c-scaled.png\",\"width\":1200,\"height\":686,\"caption\":\"Image g\u00e9n\u00e9r\u00e9e par IA optimis\u00e9e pour Google Discover\"},{\"@type\":\"WebSite\",\"@id\":\"https:\/\/maison-du-midi.fr\/blog\/#website\",\"url\":\"https:\/\/maison-du-midi.fr\/blog\/\",\"name\":\"maison-du-midi.fr\",\"description\":\"Maison du Midi, l&#039;\u00e9l\u00e9gance du terroir\",\"publisher\":{\"@id\":\"https:\/\/maison-du-midi.fr\/blog\/#organization\"},\"alternateName\":\"Maison du Midi, l'\u00e9l\u00e9gance du terroir\",\"potentialAction\":[{\"@type\":\"SearchAction\",\"target\":{\"@type\":\"EntryPoint\",\"urlTemplate\":\"https:\/\/maison-du-midi.fr\/blog\/?s={search_term_string}\"},\"query-input\":{\"@type\":\"PropertyValueSpecification\",\"valueRequired\":true,\"valueName\":\"search_term_string\"}}],\"inLanguage\":\"fr-FR\"},{\"@type\":\"Organization\",\"@id\":\"https:\/\/maison-du-midi.fr\/blog\/#organization\",\"name\":\"Foretsensations.fr\",\"url\":\"https:\/\/maison-du-midi.fr\/blog\/\",\"logo\":{\"@type\":\"ImageObject\",\"inLanguage\":\"fr-FR\",\"@id\":\"https:\/\/maison-du-midi.fr\/blog\/#\/schema\/logo\/image\/\",\"url\":\"https:\/\/maison-du-midi.fr\/blog\/wp-content\/uploads\/2026\/07\/logo-auto.png\",\"contentUrl\":\"https:\/\/maison-du-midi.fr\/blog\/wp-content\/uploads\/2026\/07\/logo-auto.png\",\"width\":1024,\"height\":1024,\"caption\":\"Foretsensations.fr\"},\"image\":{\"@id\":\"https:\/\/maison-du-midi.fr\/blog\/#\/schema\/logo\/image\/\"}},{\"@type\":\"Person\",\"@id\":\"https:\/\/maison-du-midi.fr\/blog\/#\/schema\/person\/3c864cdc320801e3db34b663e7e3f816\",\"name\":\"Marie D.\",\"image\":{\"@type\":\"ImageObject\",\"inLanguage\":\"fr-FR\",\"@id\":\"https:\/\/maison-du-midi.fr\/blog\/#\/schema\/person\/image\/\",\"url\":\"https:\/\/maison-du-midi.fr\/blog\/wp-content\/uploads\/2026\/06\/persona-marie-d-96x96.jpg\",\"contentUrl\":\"https:\/\/maison-du-midi.fr\/blog\/wp-content\/uploads\/2026\/06\/persona-marie-d-96x96.jpg\",\"caption\":\"Marie D.\"},\"description\":\"La d\u00e9coration d'int\u00e9rieur est mon univers depuis plus de dix ans, du conseil en agencement \u00e0 l'\u00e9criture \u00e9ditoriale. Je me consacre surtout \u00e0 l'am\u00e9nagement des pi\u00e8ces de vie : choix du canap\u00e9 selon l'espace et l'usage, harmonie des couleurs, circulation, lumi\u00e8re naturelle et petites astuces qui rendent un salon vraiment accueillant. J'aime traiter la d\u00e9co comme un sujet concret, avec des fourchettes de prix r\u00e9alistes et des crit\u00e8res mesurables plut\u00f4t que des effets de mode. Avant de recommander un meuble ou une mati\u00e8re, je compare les mod\u00e8les, je v\u00e9rifie l'entretien dans la dur\u00e9e et je pense au quotidien des familles, enfants et animaux compris. Mon angle : un int\u00e9rieur qui se vit, pas seulement qui se photographie. Je tiens \u00e0 ce que chaque conseil soit applicable, que l'on r\u00e9nove un studio ou que l'on meuble une grande maison.\",\"url\":\"https:\/\/maison-du-midi.fr\/blog\/auteur\/marie-d\/\",\"jobTitle\":\"R\u00e9dactrice en chef \u00b7 D\u00e9coration & Am\u00e9nagement\",\"knowsAbout\":[\"D\u00e9coration\",\"Am\u00e9nagement\"],\"email\":\"marie.d@salonstyle.fr\"}]}<\/script>\n<!-- \/ Yoast SEO Premium plugin. -->","yoast_head_json":{"title":"Cadeaux typiques de France : saveurs r\u00e9gionales","description":"Sp\u00e9cialit\u00e9s, terroir et savoir-faire : d\u00e9couvrez les cadeaux typiques de France, entre saveurs r\u00e9gionales et cr\u00e9ations d'artisans locaux.","robots":{"index":"index","follow":"follow","max-snippet":"max-snippet:-1","max-image-preview":"max-image-preview:large","max-video-preview":"max-video-preview:-1"},"canonical":"https:\/\/maison-du-midi.fr\/blog\/conseils-pratiques-et-diy\/les-cadeaux-typiques-de-france-saveurs-regionales-et-artisans-locaux\/","og_locale":"fr_FR","og_type":"article","og_title":"Cadeaux typiques de France : saveurs r\u00e9gionales","og_description":"Sp\u00e9cialit\u00e9s, terroir et savoir-faire : d\u00e9couvrez les cadeaux typiques de France, entre saveurs r\u00e9gionales et cr\u00e9ations d'artisans locaux.","og_url":"https:\/\/maison-du-midi.fr\/blog\/conseils-pratiques-et-diy\/les-cadeaux-typiques-de-france-saveurs-regionales-et-artisans-locaux\/","og_site_name":"maison-du-midi","og_image":[{"width":1200,"height":686,"url":"https:\/\/maison-du-midi.fr\/blog\/wp-content\/uploads\/2025\/08\/pag-image-68908b7e93d9c-scaled.png","type":"image\/png"}],"author":"Marie D.","twitter_card":"summary_large_image","schema":{"@context":"https:\/\/schema.org","@graph":[{"@type":"NewsArticle","@id":"https:\/\/maison-du-midi.fr\/blog\/conseils-pratiques-et-diy\/les-cadeaux-typiques-de-france-saveurs-regionales-et-artisans-locaux\/#article","isPartOf":{"@id":"https:\/\/maison-du-midi.fr\/blog\/conseils-pratiques-et-diy\/les-cadeaux-typiques-de-france-saveurs-regionales-et-artisans-locaux\/"},"author":{"name":"Marie D.","@id":"https:\/\/maison-du-midi.fr\/blog\/#\/schema\/person\/3c864cdc320801e3db34b663e7e3f816"},"headline":"Les cadeaux typiques de France : saveurs r\u00e9gionales et artisans locaux","datePublished":"2025-09-08T07:28:00+00:00","mainEntityOfPage":{"@id":"https:\/\/maison-du-midi.fr\/blog\/conseils-pratiques-et-diy\/les-cadeaux-typiques-de-france-saveurs-regionales-et-artisans-locaux\/"},"wordCount":2390,"commentCount":0,"publisher":{"@id":"https:\/\/maison-du-midi.fr\/blog\/#organization"},"image":{"@id":"https:\/\/maison-du-midi.fr\/blog\/conseils-pratiques-et-diy\/les-cadeaux-typiques-de-france-saveurs-regionales-et-artisans-locaux\/#primaryimage"},"thumbnailUrl":"https:\/\/maison-du-midi.fr\/blog\/wp-content\/uploads\/2025\/08\/pag-image-68908b7e93d9c-scaled.png","keywords":["artisans locaux","cadeaux regionaux","gastronomie franaise"],"articleSection":["Conseils Pratiques et DIY"],"inLanguage":"fr-FR","potentialAction":[{"@type":"CommentAction","name":"Comment","target":["https:\/\/maison-du-midi.fr\/blog\/conseils-pratiques-et-diy\/les-cadeaux-typiques-de-france-saveurs-regionales-et-artisans-locaux\/#respond"]}]},{"@type":"WebPage","@id":"https:\/\/maison-du-midi.fr\/blog\/conseils-pratiques-et-diy\/les-cadeaux-typiques-de-france-saveurs-regionales-et-artisans-locaux\/","url":"https:\/\/maison-du-midi.fr\/blog\/conseils-pratiques-et-diy\/les-cadeaux-typiques-de-france-saveurs-regionales-et-artisans-locaux\/","name":"Cadeaux typiques de France : saveurs r\u00e9gionales","isPartOf":{"@id":"https:\/\/maison-du-midi.fr\/blog\/#website"},"primaryImageOfPage":{"@id":"https:\/\/maison-du-midi.fr\/blog\/conseils-pratiques-et-diy\/les-cadeaux-typiques-de-france-saveurs-regionales-et-artisans-locaux\/#primaryimage"},"image":{"@id":"https:\/\/maison-du-midi.fr\/blog\/conseils-pratiques-et-diy\/les-cadeaux-typiques-de-france-saveurs-regionales-et-artisans-locaux\/#primaryimage"},"thumbnailUrl":"https:\/\/maison-du-midi.fr\/blog\/wp-content\/uploads\/2025\/08\/pag-image-68908b7e93d9c-scaled.png","datePublished":"2025-09-08T07:28:00+00:00","description":"Sp\u00e9cialit\u00e9s, terroir et savoir-faire : d\u00e9couvrez les cadeaux typiques de France, entre saveurs r\u00e9gionales et cr\u00e9ations d'artisans locaux.","inLanguage":"fr-FR","potentialAction":[{"@type":"ReadAction","target":["https:\/\/maison-du-midi.fr\/blog\/conseils-pratiques-et-diy\/les-cadeaux-typiques-de-france-saveurs-regionales-et-artisans-locaux\/"]}]},{"@type":"ImageObject","inLanguage":"fr-FR","@id":"https:\/\/maison-du-midi.fr\/blog\/conseils-pratiques-et-diy\/les-cadeaux-typiques-de-france-saveurs-regionales-et-artisans-locaux\/#primaryimage","url":"https:\/\/maison-du-midi.fr\/blog\/wp-content\/uploads\/2025\/08\/pag-image-68908b7e93d9c-scaled.png","contentUrl":"https:\/\/maison-du-midi.fr\/blog\/wp-content\/uploads\/2025\/08\/pag-image-68908b7e93d9c-scaled.png","width":1200,"height":686,"caption":"Image g\u00e9n\u00e9r\u00e9e par IA optimis\u00e9e pour Google Discover"},{"@type":"WebSite","@id":"https:\/\/maison-du-midi.fr\/blog\/#website","url":"https:\/\/maison-du-midi.fr\/blog\/","name":"maison-du-midi.fr","description":"Maison du Midi, l&#039;\u00e9l\u00e9gance du terroir","publisher":{"@id":"https:\/\/maison-du-midi.fr\/blog\/#organization"},"alternateName":"Maison du Midi, l'\u00e9l\u00e9gance du terroir","potentialAction":[{"@type":"SearchAction","target":{"@type":"EntryPoint","urlTemplate":"https:\/\/maison-du-midi.fr\/blog\/?s={search_term_string}"},"query-input":{"@type":"PropertyValueSpecification","valueRequired":true,"valueName":"search_term_string"}}],"inLanguage":"fr-FR"},{"@type":"Organization","@id":"https:\/\/maison-du-midi.fr\/blog\/#organization","name":"Foretsensations.fr","url":"https:\/\/maison-du-midi.fr\/blog\/","logo":{"@type":"ImageObject","inLanguage":"fr-FR","@id":"https:\/\/maison-du-midi.fr\/blog\/#\/schema\/logo\/image\/","url":"https:\/\/maison-du-midi.fr\/blog\/wp-content\/uploads\/2026\/07\/logo-auto.png","contentUrl":"https:\/\/maison-du-midi.fr\/blog\/wp-content\/uploads\/2026\/07\/logo-auto.png","width":1024,"height":1024,"caption":"Foretsensations.fr"},"image":{"@id":"https:\/\/maison-du-midi.fr\/blog\/#\/schema\/logo\/image\/"}},{"@type":"Person","@id":"https:\/\/maison-du-midi.fr\/blog\/#\/schema\/person\/3c864cdc320801e3db34b663e7e3f816","name":"Marie D.","image":{"@type":"ImageObject","inLanguage":"fr-FR","@id":"https:\/\/maison-du-midi.fr\/blog\/#\/schema\/person\/image\/","url":"https:\/\/maison-du-midi.fr\/blog\/wp-content\/uploads\/2026\/06\/persona-marie-d-96x96.jpg","contentUrl":"https:\/\/maison-du-midi.fr\/blog\/wp-content\/uploads\/2026\/06\/persona-marie-d-96x96.jpg","caption":"Marie D."},"description":"La d\u00e9coration d'int\u00e9rieur est mon univers depuis plus de dix ans, du conseil en agencement \u00e0 l'\u00e9criture \u00e9ditoriale. Je me consacre surtout \u00e0 l'am\u00e9nagement des pi\u00e8ces de vie : choix du canap\u00e9 selon l'espace et l'usage, harmonie des couleurs, circulation, lumi\u00e8re naturelle et petites astuces qui rendent un salon vraiment accueillant. J'aime traiter la d\u00e9co comme un sujet concret, avec des fourchettes de prix r\u00e9alistes et des crit\u00e8res mesurables plut\u00f4t que des effets de mode. Avant de recommander un meuble ou une mati\u00e8re, je compare les mod\u00e8les, je v\u00e9rifie l'entretien dans la dur\u00e9e et je pense au quotidien des familles, enfants et animaux compris. Mon angle : un int\u00e9rieur qui se vit, pas seulement qui se photographie. Je tiens \u00e0 ce que chaque conseil soit applicable, que l'on r\u00e9nove un studio ou que l'on meuble une grande maison.","url":"https:\/\/maison-du-midi.fr\/blog\/auteur\/marie-d\/","jobTitle":"R\u00e9dactrice en chef \u00b7 D\u00e9coration & Am\u00e9nagement","knowsAbout":["D\u00e9coration","Am\u00e9nagement"],"email":"marie.d@salonstyle.fr"}]}},"_links":{"self":[{"href":"https:\/\/maison-du-midi.fr\/blog\/wp-json\/wp\/v2\/posts\/7481","targetHints":{"allow":["GET"]}}],"collection":[{"href":"https:\/\/maison-du-midi.fr\/blog\/wp-json\/wp\/v2\/posts"}],"about":[{"href":"https:\/\/maison-du-midi.fr\/blog\/wp-json\/wp\/v2\/types\/post"}],"author":[{"embeddable":true,"href":"https:\/\/maison-du-midi.fr\/blog\/wp-json\/wp\/v2\/users\/34"}],"replies":[{"embeddable":true,"href":"https:\/\/maison-du-midi.fr\/blog\/wp-json\/wp\/v2\/comments?post=7481"}],"version-history":[{"count":1,"href":"https:\/\/maison-du-midi.fr\/blog\/wp-json\/wp\/v2\/posts\/7481\/revisions"}],"predecessor-version":[{"id":7516,"href":"https:\/\/maison-du-midi.fr\/blog\/wp-json\/wp\/v2\/posts\/7481\/revisions\/7516"}],"wp:featuredmedia":[{"embeddable":true,"href":"https:\/\/maison-du-midi.fr\/blog\/wp-json\/wp\/v2\/media\/7484"}],"wp:attachment":[{"href":"https:\/\/maison-du-midi.fr\/blog\/wp-json\/wp\/v2\/media?parent=7481"}],"wp:term":[{"taxonomy":"category","embeddable":true,"href":"https:\/\/maison-du-midi.fr\/blog\/wp-json\/wp\/v2\/categories?post=7481"},{"taxonomy":"post_tag","embeddable":true,"href":"https:\/\/maison-du-midi.fr\/blog\/wp-json\/wp\/v2\/tags?post=7481"}],"curies":[{"name":"wp","href":"https:\/\/api.w.org\/{rel}","templated":true}]}}