{"id":7487,"date":"2026-06-16T12:09:02","date_gmt":"2026-06-16T10:09:02","guid":{"rendered":"https:\/\/maison-du-midi.fr\/blog\/?p=7487"},"modified":"2026-06-16T12:09:02","modified_gmt":"2026-06-16T10:09:02","slug":"moto-electrique-et-permis-a-ce-quil-faut-savoir-sur-cette-nouvelle-mobilite","status":"publish","type":"post","link":"https:\/\/maison-du-midi.fr\/blog\/conseils-pratiques-et-diy\/moto-electrique-et-permis-a-ce-quil-faut-savoir-sur-cette-nouvelle-mobilite\/","title":{"rendered":"Moto \u00e9lectrique et permis A : ce qu&rsquo;il faut savoir sur cette nouvelle mobilit\u00e9"},"content":{"rendered":"<link rel=\"stylesheet\" href=\"https:\/\/fonts.googleapis.com\/css2?family=Space+Grotesk:wght@500;600;700&#038;family=Inter:wght@400;500;600&#038;family=JetBrains+Mono:wght@500&#038;display=swap\">\n<style>\n.mdm-brief-wrap{font-family:'Inter',-apple-system,sans-serif;color:#1b2330;line-height:1.65;font-size:17px;max-width:880px;margin:0 auto}\n.mdm-brief-wrap h2{font-family:'Space Grotesk','Inter',sans-serif;font-weight:700;font-size:clamp(23px,3.1vw,32px);letter-spacing:-.01em;color:#101828;margin:48px 0 16px;line-height:1.2}\n.mdm-brief-wrap h3{font-family:'Space Grotesk','Inter',sans-serif;font-weight:600;font-size:clamp(18px,2.2vw,22px);color:#101828;margin:28px 0 10px}\n.mdm-brief-wrap p{margin:0 0 16px}\n.mdm-brief-kicker{font-family:'JetBrains Mono',monospace;font-size:12.5px;font-weight:500;letter-spacing:.12em;text-transform:uppercase;color:#0a7d5a;margin-bottom:10px}\n.mdm-brief-lead{font-size:19px;color:#3a4759;line-height:1.55;margin:0 0 30px}\n.mdm-brief-answer{background:#eafaf3;border-left:5px solid #0a7d5a;border-radius:12px;padding:24px 26px;margin:0 0 40px;box-shadow:0 1px 2px rgba(16,24,40,.05),0 12px 28px -18px rgba(10,125,90,.35)}\n.mdm-brief-answer .mdm-brief-h{font-family:'Space Grotesk',sans-serif;font-weight:700;font-size:15px;letter-spacing:.04em;text-transform:uppercase;color:#0a7d5a;margin-bottom:10px}\n.mdm-brief-answer .mdm-brief-txt{font-size:17.5px;color:#163b30;margin-bottom:14px}\n.mdm-brief-answer ul{margin:0;padding-left:20px}\n.mdm-brief-answer li{margin:7px 0}\n.mdm-brief-grid{display:grid;grid-template-columns:repeat(auto-fit,minmax(240px,1fr));gap:22px;margin:26px 0}\n.mdm-brief-card{background:#fff;border:1px solid #e6e9ef;border-top:3px solid #0a7d5a;border-radius:12px;padding:22px 24px;transition:.25s ease;box-shadow:0 1px 2px rgba(16,24,40,.05),0 10px 24px -18px rgba(16,24,40,.2)}\n.mdm-brief-card:hover{transform:translateY(-3px);box-shadow:0 4px 8px rgba(16,24,40,.07),0 18px 34px -16px rgba(10,125,90,.3)}\n.mdm-brief-card .mdm-brief-ct{font-family:'Space Grotesk',sans-serif;font-weight:600;font-size:18px;color:#101828;margin-bottom:6px}\n.mdm-brief-card .mdm-brief-cm{font-family:'JetBrains Mono',monospace;font-size:12px;letter-spacing:.06em;color:#0a7d5a;text-transform:uppercase;margin-bottom:10px}\n.mdm-brief-card .mdm-brief-cd{font-size:15.5px;color:#475467}\n.mdm-brief-stats{display:grid;grid-template-columns:repeat(auto-fit,minmax(150px,1fr));gap:18px;margin:26px 0}\n.mdm-brief-stat{background:#0f2922;color:#eafaf3;border-radius:12px;padding:22px;text-align:center;box-shadow:0 12px 28px -18px rgba(15,41,34,.7)}\n.mdm-brief-stat .mdm-brief-sn{font-family:'Space Grotesk',sans-serif;font-weight:700;font-size:30px;color:#48d39e;line-height:1.1}\n.mdm-brief-stat .mdm-brief-sl{font-size:13.5px;color:#b6d8cc;margin-top:7px}\n.mdm-brief-warn{background:#fff7ed;border:1px solid #fed7aa;border-left:5px solid #ea7a18;border-radius:12px;padding:20px 24px;margin:28px 0}\n.mdm-brief-warn .mdm-brief-h{font-family:'Space Grotesk',sans-serif;font-weight:700;font-size:15px;color:#b45309;margin-bottom:8px}\n.mdm-brief-warn .mdm-brief-txt{font-size:16px;color:#7c4a13}\n.mdm-brief-table{overflow-x:auto;border-radius:12px;border:1px solid #e6e9ef;margin:26px 0;box-shadow:0 10px 24px -18px rgba(16,24,40,.2)}\n.mdm-brief-table table{border-collapse:collapse;width:100%;font-size:14.5px;min-width:680px}\n.mdm-brief-table th{background:#0f2922;color:#eafaf3;font-family:'Space Grotesk',sans-serif;font-weight:600;text-align:left;padding:13px 14px;font-size:13.5px}\n.mdm-brief-table td{padding:12px 14px;border-top:1px solid #eef1f5;color:#3a4759}\n.mdm-brief-table tr:nth-child(even) td{background:#f7faf9}\n.mdm-brief-retain{background:#f4f7f6;border:1px solid #dfe7e3;border-radius:14px;padding:24px 28px;margin:44px 0}\n.mdm-brief-retain .mdm-brief-h{font-family:'Space Grotesk',sans-serif;font-weight:700;font-size:19px;color:#0f2922;margin-bottom:12px}\n.mdm-brief-retain ul{margin:0;padding-left:22px}\n.mdm-brief-retain li{margin:9px 0;font-size:16.5px}\n.mdm-brief-faq{margin:30px 0}\n.mdm-brief-faq details{background:#fff;border:1px solid #e6e9ef;border-radius:12px;padding:4px 22px;margin:0 0 14px;transition:.25s ease;box-shadow:0 1px 2px rgba(16,24,40,.04)}\n.mdm-brief-faq details:hover{border-color:#0a7d5a}\n.mdm-brief-faq summary{font-family:'Space Grotesk',sans-serif;font-weight:600;font-size:17px;color:#101828;cursor:pointer;padding:16px 0;list-style:none}\n.mdm-brief-faq summary::-webkit-details-marker{display:none}\n.mdm-brief-faq summary::before{content:\"+\";color:#0a7d5a;font-weight:700;margin-right:12px;font-family:'JetBrains Mono',monospace}\n.mdm-brief-faq details[open] summary::before{content:\"\u2212\"}\n.mdm-brief-faq .mdm-brief-a{padding:0 0 18px;color:#475467;font-size:16px}\n.mdm-brief-note{font-size:14px;color:#667085;font-style:italic;border-top:1px dashed #d6dbe2;padding-top:18px;margin-top:40px}\n.mdm-brief-wrap a{color:#0a7d5a;text-decoration:underline;text-underline-offset:2px}\n\/*RENDERFIX2*\/.mdm-brief-stat{color:#eef3f9!important}.mdm-brief-stat p,.mdm-brief-stat li,.mdm-brief-stat strong,.mdm-brief-stat em,.mdm-brief-stat a,.mdm-brief-stat span,.mdm-brief-stat b,.mdm-brief-stat td,.mdm-brief-stat th,.mdm-brief-stat h2,.mdm-brief-stat h3,.mdm-brief-stat h4{color:#eef3f9!important}.mdm-brief-stat strong,.mdm-brief-stat b{color:#ffffff!important}.mdm-brief-table th{color:#eef3f9!important}.mdm-brief-table th p,.mdm-brief-table th li,.mdm-brief-table th strong,.mdm-brief-table th em,.mdm-brief-table th a,.mdm-brief-table th span,.mdm-brief-table th b,.mdm-brief-table th td,.mdm-brief-table th th,.mdm-brief-table th h2,.mdm-brief-table th h3,.mdm-brief-table th h4{color:#eef3f9!important}.mdm-brief-table th strong,.mdm-brief-table th b{color:#ffffff!important}<\/style>\n<div class=\"mdm-brief-wrap\">\n<h1>Moto \u00c9lectrique et Permis A : Tout Ce Que Vous Devez Savoir<\/h1>\n<div class=\"mdm-brief-kicker\">R\u00e9glementation &amp; mobilit\u00e9 \u00e9lectrique<\/div>\n<p class=\"mdm-brief-lead\">La moto \u00e9lectrique change la donne sur la route : couple imm\u00e9diat, silence, z\u00e9ro \u00e9mission \u00e0 l&rsquo;usage. Mais quel permis faut-il pour la conduire, et comment la puissance (en kW) d\u00e9termine-t-elle la cat\u00e9gorie A1, A2 ou A ? Voici l&rsquo;essentiel, sans approximation.<\/p>\n<div class=\"mdm-brief-answer\">\n<div class=\"mdm-brief-h\">En bref<\/div>\n<div class=\"mdm-brief-txt\">Le permis n\u00e9cessaire pour une moto \u00e9lectrique d\u00e9pend de sa <strong>puissance<\/strong>, exactement comme pour une thermique. Les motos \u00e9lectriques se r\u00e9partissent dans les m\u00eames cat\u00e9gories administratives (A1, A2, A), et le permis A est requis pour les mod\u00e8les d\u00e9passant 35 kW.<\/div>\n<ul>\n<li><strong>Permis A1<\/strong> (d\u00e8s 16 ans) : jusqu&rsquo;\u00e0 11 kW (\u00e9quivalent 125 cc) \u2014 ex. Super Soco TC Max, BMW CE 02.<\/li>\n<li><strong>Permis A2<\/strong> (d\u00e8s 18 ans) : jusqu&rsquo;\u00e0 35 kW maximum.<\/li>\n<li><strong>Permis A<\/strong> (d\u00e8s 20 ans) : acc\u00e8s illimit\u00e9, apr\u00e8s 2 ans de A2 + une formation de 7 h en auto-\u00e9cole agr\u00e9\u00e9e.<\/li>\n<li>Le <strong>couple instantan\u00e9<\/strong> de l&rsquo;\u00e9lectrique impose une prise en main rigoureuse, d&rsquo;o\u00f9 le parcours progressif r\u00e9glementaire.<\/li>\n<\/ul>\n<\/div>\n<p>Les seuils de puissance et les conditions d&rsquo;\u00e2ge \u00e9voluent par voie r\u00e9glementaire : pour le d\u00e9tail \u00e0 jour de votre situation, r\u00e9f\u00e9rez-vous au <strong>Code de la route<\/strong> et au site officiel <strong>service-public.fr<\/strong>. Cet article reprend les r\u00e8gles telles qu&rsquo;elles s&rsquo;appliquaient aux mod\u00e8les d\u00e9crits.<\/p>\n<h2>Qu&rsquo;est-ce qu&rsquo;une moto \u00e9lectrique ?<\/h2>\n<p>En mati\u00e8re de mobilit\u00e9, la <strong>moto \u00e9lectrique<\/strong> se distingue par plusieurs aspects fondamentaux, tant sur le plan m\u00e9canique que sur l&rsquo;exp\u00e9rience utilisateur. \u00c0 la diff\u00e9rence des motos thermiques, une moto \u00e9lectrique s&rsquo;appuie sur un <u>moteur \u00e9lectrique<\/u> aliment\u00e9 par une <strong>batterie rechargeable<\/strong>, majoritairement de type <strong>Lithium-ion<\/strong>. Cette configuration supprime toute \u00e9mission de <strong>CO\u2082<\/strong> \u00e0 l&rsquo;usage et assure un <u>fonctionnement silencieux<\/u>, modifiant profond\u00e9ment la relation \u00e0 la route.<\/p>\n<ul>\n<li>Le <strong>moteur \u00e9lectrique<\/strong> d\u00e9livre son <strong>couple maximal<\/strong> instantan\u00e9ment, rendant l&rsquo;acc\u00e9l\u00e9ration <u>plus dynamique<\/u> qu&rsquo;avec un moteur thermique d&rsquo;\u00e9quivalence similaire.<\/li>\n<li>La <strong>batterie<\/strong>, exprim\u00e9e en <strong>kWh<\/strong> (kilowattheure), conditionne de fa\u00e7on directe l&rsquo;autonomie r\u00e9elle, souvent comprise entre <u>80 et 220 km sur route<\/u> selon le mod\u00e8le, et permet des puissances de <u>4 kW \u00e0 plus de 70 kW<\/u>.<\/li>\n<li>Le <strong>crit\u00e8re de puissance<\/strong> d\u00e9finit les cat\u00e9gories administratives (A1, A2, A) : il convient de noter que certains mod\u00e8les comme la <strong>Zero SR\/S 2024<\/strong> (74 kW, 14,4 kWh) sont class\u00e9s en plein permis A.<\/li>\n<\/ul>\n<p>L&rsquo;exp\u00e9rience de conduite d&rsquo;une moto \u00e9lectrique se caract\u00e9rise par l&rsquo;absence de <strong>bo\u00eete de vitesses<\/strong> \u00e0 embrayage manuel, facilitant la prise en main en toute situation. Les derni\u00e8res g\u00e9n\u00e9rations, \u00e0 l&rsquo;instar de la <strong>BMW CE 04<\/strong> ou de la <strong>Harley-Davidson LiveWire<\/strong>, int\u00e8grent des technologies embarqu\u00e9es : <strong>tableaux de bord TFT connect\u00e9s<\/strong>, int\u00e9gration mobile, contr\u00f4le de stabilit\u00e9 ou r\u00e9gulateurs adaptatifs. Ainsi, le passage \u00e0 l&rsquo;\u00e9lectrique signifie acc\u00e9der \u00e0 une conduite intuitive, r\u00e9active, et tourn\u00e9e vers la connectivit\u00e9 avanc\u00e9e.<\/p>\n<h2>Les exigences du permis A pour conduire une moto \u00e9lectrique<\/h2>\n<p>L&rsquo;acc\u00e8s \u00e0 une <strong>moto \u00e9lectrique puissante<\/strong> en France demeure strictement encadr\u00e9 par la <strong>r\u00e9glementation du permis A<\/strong>. Pour piloter un mod\u00e8le d\u00e9livrant une puissance sup\u00e9rieure \u00e0 <u>35 kW<\/u>, il faut r\u00e9pondre \u00e0 des pr\u00e9requis clairement \u00e9tablis. La r\u00e8gle cl\u00e9 : sur une moto \u00e9lectrique, c&rsquo;est la puissance qui commande la cat\u00e9gorie de permis, au m\u00eame titre que sur une thermique.<\/p>\n<div class=\"mdm-brief-grid\">\n<div class=\"mdm-brief-card\">\n<div class=\"mdm-brief-cm\">D\u00e8s 16 ans<\/div>\n<div class=\"mdm-brief-ct\">Permis A1<\/div>\n<div class=\"mdm-brief-cd\">Jusqu&rsquo;\u00e0 <strong>11 kW<\/strong> (\u00e9quivalent 125 cc). Mod\u00e8les adapt\u00e9s : <strong>Super Soco TC Max<\/strong>, <strong>BMW CE 02<\/strong>.<\/div>\n<\/div>\n<div class=\"mdm-brief-card\">\n<div class=\"mdm-brief-cm\">D\u00e8s 18 ans<\/div>\n<div class=\"mdm-brief-ct\">Permis A2<\/div>\n<div class=\"mdm-brief-cd\">Jusqu&rsquo;\u00e0 <strong>35 kW maximum<\/strong> (mod\u00e8les brid\u00e9s). \u00c9tape obligatoire avant le permis A.<\/div>\n<\/div>\n<div class=\"mdm-brief-card\">\n<div class=\"mdm-brief-cm\">D\u00e8s 20 ans<\/div>\n<div class=\"mdm-brief-ct\">Permis A<\/div>\n<div class=\"mdm-brief-cd\">Acc\u00e8s <strong>illimit\u00e9<\/strong> en puissance, apr\u00e8s <strong>2 ans<\/strong> de A2 et une <strong>formation de 7 h<\/strong> en auto-\u00e9cole agr\u00e9\u00e9e.<\/div>\n<\/div>\n<\/div>\n<ul>\n<li>D\u00e9tenir le <strong>permis A2<\/strong> depuis <u>au moins deux ans<\/u> : ce permis, accessible d\u00e8s 18 ans, autorise la conduite de motos \u00e9lectriques brid\u00e9es \u00e0 <u>35 kW maximum<\/u>.<\/li>\n<li>Suivre une <strong>formation compl\u00e9mentaire de 7 heures<\/strong> en <strong>auto-\u00e9cole agr\u00e9\u00e9e<\/strong> pour passer au permis A, qui permet l&rsquo;acc\u00e8s illimit\u00e9 aux mod\u00e8les les plus puissants.<\/li>\n<li>L&rsquo;\u00e2ge minimum requis pour l&rsquo;obtention du <strong>permis A<\/strong> est fix\u00e9 \u00e0 <u>20 ans<\/u>.<\/li>\n<li>Le <strong>seuil de 35 kW<\/strong> s&rsquo;applique \u00e0 toutes les motos \u00e9lectriques de la m\u00eame fa\u00e7on qu&rsquo;aux thermiques. Toutefois, le <strong>couple pr\u00e9sent instantan\u00e9ment<\/strong> sur une moto \u00e9lectrique exige une rigueur suppl\u00e9mentaire dans la prise en main, d&rsquo;o\u00f9 l&rsquo;importance du parcours progressif impos\u00e9 par la r\u00e9glementation.<\/li>\n<li>Pour les mod\u00e8les de <u>puissance inf\u00e9rieure<\/u> : permis <strong>A1<\/strong> (jusqu&rsquo;\u00e0 11 kW, \u00e9quivalent 125cc) d\u00e8s 16 ans, permis <strong>A2<\/strong> (jusqu&rsquo;\u00e0 35 kW) d\u00e8s 18 ans. Les motos adapt\u00e9es au <strong>permis A1<\/strong> sont repr\u00e9sent\u00e9es par des mod\u00e8les tels que la <strong>Super Soco TC Max<\/strong> ou la <strong>BMW CE 02<\/strong>.<\/li>\n<\/ul>\n<p>L&rsquo;usage d&rsquo;une moto \u00e9lectrique implique aussi le <u>respect strict de l&rsquo;\u00e9quipement obligatoire<\/u> : port du casque homologu\u00e9, gants certifi\u00e9s, blouson, bottes et pantalon adapt\u00e9s. Il faut rappeler que la gestion de la puissance en \u00e9lectrique, sans bruit d&rsquo;alerte pour l&rsquo;entourage, renforce la n\u00e9cessit\u00e9 d&rsquo;une <strong>ma\u00eetrise parfaite<\/strong> et d&rsquo;une <strong>responsabilit\u00e9 accrue<\/strong> sur route.<\/p>\n<div class=\"mdm-brief-warn\">\n<div class=\"mdm-brief-h\">\u00c0 noter<\/div>\n<div class=\"mdm-brief-txt\">Les cat\u00e9gories de permis et leurs seuils de puissance sont fix\u00e9s par la r\u00e9glementation et peuvent \u00e9voluer. Avant tout achat ou passage de cat\u00e9gorie, v\u00e9rifiez les conditions exactes (\u00e2ge, \u00e9quivalence kW, dur\u00e9e de d\u00e9tention du A2) aupr\u00e8s du Code de la route et de service-public.fr.<\/div>\n<\/div>\n<h2>Les avantages des motos \u00e9lectriques<\/h2>\n<p>Choisir une <strong>moto \u00e9lectrique<\/strong> alterne les b\u00e9n\u00e9fices \u00e0 la fois \u00e9conomiques, \u00e9cologiques, mais aussi pratiques lors d&rsquo;un usage quotidien. Nous constatons un engouement tangible depuis la g\u00e9n\u00e9ralisation des <strong>aides \u00e0 l&rsquo;achat<\/strong> et la progression de l&rsquo;offre industrielle.<\/p>\n<ul>\n<li><strong>Respect de l&rsquo;environnement :<\/strong> <u>0 \u00e9mission de CO\u2082<\/u> \u00e0 l&rsquo;utilisation et <strong>absence de nuisances sonores<\/strong> majeures : sur le segment urbain, la <strong>BMW CE 04<\/strong> et la <strong>Silence S01<\/strong> sont pl\u00e9biscit\u00e9es dans les villes \u00e0 <strong>Zone \u00e0 Faibles \u00c9missions (ZFE)<\/strong>.<\/li>\n<li><strong>Co\u00fbts d&rsquo;entretien r\u00e9duits :<\/strong> gr\u00e2ce \u00e0 <u>moins de pi\u00e8ces d&rsquo;usure<\/u> ; les entretiens p\u00e9riodiques sont simples (pas de vidange d&rsquo;huile moteur, disques et plaquettes durent 30% plus longtemps selon <strong>Zero Motorcycles<\/strong>), un vrai atout \u00e9conomique.<\/li>\n<li><strong>\u00c9conomies de carburant :<\/strong> la recharge \u00e0 domicile d&rsquo;un mod\u00e8le de 11 kWh co\u00fbte environ <u>1 \u20ac pour 100 km<\/u> (contre 6 \u00e0 8 \u20ac d&rsquo;essence). Sur une ann\u00e9e, rouler 8 000 km \u00e9quivaut \u00e0 une \u00e9conomie directe de <u>500 \u00e0 700 \u20ac<\/u> par rapport \u00e0 un scooter thermique (<strong>source : Ademe 2024<\/strong>).<\/li>\n<li><strong>Confort et simplicit\u00e9 d&rsquo;utilisation :<\/strong> acc\u00e9l\u00e9rations instantan\u00e9es (0 \u00e0 50 km\/h en <u>2,6 sec<\/u> sur une <strong>LiveWire One<\/strong>), gestion automatique de la transmission, absence d&#8217;embrayage \u00e0 manipuler.<\/li>\n<li><strong>Incitations financi\u00e8res :<\/strong> bonus \u00e9cologique national jusqu&rsquo;\u00e0 <u>900 \u20ac<\/u> en 2025 pour l&rsquo;achat d&rsquo;une moto \u00e9lectrique neuve, compl\u00e9ment\u00e9 localement par des subventions (<strong>Ville de Paris<\/strong>, <strong>M\u00e9tropole Aix-Marseille-Provence<\/strong>\u2026).<\/li>\n<\/ul>\n<p>En outre, les options de recharge se multiplient : la majorit\u00e9 des mod\u00e8les int\u00e8grent d\u00e9sormais des <strong>chargeurs embarqu\u00e9s rapides<\/strong>, avec acc\u00e8s \u00e0 des bornes publiques (<u>plus de 100 000 points<\/u> disponibles en France d\u00e9but 2025 selon le <strong>Barom\u00e8tre Avere-France<\/strong>). Ces facilit\u00e9s offrent une souplesse d&rsquo;usage in\u00e9dite sur le segment des deux-roues.<\/p>\n<h2>Comparatif des mod\u00e8les de motos \u00e9lectriques disponibles<\/h2>\n<p>L&rsquo;offre industrielle se densifie consid\u00e9rablement, port\u00e9e par des acteurs historiques mais aussi une nouvelle g\u00e9n\u00e9ration de constructeurs. Voici un panorama des mod\u00e8les de <strong>motos \u00e9lectriques<\/strong> qui tirent leur \u00e9pingle du jeu en 2025 :<\/p>\n<div class=\"mdm-brief-table\">\n<table>\n<tr>\n<th>Mod\u00e8le<\/th>\n<th>Puissance<\/th>\n<th>Batterie (kWh)<\/th>\n<th>Autonomie<\/th>\n<th>Poids<\/th>\n<th>Prix neuf\/occasion<\/th>\n<th>Options &amp; connectivit\u00e9<\/th>\n<\/tr>\n<tr>\n<td><strong>Zero SR\/S 2024<\/strong><\/td>\n<td>74 kW<\/td>\n<td>14,4 kWh<\/td>\n<td>Urbaine : 250 km \/ Route : 160 km<\/td>\n<td>229 kg<\/td>\n<td>21 990 \u20ac\/13 500 \u20ac<\/td>\n<td>TFT 5\u201d, application d\u00e9di\u00e9e, modes de conduite<\/td>\n<\/tr>\n<tr>\n<td><strong>Harley-Davidson LiveWire One<\/strong><\/td>\n<td>78 kW<\/td>\n<td>15,5 kWh<\/td>\n<td>Urbaine : 235 km \/ Route : 149 km<\/td>\n<td>251 kg<\/td>\n<td>25 300 \u20ac\/17 000 \u20ac<\/td>\n<td>Tableau TFT 10,9\u201d, connectivit\u00e9 mobile, charge rapide CCS<\/td>\n<\/tr>\n<tr>\n<td><strong>Energica Ego+ 2023<\/strong><\/td>\n<td>107 kW<\/td>\n<td>21,5 kWh<\/td>\n<td>Urbaine : 420 km \/ Route : 230 km<\/td>\n<td>260 kg<\/td>\n<td>29 990 \u20ac\/19 500 \u20ac<\/td>\n<td>Navigation GPS, r\u00e9gulateur de vitesse, contr\u00f4le de traction<\/td>\n<\/tr>\n<tr>\n<td><strong>BMW CE 04 (urban scooter)<\/strong><\/td>\n<td>31 kW<\/td>\n<td>8,9 kWh<\/td>\n<td>Urbaine : 130 km \/ Route : 90 km<\/td>\n<td>231 kg<\/td>\n<td>13 350 \u20ac\/10 000 \u20ac<\/td>\n<td>TFT panora. 10,25\u201d, navigation, modes Eco\/Max<\/td>\n<\/tr>\n<tr>\n<td><strong>Silence S01 (Urban Mobility)<\/strong><\/td>\n<td>7 kW<\/td>\n<td>5,6 kWh<\/td>\n<td>Urbaine : 127 km<\/td>\n<td>111 kg<\/td>\n<td>7 200 \u20ac\/4 800 \u20ac<\/td>\n<td>Batterie amovible, appli mobile, port USB<\/td>\n<\/tr>\n<tr>\n<td><strong>Stark VARG (offroad)<\/strong><\/td>\n<td>60 kW<\/td>\n<td>6 kWh<\/td>\n<td>Comp\u00e9tition : 35-60 min<\/td>\n<td>110 kg<\/td>\n<td>13 800 \u20ac (pr\u00e9commande)<\/td>\n<td>Gestion via smartphone, param\u00e9trage complet moteur<\/td>\n<\/tr>\n<\/table>\n<\/div>\n<p><strong>Zero Motorcycles<\/strong>, pionnier californien des motos \u00e9lectriques, excelle avec la <strong>gamme SR\/F<\/strong> sur la route et la <strong>FXE<\/strong> pour les usages urbains. <strong>Harley-Davidson<\/strong> repousse les limites du design avec la <strong>LiveWire<\/strong>, tandis qu&rsquo;<strong>Energica<\/strong> (Italie) domine le segment hyper-sportif avec l&rsquo;<strong>Ego+<\/strong>. <strong>BMW Motorrad<\/strong> investit l&rsquo;urbain premium, et de jeunes entreprises fran\u00e7aises telles que <strong>RED Electric<\/strong> (Aix-en-Provence) innovent avec la <strong>C-series<\/strong> modulaire.<\/p>\n<ul>\n<li>La modularit\u00e9 s&rsquo;affirme : la <strong>Silence S01<\/strong> propose une <u>batterie amovible brevet\u00e9e<\/u>, tandis que <strong>Stark Future<\/strong> d\u00e9mocratise les param\u00e9trages moteurs via application mobile.<\/li>\n<li>Les partenariats technologiques tels que <strong>Zero x Bosch<\/strong> assurent des syst\u00e8mes de freinage assist\u00e9 et antipatinage dernier cri.<\/li>\n<li>Le rapport co\u00fbt\/performance place la <u>Zero FXE<\/u> (11 kW, 7,2 kWh, 8 700 \u20ac) en t\u00eate des mod\u00e8les permis A1\/A2.<\/li>\n<\/ul>\n<h2>L&rsquo;impact de la batterie sur les performances de la moto \u00e9lectrique<\/h2>\n<p>La <strong>batterie<\/strong> est l&rsquo;\u00e9l\u00e9ment central conditionnant toute exp\u00e9rience de la moto \u00e9lectrique, tant en mati\u00e8re d&rsquo;usage que de performance pure. Sa capacit\u00e9, exprim\u00e9e en <strong>kWh<\/strong>, influe directement sur l&rsquo;autonomie atteignable et sur la puissance d\u00e9livr\u00e9e pendant l&rsquo;effort.<\/p>\n<ul>\n<li>Une batterie de <u>6 \u00e0 8 kWh<\/u> (comme celle d&rsquo;une <strong>Zero FXE<\/strong> ou d&rsquo;une <strong>BMW CE 04<\/strong>) assure une <u>autonomie moyenne de 100 \u00e0 150 km<\/u> en cycle mixte, tandis qu&rsquo;une grosse batterie de <u>18 \u00e0 22 kWh<\/u> (sur <strong>Energica Ego+<\/strong>) permet de d\u00e9passer les <u>420 km en ville<\/u>.<\/li>\n<li>Les principales <strong>technologies<\/strong> sont le <strong>Lithium-ion<\/strong>, qui domine le segment, mais d\u00e8s <strong>2025<\/strong>, la <strong>batterie \u00e0 \u00e9lectrolyte solide<\/strong> progresse en prototype, promettant +30% d&rsquo;autonomie pour le m\u00eame poids. <strong>Graphenano<\/strong> annonce une <u>batterie au graph\u00e8ne<\/u> test\u00e9e sur des prototypes espagnols.<\/li>\n<li><u>Temps de recharge<\/u> : il faut de <u>2 \u00e0 8 heures<\/u> sur prise domestique pour recharger enti\u00e8rement, tandis qu&rsquo;une <strong>charge rapide CCS<\/strong> ram\u00e8ne ce d\u00e9lai entre 30 minutes et 1h (<strong>LiveWire One<\/strong> : 80% en 40 minutes).<\/li>\n<li>La long\u00e9vit\u00e9 est tributaire des <u>cycles de charge<\/u> (environ 1 000 \u00e0 1 500 cycles avant d\u00e9classement \u00e0 80% de capacit\u00e9), des <strong>temp\u00e9ratures extr\u00eames<\/strong>, et des politiques de <strong>garantie<\/strong> fix\u00e9es par les constructeurs (typiquement 5 ans ou 100 000 km chez <strong>Zero<\/strong>).<\/li>\n<\/ul>\n<p><u>Les statistiques r\u00e9centes de <strong>Zero Motorcycles<\/strong><\/u> font \u00e9tat d&rsquo;un taux de d\u00e9gradation inf\u00e9rieur \u00e0 <u>8% apr\u00e8s 100 000 km<\/u>, t\u00e9moignant de la maturit\u00e9 des cellules utilis\u00e9es. Le march\u00e9 observe une mont\u00e9e en volume des mod\u00e8les \u00e0 <strong>swap de batterie<\/strong>, notamment en Asie et dans les grandes villes fran\u00e7aises (projets pilotes <strong>Eden Mobility<\/strong> \u00e0 Lyon, 2025).<\/p>\n<h2>Le co\u00fbt d&rsquo;une moto \u00e9lectrique : un investissement rentable ?<\/h2>\n<p>La question du <strong>co\u00fbt d&rsquo;acquisition<\/strong> et du retour sur investissement est centrale dans la d\u00e9cision de passer \u00e0 l&rsquo;\u00e9lectrique. Nous recommandons une analyse s&rsquo;appuyant sur les donn\u00e9es fournies par les fabricants, distributeurs, et bureaux d&rsquo;\u00e9tudes sp\u00e9cialis\u00e9s.<\/p>\n<div class=\"mdm-brief-stats\">\n<div class=\"mdm-brief-stat\">\n<div class=\"mdm-brief-sn\">6 000 \u20ac<\/div>\n<div class=\"mdm-brief-sl\">Entr\u00e9e de gamme (Super Soco TC Max, 11 kW)<\/div>\n<\/div>\n<div class=\"mdm-brief-stat\">\n<div class=\"mdm-brief-sn\">\u221260%<\/div>\n<div class=\"mdm-brief-sl\">Co\u00fbts d&rsquo;entretien (\u00e9tude Ademe 2024)<\/div>\n<\/div>\n<div class=\"mdm-brief-stat\">\n<div class=\"mdm-brief-sn\">2 100 \u20ac<\/div>\n<div class=\"mdm-brief-sl\">\u00c9conomie sur 3 ans (8 000 km\/an)<\/div>\n<\/div>\n<\/div>\n<ul>\n<li>Le <strong>prix d&rsquo;achat<\/strong> neuf varie entre <u>6 000 \u20ac<\/u> pour une <strong>Super Soco TC Max<\/strong> (11 kW) \u00e0 <u>25 000 \u20ac<\/u> pour l&rsquo;hyper-sportive <strong>Energica Ego+<\/strong>. Les mod\u00e8les routiers polyvalents (<strong>Zero SR\/F<\/strong>, <strong>LiveWire One<\/strong>, <strong>BMW CE 04<\/strong>) se situent entre <u>13 000 \u20ac et 21 000 \u20ac<\/u>.<\/li>\n<li>Les <strong>co\u00fbts d&rsquo;entretien<\/strong> sont r\u00e9duits de 60% en moyenne (\u00e9tude <strong>Ademe 2024<\/strong>) : la vidange, le r\u00e9glage moteur ou l&#8217;embrayage disparaissent, et seules les r\u00e9visions de transmission et pneumatiques subsistent.<\/li>\n<li>La <strong>recharge<\/strong> co\u00fbte moins de <u>2 \u20ac pour 200 km sur borne domestique<\/u>. Les <strong>aides \u00e0 l&rsquo;achat<\/strong> (bonus \u00e9cologique jusqu&rsquo;\u00e0 900 \u20ac, subventions r\u00e9gionales) r\u00e9duisent fortement le ticket d&rsquo;entr\u00e9e effectif.<\/li>\n<li>Calcul d&rsquo;\u00e9conomie : en roulant <u>8 000 km\/an pendant 3 ans<\/u>, le propri\u00e9taire \u00e9conomise en moyenne <u>2 100 \u20ac<\/u> de carburant et d&rsquo;entretien face \u00e0 l&rsquo;\u00e9quivalent thermique, selon le comparateur <strong>MobilityTech 2025<\/strong>.<\/li>\n<\/ul>\n<p>La d\u00e9cote des mod\u00e8les \u00e9lectriques reste contenue (<u>30% en trois ans<\/u> sur une <strong>Zero SR\/F<\/strong> contre 48% sur une sportive thermique comparable, statistiques <strong>La Centrale<\/strong> 2024). Les perspectives de revente sont favoris\u00e9es par l&rsquo;\u00e9largissement de la client\u00e8le, notamment dans les m\u00e9tropoles soumises \u00e0 des r\u00e9glementations environnementales de plus en plus strictes.<\/p>\n<h2>Tendances et perspectives futures du march\u00e9 des motos \u00e9lectriques<\/h2>\n<p>Depuis 2022, le <strong>march\u00e9 fran\u00e7ais de la moto \u00e9lectrique<\/strong> enregistre une croissance structurelle : <u>+23% d&rsquo;immatriculations en 2024<\/u> selon <strong>CAPI2<\/strong>, avec un effet levier dans les m\u00e9tropoles \u00e0 <strong>ZFE<\/strong>. Cette dynamique s&rsquo;observe aussi en Espagne, au Royaume-Uni, et en Allemagne.<\/p>\n<ul>\n<li><u>Taux d&rsquo;adoption<\/u> : la part des motos \u00e9lectriques neuves atteint <u>4,3% du march\u00e9 fran\u00e7ais<\/u> selon <strong>AVEM<\/strong>, et franchit les 6% \u00e0 <strong>Paris \u00cele-de-France<\/strong>.<\/li>\n<li><strong>Innovations technologiques majeures :<\/strong> all\u00e8gement des ch\u00e2ssis avec l&rsquo;arriv\u00e9e d&rsquo;alliages composites sur la <strong>Stark VARG<\/strong>, int\u00e9gration de l&rsquo;<strong>Intelligence Artificielle<\/strong> dans la gestion \u00e9nerg\u00e9tique (projet <strong>KYMCO Ionex<\/strong> \u00e0 Ta\u00efwan).<\/li>\n<li><strong>\u00c9volution des infrastructures :<\/strong> d\u00e9ploiement massif de <strong>bornes de recharge rapide<\/strong> dans les parkings publics <strong>Indigo<\/strong>, extension du r\u00e9seau <strong>Ionity<\/strong> aux deux-roues en <strong>2024<\/strong>.<\/li>\n<li><strong>Changements r\u00e9glementaires :<\/strong> le <strong>Parlement Europ\u00e9en<\/strong> discute d&rsquo;un <u>contr\u00f4le technique obligatoire<\/u> pour tous les deux-roues d\u00e8s 2026, tandis que les fiscalit\u00e9s incitatives se renforcent (exon\u00e9ration de TVS, bonus ZFE).<\/li>\n<li><strong>Nouveaux usages :<\/strong> pilotage z\u00e9ro carbone pour l&rsquo;activit\u00e9 <strong>tourisme moto<\/strong> (partenariat <strong>Yescapa<\/strong> x <strong>BMW<\/strong> en 2025), et mont\u00e9e en puissance des <strong>communaut\u00e9s connect\u00e9es<\/strong> autour de l&rsquo;optimisation de trajet (plateformes <strong>RideVision<\/strong> ou <strong>My-ElectricMoto<\/strong>).<\/li>\n<\/ul>\n<p>Le futur du secteur s&rsquo;annonce prometteur, guid\u00e9 par l&rsquo;\u00e9mergence de gammes <u>\u00e0 grande autonomie<\/u> (&gt;350 km), la d\u00e9mocratisation du <strong>battery-swap<\/strong> et la g\u00e9n\u00e9ralisation de la <strong>connectivit\u00e9 embarqu\u00e9e<\/strong> pour l&rsquo;assistance et la s\u00e9curit\u00e9. Nous constatons une ouverture croissante des flottes d&rsquo;entreprise \u00e0 l&rsquo;\u00e9lectrique (livraison, s\u00e9curit\u00e9 priv\u00e9e, collectivit\u00e9s) comme en t\u00e9moignent les r\u00e9cents appels d&rsquo;offres d&rsquo;<strong>Amazon Logistics<\/strong> et de la <strong>Pr\u00e9fecture de Police de Paris<\/strong> en 2024.<\/p>\n<h2>Pourquoi adopter la moto \u00e9lectrique avec permis A ?<\/h2>\n<p>La transformation actuelle du secteur des deux-roues rend l&rsquo;adoption de la <strong>moto \u00e9lectrique<\/strong> aussi judicieuse qu&rsquo;avant-gardiste pour les d\u00e9tenteurs du <strong>permis A<\/strong>. Les arguments en faveur de ce choix se fondent sur la <u>combinaison d&rsquo;un co\u00fbt global ma\u00eetris\u00e9<\/u>, d&rsquo;une <u>exp\u00e9rience de conduite innovante<\/u>, et d&rsquo;un <u>impact environnemental minimal<\/u> qui positionnent la moto \u00e9lectrique comme <strong>solution d&rsquo;avenir<\/strong>. Nous observons que la diversit\u00e9 et la performance des mod\u00e8les propos\u00e9s par <strong>Zero Motorcycles<\/strong>, <strong>BMW Motorrad<\/strong>, <strong>Energica<\/strong> ou encore <strong>Harley-Davidson<\/strong> n&rsquo;ont jamais \u00e9t\u00e9 aussi convaincantes, tant sur le plan technique qu&rsquo;\u00e9conomique.<\/p>\n<p>\u00c0 l&rsquo;\u00e8re o\u00f9 la <u>transition \u00e9nerg\u00e9tique<\/u> s&rsquo;impose comme priorit\u00e9 soci\u00e9tale, franchir le pas vers la moto \u00e9lectrique permet non seulement d&rsquo;anticiper les r\u00e9glementations, mais aussi de renforcer votre libert\u00e9 de d\u00e9placement, tout en profitant d&rsquo;un r\u00e9seau d&rsquo;assistance en pleine expansion. Nous vous encourageons \u00e0 comparer les diff\u00e9rentes offres, tester les nouveaux mod\u00e8les, et \u00e0 profiter des aides gouvernementales pour devenir acteur de la mobilit\u00e9 propre d\u00e8s aujourd&rsquo;hui.<\/p>\n<div class=\"mdm-brief-retain\">\n<div class=\"mdm-brief-h\">\u00c0 retenir<\/div>\n<ul>\n<li>C&rsquo;est la <strong>puissance en kW<\/strong> qui d\u00e9termine le permis : A1 jusqu&rsquo;\u00e0 11 kW, A2 jusqu&rsquo;\u00e0 35 kW, A au-del\u00e0 \u2014 comme pour une thermique.<\/li>\n<li>Le <strong>permis A<\/strong> s&rsquo;obtient d\u00e8s 20 ans, apr\u00e8s 2 ans de A2 et une formation de 7 h en auto-\u00e9cole agr\u00e9\u00e9e.<\/li>\n<li>Le <strong>couple instantan\u00e9<\/strong> de l&rsquo;\u00e9lectrique, silencieux, demande une vigilance accrue et un \u00e9quipement homologu\u00e9 complet.<\/li>\n<li>Le co\u00fbt d&rsquo;usage est faible (recharge ~1 \u20ac\/100 km, entretien r\u00e9duit de 60%), partiellement compens\u00e9 par un prix d&rsquo;achat de 6 000 \u00e0 30 000 \u20ac selon le mod\u00e8le.<\/li>\n<li>Les seuils r\u00e9glementaires pouvant \u00e9voluer, v\u00e9rifiez toujours votre situation sur le Code de la route et service-public.fr.<\/li>\n<\/ul>\n<\/div>\n<h2>FAQ \u2014 Moto \u00e9lectrique &amp; permis<\/h2>\n<div class=\"mdm-brief-faq\">\n<details>\n<summary>Quel permis pour conduire une moto \u00e9lectrique ?<\/summary>\n<div class=\"mdm-brief-a\">Le permis requis d\u00e9pend de la puissance du mod\u00e8le, comme pour une thermique : permis A1 (d\u00e8s 16 ans) jusqu&rsquo;\u00e0 11 kW, permis A2 (d\u00e8s 18 ans) jusqu&rsquo;\u00e0 35 kW, et permis A (d\u00e8s 20 ans) au-del\u00e0 de 35 kW. Le permis A s&rsquo;obtient apr\u00e8s 2 ans de A2 et une formation de 7 h en auto-\u00e9cole agr\u00e9\u00e9e.<\/div>\n<\/details>\n<details>\n<summary>Quelle moto \u00e9lectrique conduire avec le permis A1 (\u00e9quivalent permis B 125) ?<\/summary>\n<div class=\"mdm-brief-a\">Avec un permis A1, vous pouvez piloter une moto \u00e9lectrique jusqu&rsquo;\u00e0 11 kW (\u00e9quivalent 125 cc), comme la Super Soco TC Max, la BMW CE 02 ou la Zero FXE (11 kW). Pour le d\u00e9tail de l&rsquo;\u00e9quivalence permis B \/ 125 cm\u00b3 (formation de 7 h), reportez-vous au Code de la route, cette r\u00e8gle pouvant \u00e9voluer.<\/div>\n<\/details>\n<details>\n<summary>Quelle moto \u00e9lectrique avec le permis A2 ?<\/summary>\n<div class=\"mdm-brief-a\">Le permis A2 autorise les motos \u00e9lectriques brid\u00e9es \u00e0 35 kW maximum, d\u00e8s 18 ans. C&rsquo;est l&rsquo;\u00e9tape obligatoire avant de basculer vers le permis A, deux ans plus tard, pour acc\u00e9der aux mod\u00e8les les plus puissants comme la Zero SR\/S ou la LiveWire One.<\/div>\n<\/details>\n<details>\n<summary>Existe-t-il une moto \u00e9lectrique sans permis ?<\/summary>\n<div class=\"mdm-brief-a\">Les mod\u00e8les d\u00e9crits dans cet article rel\u00e8vent tous d&rsquo;une cat\u00e9gorie de permis (A1, A2 ou A) selon leur puissance. La question des deux-roues \u00e9lectriques accessibles sans permis moto concerne d&rsquo;autres cat\u00e9gories de v\u00e9hicules dont les seuils sont fix\u00e9s par la r\u00e9glementation : reportez-vous au Code de la route et \u00e0 service-public.fr pour conna\u00eetre les conditions exactes en vigueur.<\/div>\n<\/details>\n<\/div>\n<div class=\"mdm-brief-note\">Cet article est informatif et ne remplace pas la r\u00e9glementation officielle. Les cat\u00e9gories de permis, seuils de puissance et conditions d&rsquo;\u00e2ge sont fix\u00e9s par le Code de la route et peuvent \u00e9voluer : v\u00e9rifiez votre situation sur service-public.fr ou aupr\u00e8s d&rsquo;une auto-\u00e9cole agr\u00e9\u00e9e.<\/div>\n<\/div>\n","protected":false},"excerpt":{"rendered":"","protected":false},"author":34,"featured_media":7489,"comment_status":"open","ping_status":"open","sticky":false,"template":"","format":"standard","meta":{"_acf_changed":false,"manual_indexmenow":false,"indexmenow_id_project":0,"footnotes":""},"categories":[4524],"tags":[4554,4571,4555],"class_list":["post-7487","post","type-post","status-publish","format-standard","has-post-thumbnail","hentry","category-conseils-pratiques-et-diy","tag-moto-electrique","tag-nouvelle-mobilite","tag-permis-a","generate-columns","tablet-grid-50","mobile-grid-100","grid-parent","grid-25"],"acf":[],"yoast_head":"<!-- This site is optimized with the Yoast SEO Premium plugin v21.3 (Yoast SEO v26.5) - https:\/\/yoast.com\/wordpress\/plugins\/seo\/ -->\n<title>Moto \u00e9lectrique et permis A : ce qu&#039;il faut savoir<\/title>\n<meta name=\"description\" content=\"R\u00e9glementation, \u00e9quivalences, conduite : d\u00e9couvrez tout ce qu&#039;il faut savoir sur la moto \u00e9lectrique et le permis A pour cette nouvelle mobilit\u00e9.\" \/>\n<meta name=\"robots\" content=\"index, follow, max-snippet:-1, max-image-preview:large, max-video-preview:-1\" \/>\n<link rel=\"canonical\" href=\"https:\/\/maison-du-midi.fr\/blog\/conseils-pratiques-et-diy\/moto-electrique-et-permis-a-ce-quil-faut-savoir-sur-cette-nouvelle-mobilite\/\" \/>\n<meta property=\"og:locale\" content=\"fr_FR\" \/>\n<meta property=\"og:type\" content=\"article\" \/>\n<meta property=\"og:title\" content=\"Moto \u00e9lectrique et permis A : ce qu&#039;il faut savoir\" \/>\n<meta property=\"og:description\" content=\"R\u00e9glementation, \u00e9quivalences, conduite : d\u00e9couvrez tout ce qu&#039;il faut savoir sur la moto \u00e9lectrique et le permis A pour cette nouvelle mobilit\u00e9.\" \/>\n<meta property=\"og:url\" content=\"https:\/\/maison-du-midi.fr\/blog\/conseils-pratiques-et-diy\/moto-electrique-et-permis-a-ce-quil-faut-savoir-sur-cette-nouvelle-mobilite\/\" \/>\n<meta property=\"og:site_name\" content=\"maison-du-midi\" \/>\n<meta property=\"og:image\" content=\"https:\/\/maison-du-midi.fr\/blog\/wp-content\/uploads\/2025\/08\/pag-image-6890a7c6f37cb-scaled.png\" \/>\n\t<meta property=\"og:image:width\" content=\"1200\" \/>\n\t<meta property=\"og:image:height\" content=\"686\" \/>\n\t<meta property=\"og:image:type\" content=\"image\/png\" \/>\n<meta name=\"author\" content=\"Marie D.\" \/>\n<meta name=\"twitter:card\" content=\"summary_large_image\" \/>\n<script type=\"application\/ld+json\" class=\"yoast-schema-graph\">{\"@context\":\"https:\/\/schema.org\",\"@graph\":[{\"@type\":\"NewsArticle\",\"@id\":\"https:\/\/maison-du-midi.fr\/blog\/conseils-pratiques-et-diy\/moto-electrique-et-permis-a-ce-quil-faut-savoir-sur-cette-nouvelle-mobilite\/#article\",\"isPartOf\":{\"@id\":\"https:\/\/maison-du-midi.fr\/blog\/conseils-pratiques-et-diy\/moto-electrique-et-permis-a-ce-quil-faut-savoir-sur-cette-nouvelle-mobilite\/\"},\"author\":{\"name\":\"Marie D.\",\"@id\":\"https:\/\/maison-du-midi.fr\/blog\/#\/schema\/person\/3c864cdc320801e3db34b663e7e3f816\"},\"headline\":\"Moto \u00e9lectrique et permis A : ce qu&rsquo;il faut savoir sur cette nouvelle mobilit\u00e9\",\"datePublished\":\"2026-06-16T10:09:02+00:00\",\"mainEntityOfPage\":{\"@id\":\"https:\/\/maison-du-midi.fr\/blog\/conseils-pratiques-et-diy\/moto-electrique-et-permis-a-ce-quil-faut-savoir-sur-cette-nouvelle-mobilite\/\"},\"wordCount\":2910,\"commentCount\":0,\"publisher\":{\"@id\":\"https:\/\/maison-du-midi.fr\/blog\/#organization\"},\"image\":{\"@id\":\"https:\/\/maison-du-midi.fr\/blog\/conseils-pratiques-et-diy\/moto-electrique-et-permis-a-ce-quil-faut-savoir-sur-cette-nouvelle-mobilite\/#primaryimage\"},\"thumbnailUrl\":\"https:\/\/maison-du-midi.fr\/blog\/wp-content\/uploads\/2025\/08\/pag-image-6890a7c6f37cb-scaled.png\",\"keywords\":[\"moto electrique\",\"nouvelle mobilite\",\"permis a\"],\"articleSection\":[\"Conseils Pratiques et DIY\"],\"inLanguage\":\"fr-FR\",\"potentialAction\":[{\"@type\":\"CommentAction\",\"name\":\"Comment\",\"target\":[\"https:\/\/maison-du-midi.fr\/blog\/conseils-pratiques-et-diy\/moto-electrique-et-permis-a-ce-quil-faut-savoir-sur-cette-nouvelle-mobilite\/#respond\"]}]},{\"@type\":\"WebPage\",\"@id\":\"https:\/\/maison-du-midi.fr\/blog\/conseils-pratiques-et-diy\/moto-electrique-et-permis-a-ce-quil-faut-savoir-sur-cette-nouvelle-mobilite\/\",\"url\":\"https:\/\/maison-du-midi.fr\/blog\/conseils-pratiques-et-diy\/moto-electrique-et-permis-a-ce-quil-faut-savoir-sur-cette-nouvelle-mobilite\/\",\"name\":\"Moto \u00e9lectrique et permis A : ce qu'il faut savoir\",\"isPartOf\":{\"@id\":\"https:\/\/maison-du-midi.fr\/blog\/#website\"},\"primaryImageOfPage\":{\"@id\":\"https:\/\/maison-du-midi.fr\/blog\/conseils-pratiques-et-diy\/moto-electrique-et-permis-a-ce-quil-faut-savoir-sur-cette-nouvelle-mobilite\/#primaryimage\"},\"image\":{\"@id\":\"https:\/\/maison-du-midi.fr\/blog\/conseils-pratiques-et-diy\/moto-electrique-et-permis-a-ce-quil-faut-savoir-sur-cette-nouvelle-mobilite\/#primaryimage\"},\"thumbnailUrl\":\"https:\/\/maison-du-midi.fr\/blog\/wp-content\/uploads\/2025\/08\/pag-image-6890a7c6f37cb-scaled.png\",\"datePublished\":\"2026-06-16T10:09:02+00:00\",\"description\":\"R\u00e9glementation, \u00e9quivalences, conduite : d\u00e9couvrez tout ce qu'il faut savoir sur la moto \u00e9lectrique et le permis A pour cette nouvelle mobilit\u00e9.\",\"inLanguage\":\"fr-FR\",\"potentialAction\":[{\"@type\":\"ReadAction\",\"target\":[\"https:\/\/maison-du-midi.fr\/blog\/conseils-pratiques-et-diy\/moto-electrique-et-permis-a-ce-quil-faut-savoir-sur-cette-nouvelle-mobilite\/\"]}]},{\"@type\":\"ImageObject\",\"inLanguage\":\"fr-FR\",\"@id\":\"https:\/\/maison-du-midi.fr\/blog\/conseils-pratiques-et-diy\/moto-electrique-et-permis-a-ce-quil-faut-savoir-sur-cette-nouvelle-mobilite\/#primaryimage\",\"url\":\"https:\/\/maison-du-midi.fr\/blog\/wp-content\/uploads\/2025\/08\/pag-image-6890a7c6f37cb-scaled.png\",\"contentUrl\":\"https:\/\/maison-du-midi.fr\/blog\/wp-content\/uploads\/2025\/08\/pag-image-6890a7c6f37cb-scaled.png\",\"width\":1200,\"height\":686,\"caption\":\"Image g\u00e9n\u00e9r\u00e9e par IA optimis\u00e9e pour Google Discover\"},{\"@type\":\"WebSite\",\"@id\":\"https:\/\/maison-du-midi.fr\/blog\/#website\",\"url\":\"https:\/\/maison-du-midi.fr\/blog\/\",\"name\":\"maison-du-midi.fr\",\"description\":\"Maison du Midi, l&#039;\u00e9l\u00e9gance du terroir\",\"publisher\":{\"@id\":\"https:\/\/maison-du-midi.fr\/blog\/#organization\"},\"alternateName\":\"Maison du Midi, l'\u00e9l\u00e9gance du terroir\",\"potentialAction\":[{\"@type\":\"SearchAction\",\"target\":{\"@type\":\"EntryPoint\",\"urlTemplate\":\"https:\/\/maison-du-midi.fr\/blog\/?s={search_term_string}\"},\"query-input\":{\"@type\":\"PropertyValueSpecification\",\"valueRequired\":true,\"valueName\":\"search_term_string\"}}],\"inLanguage\":\"fr-FR\"},{\"@type\":\"Organization\",\"@id\":\"https:\/\/maison-du-midi.fr\/blog\/#organization\",\"name\":\"Foretsensations.fr\",\"url\":\"https:\/\/maison-du-midi.fr\/blog\/\",\"logo\":{\"@type\":\"ImageObject\",\"inLanguage\":\"fr-FR\",\"@id\":\"https:\/\/maison-du-midi.fr\/blog\/#\/schema\/logo\/image\/\",\"url\":\"https:\/\/maison-du-midi.fr\/blog\/wp-content\/uploads\/2026\/07\/logo-auto.png\",\"contentUrl\":\"https:\/\/maison-du-midi.fr\/blog\/wp-content\/uploads\/2026\/07\/logo-auto.png\",\"width\":1024,\"height\":1024,\"caption\":\"Foretsensations.fr\"},\"image\":{\"@id\":\"https:\/\/maison-du-midi.fr\/blog\/#\/schema\/logo\/image\/\"}},{\"@type\":\"Person\",\"@id\":\"https:\/\/maison-du-midi.fr\/blog\/#\/schema\/person\/3c864cdc320801e3db34b663e7e3f816\",\"name\":\"Marie D.\",\"image\":{\"@type\":\"ImageObject\",\"inLanguage\":\"fr-FR\",\"@id\":\"https:\/\/maison-du-midi.fr\/blog\/#\/schema\/person\/image\/\",\"url\":\"https:\/\/maison-du-midi.fr\/blog\/wp-content\/uploads\/2026\/06\/persona-marie-d-96x96.jpg\",\"contentUrl\":\"https:\/\/maison-du-midi.fr\/blog\/wp-content\/uploads\/2026\/06\/persona-marie-d-96x96.jpg\",\"caption\":\"Marie D.\"},\"description\":\"La d\u00e9coration d'int\u00e9rieur est mon univers depuis plus de dix ans, du conseil en agencement \u00e0 l'\u00e9criture \u00e9ditoriale. Je me consacre surtout \u00e0 l'am\u00e9nagement des pi\u00e8ces de vie : choix du canap\u00e9 selon l'espace et l'usage, harmonie des couleurs, circulation, lumi\u00e8re naturelle et petites astuces qui rendent un salon vraiment accueillant. J'aime traiter la d\u00e9co comme un sujet concret, avec des fourchettes de prix r\u00e9alistes et des crit\u00e8res mesurables plut\u00f4t que des effets de mode. Avant de recommander un meuble ou une mati\u00e8re, je compare les mod\u00e8les, je v\u00e9rifie l'entretien dans la dur\u00e9e et je pense au quotidien des familles, enfants et animaux compris. Mon angle : un int\u00e9rieur qui se vit, pas seulement qui se photographie. Je tiens \u00e0 ce que chaque conseil soit applicable, que l'on r\u00e9nove un studio ou que l'on meuble une grande maison.\",\"url\":\"https:\/\/maison-du-midi.fr\/blog\/auteur\/marie-d\/\",\"jobTitle\":\"R\u00e9dactrice en chef \u00b7 D\u00e9coration & Am\u00e9nagement\",\"knowsAbout\":[\"D\u00e9coration\",\"Am\u00e9nagement\"],\"email\":\"marie.d@salonstyle.fr\"}]}<\/script>\n<!-- \/ Yoast SEO Premium plugin. -->","yoast_head_json":{"title":"Moto \u00e9lectrique et permis A : ce qu'il faut savoir","description":"R\u00e9glementation, \u00e9quivalences, conduite : d\u00e9couvrez tout ce qu'il faut savoir sur la moto \u00e9lectrique et le permis A pour cette nouvelle mobilit\u00e9.","robots":{"index":"index","follow":"follow","max-snippet":"max-snippet:-1","max-image-preview":"max-image-preview:large","max-video-preview":"max-video-preview:-1"},"canonical":"https:\/\/maison-du-midi.fr\/blog\/conseils-pratiques-et-diy\/moto-electrique-et-permis-a-ce-quil-faut-savoir-sur-cette-nouvelle-mobilite\/","og_locale":"fr_FR","og_type":"article","og_title":"Moto \u00e9lectrique et permis A : ce qu'il faut savoir","og_description":"R\u00e9glementation, \u00e9quivalences, conduite : d\u00e9couvrez tout ce qu'il faut savoir sur la moto \u00e9lectrique et le permis A pour cette nouvelle mobilit\u00e9.","og_url":"https:\/\/maison-du-midi.fr\/blog\/conseils-pratiques-et-diy\/moto-electrique-et-permis-a-ce-quil-faut-savoir-sur-cette-nouvelle-mobilite\/","og_site_name":"maison-du-midi","og_image":[{"width":1200,"height":686,"url":"https:\/\/maison-du-midi.fr\/blog\/wp-content\/uploads\/2025\/08\/pag-image-6890a7c6f37cb-scaled.png","type":"image\/png"}],"author":"Marie D.","twitter_card":"summary_large_image","schema":{"@context":"https:\/\/schema.org","@graph":[{"@type":"NewsArticle","@id":"https:\/\/maison-du-midi.fr\/blog\/conseils-pratiques-et-diy\/moto-electrique-et-permis-a-ce-quil-faut-savoir-sur-cette-nouvelle-mobilite\/#article","isPartOf":{"@id":"https:\/\/maison-du-midi.fr\/blog\/conseils-pratiques-et-diy\/moto-electrique-et-permis-a-ce-quil-faut-savoir-sur-cette-nouvelle-mobilite\/"},"author":{"name":"Marie D.","@id":"https:\/\/maison-du-midi.fr\/blog\/#\/schema\/person\/3c864cdc320801e3db34b663e7e3f816"},"headline":"Moto \u00e9lectrique et permis A : ce qu&rsquo;il faut savoir sur cette nouvelle mobilit\u00e9","datePublished":"2026-06-16T10:09:02+00:00","mainEntityOfPage":{"@id":"https:\/\/maison-du-midi.fr\/blog\/conseils-pratiques-et-diy\/moto-electrique-et-permis-a-ce-quil-faut-savoir-sur-cette-nouvelle-mobilite\/"},"wordCount":2910,"commentCount":0,"publisher":{"@id":"https:\/\/maison-du-midi.fr\/blog\/#organization"},"image":{"@id":"https:\/\/maison-du-midi.fr\/blog\/conseils-pratiques-et-diy\/moto-electrique-et-permis-a-ce-quil-faut-savoir-sur-cette-nouvelle-mobilite\/#primaryimage"},"thumbnailUrl":"https:\/\/maison-du-midi.fr\/blog\/wp-content\/uploads\/2025\/08\/pag-image-6890a7c6f37cb-scaled.png","keywords":["moto electrique","nouvelle mobilite","permis a"],"articleSection":["Conseils Pratiques et DIY"],"inLanguage":"fr-FR","potentialAction":[{"@type":"CommentAction","name":"Comment","target":["https:\/\/maison-du-midi.fr\/blog\/conseils-pratiques-et-diy\/moto-electrique-et-permis-a-ce-quil-faut-savoir-sur-cette-nouvelle-mobilite\/#respond"]}]},{"@type":"WebPage","@id":"https:\/\/maison-du-midi.fr\/blog\/conseils-pratiques-et-diy\/moto-electrique-et-permis-a-ce-quil-faut-savoir-sur-cette-nouvelle-mobilite\/","url":"https:\/\/maison-du-midi.fr\/blog\/conseils-pratiques-et-diy\/moto-electrique-et-permis-a-ce-quil-faut-savoir-sur-cette-nouvelle-mobilite\/","name":"Moto \u00e9lectrique et permis A : ce qu'il faut savoir","isPartOf":{"@id":"https:\/\/maison-du-midi.fr\/blog\/#website"},"primaryImageOfPage":{"@id":"https:\/\/maison-du-midi.fr\/blog\/conseils-pratiques-et-diy\/moto-electrique-et-permis-a-ce-quil-faut-savoir-sur-cette-nouvelle-mobilite\/#primaryimage"},"image":{"@id":"https:\/\/maison-du-midi.fr\/blog\/conseils-pratiques-et-diy\/moto-electrique-et-permis-a-ce-quil-faut-savoir-sur-cette-nouvelle-mobilite\/#primaryimage"},"thumbnailUrl":"https:\/\/maison-du-midi.fr\/blog\/wp-content\/uploads\/2025\/08\/pag-image-6890a7c6f37cb-scaled.png","datePublished":"2026-06-16T10:09:02+00:00","description":"R\u00e9glementation, \u00e9quivalences, conduite : d\u00e9couvrez tout ce qu'il faut savoir sur la moto \u00e9lectrique et le permis A pour cette nouvelle mobilit\u00e9.","inLanguage":"fr-FR","potentialAction":[{"@type":"ReadAction","target":["https:\/\/maison-du-midi.fr\/blog\/conseils-pratiques-et-diy\/moto-electrique-et-permis-a-ce-quil-faut-savoir-sur-cette-nouvelle-mobilite\/"]}]},{"@type":"ImageObject","inLanguage":"fr-FR","@id":"https:\/\/maison-du-midi.fr\/blog\/conseils-pratiques-et-diy\/moto-electrique-et-permis-a-ce-quil-faut-savoir-sur-cette-nouvelle-mobilite\/#primaryimage","url":"https:\/\/maison-du-midi.fr\/blog\/wp-content\/uploads\/2025\/08\/pag-image-6890a7c6f37cb-scaled.png","contentUrl":"https:\/\/maison-du-midi.fr\/blog\/wp-content\/uploads\/2025\/08\/pag-image-6890a7c6f37cb-scaled.png","width":1200,"height":686,"caption":"Image g\u00e9n\u00e9r\u00e9e par IA optimis\u00e9e pour Google Discover"},{"@type":"WebSite","@id":"https:\/\/maison-du-midi.fr\/blog\/#website","url":"https:\/\/maison-du-midi.fr\/blog\/","name":"maison-du-midi.fr","description":"Maison du Midi, l&#039;\u00e9l\u00e9gance du terroir","publisher":{"@id":"https:\/\/maison-du-midi.fr\/blog\/#organization"},"alternateName":"Maison du Midi, l'\u00e9l\u00e9gance du terroir","potentialAction":[{"@type":"SearchAction","target":{"@type":"EntryPoint","urlTemplate":"https:\/\/maison-du-midi.fr\/blog\/?s={search_term_string}"},"query-input":{"@type":"PropertyValueSpecification","valueRequired":true,"valueName":"search_term_string"}}],"inLanguage":"fr-FR"},{"@type":"Organization","@id":"https:\/\/maison-du-midi.fr\/blog\/#organization","name":"Foretsensations.fr","url":"https:\/\/maison-du-midi.fr\/blog\/","logo":{"@type":"ImageObject","inLanguage":"fr-FR","@id":"https:\/\/maison-du-midi.fr\/blog\/#\/schema\/logo\/image\/","url":"https:\/\/maison-du-midi.fr\/blog\/wp-content\/uploads\/2026\/07\/logo-auto.png","contentUrl":"https:\/\/maison-du-midi.fr\/blog\/wp-content\/uploads\/2026\/07\/logo-auto.png","width":1024,"height":1024,"caption":"Foretsensations.fr"},"image":{"@id":"https:\/\/maison-du-midi.fr\/blog\/#\/schema\/logo\/image\/"}},{"@type":"Person","@id":"https:\/\/maison-du-midi.fr\/blog\/#\/schema\/person\/3c864cdc320801e3db34b663e7e3f816","name":"Marie D.","image":{"@type":"ImageObject","inLanguage":"fr-FR","@id":"https:\/\/maison-du-midi.fr\/blog\/#\/schema\/person\/image\/","url":"https:\/\/maison-du-midi.fr\/blog\/wp-content\/uploads\/2026\/06\/persona-marie-d-96x96.jpg","contentUrl":"https:\/\/maison-du-midi.fr\/blog\/wp-content\/uploads\/2026\/06\/persona-marie-d-96x96.jpg","caption":"Marie D."},"description":"La d\u00e9coration d'int\u00e9rieur est mon univers depuis plus de dix ans, du conseil en agencement \u00e0 l'\u00e9criture \u00e9ditoriale. Je me consacre surtout \u00e0 l'am\u00e9nagement des pi\u00e8ces de vie : choix du canap\u00e9 selon l'espace et l'usage, harmonie des couleurs, circulation, lumi\u00e8re naturelle et petites astuces qui rendent un salon vraiment accueillant. J'aime traiter la d\u00e9co comme un sujet concret, avec des fourchettes de prix r\u00e9alistes et des crit\u00e8res mesurables plut\u00f4t que des effets de mode. Avant de recommander un meuble ou une mati\u00e8re, je compare les mod\u00e8les, je v\u00e9rifie l'entretien dans la dur\u00e9e et je pense au quotidien des familles, enfants et animaux compris. Mon angle : un int\u00e9rieur qui se vit, pas seulement qui se photographie. Je tiens \u00e0 ce que chaque conseil soit applicable, que l'on r\u00e9nove un studio ou que l'on meuble une grande maison.","url":"https:\/\/maison-du-midi.fr\/blog\/auteur\/marie-d\/","jobTitle":"R\u00e9dactrice en chef \u00b7 D\u00e9coration & Am\u00e9nagement","knowsAbout":["D\u00e9coration","Am\u00e9nagement"],"email":"marie.d@salonstyle.fr"}]}},"_links":{"self":[{"href":"https:\/\/maison-du-midi.fr\/blog\/wp-json\/wp\/v2\/posts\/7487","targetHints":{"allow":["GET"]}}],"collection":[{"href":"https:\/\/maison-du-midi.fr\/blog\/wp-json\/wp\/v2\/posts"}],"about":[{"href":"https:\/\/maison-du-midi.fr\/blog\/wp-json\/wp\/v2\/types\/post"}],"author":[{"embeddable":true,"href":"https:\/\/maison-du-midi.fr\/blog\/wp-json\/wp\/v2\/users\/34"}],"replies":[{"embeddable":true,"href":"https:\/\/maison-du-midi.fr\/blog\/wp-json\/wp\/v2\/comments?post=7487"}],"version-history":[{"count":3,"href":"https:\/\/maison-du-midi.fr\/blog\/wp-json\/wp\/v2\/posts\/7487\/revisions"}],"predecessor-version":[{"id":7609,"href":"https:\/\/maison-du-midi.fr\/blog\/wp-json\/wp\/v2\/posts\/7487\/revisions\/7609"}],"wp:featuredmedia":[{"embeddable":true,"href":"https:\/\/maison-du-midi.fr\/blog\/wp-json\/wp\/v2\/media\/7489"}],"wp:attachment":[{"href":"https:\/\/maison-du-midi.fr\/blog\/wp-json\/wp\/v2\/media?parent=7487"}],"wp:term":[{"taxonomy":"category","embeddable":true,"href":"https:\/\/maison-du-midi.fr\/blog\/wp-json\/wp\/v2\/categories?post=7487"},{"taxonomy":"post_tag","embeddable":true,"href":"https:\/\/maison-du-midi.fr\/blog\/wp-json\/wp\/v2\/tags?post=7487"}],"curies":[{"name":"wp","href":"https:\/\/api.w.org\/{rel}","templated":true}]}}