{"id":7530,"date":"2026-01-22T09:32:00","date_gmt":"2026-01-22T08:32:00","guid":{"rendered":"https:\/\/maison-du-midi.fr\/blog\/?p=7530"},"modified":"2026-01-22T09:32:00","modified_gmt":"2026-01-22T08:32:00","slug":"decoration-mediterraneenne-cles-pour-un-interieur-lumineux-et-aere","status":"publish","type":"post","link":"https:\/\/maison-du-midi.fr\/blog\/decoration-et-design-interieur\/decoration-mediterraneenne-cles-pour-un-interieur-lumineux-et-aere\/","title":{"rendered":"D\u00e9coration m\u00e9diterran\u00e9enne : cl\u00e9s pour un int\u00e9rieur lumineux et a\u00e9r\u00e9"},"content":{"rendered":"<div style=\"background: linear-gradient(135deg, #f5f7fa 0%, #e9ecef 100%);border-left: 4px solid #0073aa;padding: 15px 20px;margin: 0 0 25px 0;border-radius: 0 8px 8px 0\">\n<p style=\"margin: 0;font-size: 14px;color: #0073aa;font-weight: 600;text-transform: uppercase;letter-spacing: 1px;margin-bottom: 10px\">\ud83d\udccb En bref<\/p>\n<ul style=\"margin: 0;padding-left: 20px;list-style-type: none\">\n<li style=\"margin: 5px 0;color: #333;font-size: 15px;line-height: 1.5;position: relative;padding-left: 15px\"><span style=\"position: absolute;left: 0;color: #0073aa\">\u25b8<\/span> La d\u00e9coration m\u00e9diterran\u00e9enne privil\u00e9gie la lumi\u00e8re naturelle, les espaces a\u00e9r\u00e9s et la nature.<\/li>\n<li style=\"margin: 5px 0;color: #333;font-size: 15px;line-height: 1.5;position: relative;padding-left: 15px\"><span style=\"position: absolute;left: 0;color: #0073aa\">\u25b8<\/span> Elle se d\u00e9cline en deux styles : &quot;carte postale&quot; riche en souvenirs et contemporain minimaliste.<\/li>\n<li style=\"margin: 5px 0;color: #333;font-size: 15px;line-height: 1.5;position: relative;padding-left: 15px\"><span style=\"position: absolute;left: 0;color: #0073aa\">\u25b8<\/span> Les couleurs cl\u00e9s incluent des tons bleus, blancs lumineux et terreux, favorisant une ambiance apaisante.<\/li>\n<\/ul>\n<\/div>\n<h1>Plan d&rsquo;article d\u00e9taill\u00e9 \u2013 D\u00e9coration M\u00e9diterran\u00e9enne : Un Voyage au C\u0153ur du Style M\u00e9diterran\u00e9en<\/h1>\n<h2>Comprendre l\u2019essence de la d\u00e9coration int\u00e9rieure m\u00e9diterran\u00e9enne<\/h2>\n<p>\nLa <u>d\u00e9finition la plus pertinente de la d\u00e9coration int\u00e9rieure m\u00e9diterran\u00e9enne<\/u> repose sur trois axes : <strong>lumi\u00e8re naturelle abondante<\/strong>, <strong>espaces a\u00e9r\u00e9s<\/strong> et <strong>pr\u00e9sence forte de la nature<\/strong>. Les architectes d\u2019int\u00e9rieur install\u00e9s en <strong>r\u00e9gion Provence-Alpes-C\u00f4te d\u2019Azur<\/strong> et en <strong>Corse<\/strong>, comme ceux du studio <strong>Ynspir, sp\u00e9cialis\u00e9 en r\u00e9novation m\u00e9diterran\u00e9enne<\/strong>, utilisent ce vocabulaire pour d\u00e9crire des maisons o\u00f9 les murs blancs refl\u00e8tent la lumi\u00e8re, o\u00f9 les pi\u00e8ces communiquent largement et o\u00f9 la v\u00e9g\u00e9tation s\u2019invite partout, du salon \u00e0 la salle de bain. Les parois sont souvent blanchies \u00e0 la chaux, avec des enduits l\u00e9g\u00e8rement irr\u00e9guliers qui captent la lumi\u00e8re et agrandissent visuellement l\u2019espace.\n<\/p>\n<p>\nNous pouvons distinguer deux grandes approches : le <strong>m\u00e9diterran\u00e9en \u201ccarte postale\u201d<\/strong>, riche en souvenirs de vacances, objets rapport\u00e9s, couleurs satur\u00e9es, et le <strong>m\u00e9diterran\u00e9en contemporain<\/strong>, plus \u00e9pur\u00e9, presque minimaliste, qui s\u2019appuie sur des volumes sobres et des mat\u00e9riaux bruts. L\u2019enjeu consiste \u00e0 trouver l\u2019\u00e9quilibre entre ces deux univers pour construire une d\u00e9co chaleureuse, mais jamais surcharg\u00e9e. Les grands principes se r\u00e9sument autour de quelques \u00e9l\u00e9ments cl\u00e9s :\n<\/p>\n<ul>\n<li><strong>Murs clairs<\/strong> : blanc, cr\u00e8me, sable, avec <u>enduits \u00e0 la chaux ou peintures min\u00e9rales<\/u>.<\/li>\n<li><strong>Mat\u00e9riaux bruts<\/strong> : bois clair, pierre naturelle, terre cuite, c\u00e9ramique, fer forg\u00e9, fibres v\u00e9g\u00e9tales.<\/li>\n<li><strong>Espaces a\u00e9r\u00e9s<\/strong> : circulation fluide, peu de cloisons, mobilier bas.<\/li>\n<li><strong>Lien \u00e0 la nature<\/strong> : plantes m\u00e9diterran\u00e9ennes, vues d\u00e9gag\u00e9es, mati\u00e8res organiques.<\/li>\n<\/ul>\n<p>\n\u00c0 nos yeux, l\u2019int\u00e9r\u00eat de ce style tient \u00e0 sa capacit\u00e9 \u00e0 concilier <strong>minimalisme<\/strong> et <strong>chaleur<\/strong> : il reste structur\u00e9, lisible, mais ne tombe pas dans la froideur. C\u2019est cette nuance qui en fait, aujourd\u2019hui, une r\u00e9f\u00e9rence pour les projets de r\u00e9novation dans les r\u00e9gions ensoleill\u00e9es, mais aussi dans les centres urbains plus au nord, o\u00f9 l\u2019on cherche \u00e0 compenser un d\u00e9ficit de lumi\u00e8re naturelle.\n<\/p>\n<h2>Couleurs m\u00e9diterran\u00e9ennes pour les murs et l\u2019ensemble de l\u2019int\u00e9rieur<\/h2>\n<p>\nLa <strong>palette de couleurs m\u00e9diterran\u00e9enne<\/strong> est l\u2019un des marqueurs les plus forts de ce style. Les designers d\u2019int\u00e9rieur comme <strong>Sarah Lavoine, fondatrice de la Maison Sarah Lavoine<\/strong>, ou les studios italiens sp\u00e9cialis\u00e9s dans la c\u00f4te amalfitaine travaillent r\u00e9guli\u00e8rement autour de trois familles chromatiques : les <strong>bleus<\/strong> (outremer, ciel, turquoise), les <strong>blancs lumineux<\/strong> (pur, cass\u00e9, ivoire) et les <strong>tons terreux<\/strong> (ocre, terre de Sienne, sable, beige). Les \u00e9tudes de psychologie environnementale men\u00e9es par des universit\u00e9s comme l\u2019<strong>Universit\u00e9 de Surrey au Royaume-Uni<\/strong> montrent que le <u>bleu<\/u> est per\u00e7u comme une couleur apaisante, associ\u00e9e \u00e0 la r\u00e9duction du stress et \u00e0 un rythme cardiaque plus r\u00e9gulier, tandis que les teintes terre r\u00e9chauffent instantan\u00e9ment la perception d\u2019un espace.\n<\/p>\n<p>\nPour obtenir un int\u00e9rieur coh\u00e9rent, nous recommandons d\u2019utiliser :\n<\/p>\n<ul>\n<li><strong>Murs blancs ou cr\u00e8me<\/strong> comme base, pour maximiser la lumi\u00e8re et cr\u00e9er un fond neutre.<\/li>\n<li><strong>Un mur accent bleu profond<\/strong> dans le salon ou la chambre, pour \u00e9voquer la mer.<\/li>\n<li><strong>Touches d\u2019ocre ou de terre de Sienne<\/strong> sur une niche, un soubassement ou un encadrement de porte.<\/li>\n<li><strong>Textiles bleu fonc\u00e9 et bleu gris\u00e9<\/strong> pour structurer visuellement canap\u00e9s et literie.<\/li>\n<\/ul>\n<p>\nLes fabricants de peinture comme <strong>Farrow &amp; Ball, marque britannique haut de gamme<\/strong>, <strong>Ressource Peintures, entreprise fran\u00e7aise sp\u00e9cialis\u00e9e dans les teintes d\u00e9coratives<\/strong> ou <strong>Tollens, acteur historique du march\u00e9 fran\u00e7ais<\/strong> proposent des collections explicitement inspir\u00e9es de la M\u00e9diterran\u00e9e, avec des noms de teintes \u00e9voquant la Gr\u00e8ce, la Provence ou la Sicile. Un salon peut ainsi s\u2019articuler autour de murs cr\u00e8me, d\u2019un canap\u00e9 lin naturel, de coussins bleu outremer, de bois clair et de quelques touches terracotta. Pour une cuisine, l\u2019association d\u2019un mobilier blanc avec une cr\u00e9dence en carreaux bleu et blanc fa\u00e7on <strong>azulejos portugais<\/strong>, tr\u00e8s pr\u00e9sents \u00e0 <strong>Lisbonne<\/strong>, cr\u00e9e imm\u00e9diatement une signature visuelle forte. \u00c0 l\u2019\u00e9chelle de l\u2019int\u00e9rieur complet, l\u2019objectif reste de garder une <u>coh\u00e9rence chromatique<\/u> : murs, meubles, objets et textiles doivent dialoguer plut\u00f4t que se concurrencer.\n<\/p>\n<h2>Murs, sols et mat\u00e9riaux : les fondations architecturales<\/h2>\n<p>\nLes <strong>murs<\/strong> et les <strong>sols<\/strong> constituent la base architecturale de la d\u00e9coration m\u00e9diterran\u00e9enne. Les surfaces verticales privil\u00e9gient les textures min\u00e9rales : <strong>enduits \u00e0 la chaux<\/strong>, <strong>tadelakt marocain<\/strong>, <strong>stuc<\/strong>, parfois pierre apparente ou briques blanchies. Des entreprises comme <strong>Saint-Astier, producteur fran\u00e7ais de chaux hydraulique naturelle<\/strong>, ou <strong>Argilus, sp\u00e9cialiste des enduits d\u2019argile<\/strong> proposent des solutions adapt\u00e9es \u00e0 des projets r\u00e9sidentiels contemporains, compatibles avec une d\u00e9marche \u00e9cologique. Les grandes marques de carrelage italiennes, comme <strong>Casalgrande Padana<\/strong>, ont lanc\u00e9 des gammes intitul\u00e9es \u201cMediterraneo\u201d ou \u201cCostiera\u201d avec des finitions rappelant les pierres calcaires et les terres cuites traditionnelles.\n<\/p>\n<p>\nAu sol, les options typiques restent les <strong>tomettes en terre cuite<\/strong>, le <strong>travertin<\/strong>, les carreaux en c\u00e9ramique ou en gr\u00e8s c\u00e9rame aux tonalit\u00e9s neutres, parfois inspir\u00e9s des <u>carreaux hydrauliques<\/u> de <strong>Barcelone<\/strong> du d\u00e9but du XXe si\u00e8cle. Dans une salle de bain, des mosa\u00efques bleu ciel ou turquoise permettent de recr\u00e9er une ambiance de hammam, tout en restant faciles d\u2019entretien. Cette mat\u00e9rialit\u00e9 se compl\u00e8te souvent de poutres en bois brut, d\u2019arches ma\u00e7onn\u00e9es et de niches murales pour exposer poteries et objets artisanaux.\n<\/p>\n<ul>\n<li><strong>Pour les murs<\/strong> : chaux, peinture min\u00e9rale, tadelakt, pierre calcaire.<\/li>\n<li><strong>Pour les sols<\/strong> : terre cuite, travertin, gr\u00e8s c\u00e9rame mat, bois clair bross\u00e9.<\/li>\n<li><strong>Pour la structure<\/strong> : poutres apparentes, arches, encadrements massifs.<\/li>\n<\/ul>\n<p>\n\u00c0 notre avis, investir dans des mat\u00e9riaux structurants de qualit\u00e9, issus de fabricants r\u00e9put\u00e9s comme <strong>Cosentino<\/strong> pour les surfaces min\u00e9rales ou <strong>Marazzi, groupe italien de carrelage<\/strong>, garantit une esth\u00e9tique p\u00e9renne. Ces mat\u00e9riaux, souvent inspir\u00e9s des architectures traditionnelles de <strong>Provence<\/strong>, de <strong>Sicile<\/strong> ou de <strong>Majorque<\/strong>, apportent imm\u00e9diatement du caract\u00e8re, m\u00eame dans un appartement r\u00e9cent aux volumes standardis\u00e9s.\n<\/p>\n<h2>Meubles et agencement dans un int\u00e9rieur m\u00e9diterran\u00e9en<\/h2>\n<p>\nLe <strong>mobilier m\u00e9diterran\u00e9en<\/strong> repose sur des lignes simples, des mat\u00e9riaux naturels et un confort sans ostentation. Les architectes d\u2019int\u00e9rieur de la c\u00f4te espagnole, en <strong>Costa Brava<\/strong> ou en <strong>Costa Blanca<\/strong>, privil\u00e9gient les <strong>meubles en bois massif<\/strong> (ch\u00eane clair, pin, olivier, orme) parfois patin\u00e9s ou blanchis, avec une fabrication qui rappelle l\u2019artisanat plut\u00f4t que la production industrielle. On retrouve toujours une grande table en bois rustique pour la salle \u00e0 manger, un buffet ou vaisselier massif, des bancs ou banquettes ma\u00e7onn\u00e9es, des canap\u00e9s bas et g\u00e9n\u00e9reux, ainsi que du mobilier ext\u00e9rieur en fer forg\u00e9 ou rotin.\n<\/p>\n<p>\nL\u2019<strong>agencement<\/strong> ob\u00e9it \u00e0 quelques r\u00e8gles simples :\n<\/p>\n<ul>\n<li><strong>D\u00e9sencombrer les espaces<\/strong> pour favoriser la circulation et les perspectives.<\/li>\n<li><strong>Cr\u00e9er des zones conviviales<\/strong> : coin lecture pr\u00e8s d\u2019une fen\u00eatre, coin repas ouvert sur la terrasse, salon orient\u00e9 vers la lumi\u00e8re.<\/li>\n<li><strong>Privil\u00e9gier des meubles bas<\/strong> pour laisser filer le regard et valoriser la hauteur sous plafond.<\/li>\n<li><strong>Appliquer le principe \u201cmoins mais mieux\u201d<\/strong> : quelques pi\u00e8ces fortes, comme une grande table en bois ou un fauteuil en rotin, plut\u00f4t qu\u2019un exc\u00e8s de petits meubles.<\/li>\n<\/ul>\n<p>\nDes enseignes comme <strong>Habitat, sp\u00e9cialiste europ\u00e9en du mobilier contemporain<\/strong>, <strong>AM.PM, marque de La Redoute orient\u00e9e haut de gamme<\/strong> ou <strong>La Redoute Int\u00e9rieurs<\/strong> proposent des collections \u201cM\u00e9diterran\u00e9e\u201d combinant bois clair, cannage, rotin et fer forg\u00e9. Dans un petit appartement de 45&nbsp;m? \u00e0 <strong>Marseille<\/strong>, un plan optimis\u00e9 pourra s\u2019appuyer sur un espace de vie semi-ouvert, un canap\u00e9 bas en lin, une table extensible, des tabourets empilables et des rangements int\u00e9gr\u00e9s pour conserver la l\u00e9g\u00e8ret\u00e9 visuelle. \u00c0 notre sens, l\u2019objectif n\u2019est pas de multiplier les r\u00e9f\u00e9rences mais de laisser respirer les pi\u00e8ces, tout en assurant un niveau de confort \u00e9lev\u00e9.\n<\/p>\n<h2>Accessoires d\u00e9coratifs, tableaux, posters et objets artisanaux<\/h2>\n<p>\nLes <strong>accessoires d\u00e9co<\/strong> donnent une \u00e2me \u00e0 l\u2019int\u00e9rieur m\u00e9diterran\u00e9en. La tradition artisanale du bassin \u2013 de la <strong>c\u00e9ramique de S\u00e9ville<\/strong> aux poteries de <strong>Vallauris en Provence<\/strong>, en passant par les jarres de <strong>Safi au Maroc<\/strong> \u2013 offre une base riche pour composer une d\u00e9coration authentique. Nous privil\u00e9gions les pi\u00e8ces faites main : poteries en terre cuite, c\u00e9ramiques peintes, jarres g\u00e9n\u00e9reuses, paniers en osier, vannerie, lanternes en m\u00e9tal perfor\u00e9, objets en bois sculpt\u00e9. Ces \u00e9l\u00e9ments cr\u00e9ent une dimension tactile qui compl\u00e8te les surfaces min\u00e9rales.\n<\/p>\n<p>\nLes <strong>tableaux<\/strong> et <strong>posters<\/strong> jouent un r\u00f4le central pour raconter un imaginaire m\u00e9diterran\u00e9en. Des illustrateurs comme <strong>Mathilde Cabanas, cr\u00e9atrice fran\u00e7aise<\/strong>, ou des \u00e9diteurs d\u2019affiches comme <strong>Desenio, acteur international de la d\u00e9coration murale<\/strong> et <strong>Juniqe<\/strong> proposent des paysages marins, villages blancs, sc\u00e8nes de port, oliviers, citronniers ou compositions abstraites en bleu, sable et terracotta. Pour structurer ces \u00e9l\u00e9ments, nous recommandons :\n<\/p>\n<ul>\n<li><strong>Une galerie de posters<\/strong> dans un couloir, avec cadres bois ou rotin.<\/li>\n<li><strong>Un grand tableau<\/strong> au-dessus du canap\u00e9, centr\u00e9 et bien \u00e9clair\u00e9.<\/li>\n<li><strong>De petites toiles<\/strong> int\u00e9gr\u00e9es dans des niches murales.<\/li>\n<li><strong>Quelques objets souvenirs<\/strong> de Gr\u00e8ce, d\u2019Italie ou du Maghreb pour personnaliser la d\u00e9co.<\/li>\n<\/ul>\n<p>\nNous restons vigilants aux exc\u00e8s : accumuler trop de petits objets, multiplier les coquillages et ancres marines peut rapidement basculer vers le kitsch. Selon nous, l\u2019approche la plus \u00e9l\u00e9gante repose sur un nombre limit\u00e9 de pi\u00e8ces fortes \u2013 une grande jarre, un plat en c\u00e9ramique de <strong>Caltagirone en Sicile<\/strong>, une photographie grand format de <strong>Capri<\/strong> \u2013 dispos\u00e9es dans une harmonie de couleurs coh\u00e9rente avec le reste de l\u2019int\u00e9rieur.\n<\/p>\n<h2>Textiles, motifs et confort visuel<\/h2>\n<p>\nLes <strong>textiles<\/strong> constituent un levier majeur pour installer l\u2019ambiance m\u00e9diterran\u00e9enne. Lin lav\u00e9, coton, gaze de coton, laine l\u00e9g\u00e8re, chanvre et jute dominent, avec des marques comme <strong>Linvosges, sp\u00e9cialiste fran\u00e7ais du linge de maison<\/strong>, <strong>Carr\u00e9 Blanc<\/strong> ou <strong>Secret Linen Store au Royaume-Uni<\/strong> qui d\u00e9veloppent des gammes en fibres naturelles, souvent dans des teintes sable, blanc cass\u00e9, bleu gris\u00e9. Les rideaux sont l\u00e9gers, les voilages blancs ou cr\u00e8me filtrent la lumi\u00e8re sans la bloquer, les coussins et plaids ajoutent une dimension enveloppante sans rompre la sobri\u00e9t\u00e9 des lignes architecturales.\n<\/p>\n<p>\nDes recherches en <strong>design d\u2019int\u00e9rieur<\/strong>, relay\u00e9es par des organismes comme l\u2019<strong>American Society of Interior Designers (ASID)<\/strong>, indiquent qu\u2019un changement cibl\u00e9 de tissus d\u2019ameublement (rideaux, housses de coussin, tapis) peut modifier de mani\u00e8re significative la perception d\u2019une pi\u00e8ce, pour un budget repr\u00e9sentant souvent moins de <u>10&nbsp;% du co\u00fbt total d\u2019une r\u00e9novation<\/u>. Dans le contexte m\u00e9diterran\u00e9en, nous privil\u00e9gions :\n<\/p>\n<ul>\n<li><strong>Tapis en jute ou sisal<\/strong> au sol, compl\u00e9t\u00e9s par des tapis berb\u00e8res dans le salon ou la chambre.<\/li>\n<li><strong>Motifs g\u00e9om\u00e9triques<\/strong> inspir\u00e9s des mosa\u00efques, motifs floraux stylis\u00e9s, rayures bleu et blanc.<\/li>\n<li><strong>Textiles ext\u00e9rieurs<\/strong> r\u00e9sistants aux UV pour les banquettes et coussins de terrasse.<\/li>\n<\/ul>\n<p>\n\u00c0 notre avis, c\u2019est souvent par les textiles que l\u2019on peut tester le style m\u00e9diterran\u00e9en sans engager de gros travaux. Remplacer des rideaux \u00e9pais par des voilages, ajouter un tapis naturel, renouveler les housses de coussin avec des teintes bleu profond et sable suffit d\u00e9j\u00e0 \u00e0 transformer l\u2019atmosph\u00e8re d\u2019un salon en une journ\u00e9e.\n<\/p>\n<h2>\u00c9l\u00e9ments naturels, plantes, durabilit\u00e9 et biomat\u00e9riaux<\/h2>\n<p>\nLe style m\u00e9diterran\u00e9en est intimement li\u00e9 \u00e0 la <strong>nature<\/strong>. Les plantes d\u2019inspiration sud \u2013 olivier en pot, citronnier, bougainvill\u00e9e, lauriers roses, herbes aromatiques \u2013 renforcent le lien visuel et olfactif avec l\u2019ext\u00e9rieur. Les pays du pourtour, comme l\u2019<strong>Espagne<\/strong>, la <strong>Gr\u00e8ce<\/strong> ou l\u2019<strong>Italie<\/strong>, valorisent depuis longtemps l\u2019usage de mat\u00e9riaux locaux, d\u2019artisanat et de solutions passives pour le confort (murs \u00e9pais, couleurs claires), qui r\u00e9sonnent aujourd\u2019hui avec les enjeux de <strong>durabilit\u00e9<\/strong>.\n<\/p>\n<p>\nLe march\u00e9 de la d\u00e9coration \u00e9coresponsable conna\u00eet une progression rapide : une \u00e9tude publi\u00e9e en <strong>2023<\/strong> par un grand cabinet de conseil comme <strong>Deloitte<\/strong> indique que <u>pr\u00e8s de 60&nbsp;% des consommateurs europ\u00e9ens d\u00e9clarent privil\u00e9gier des produits durables pour l\u2019am\u00e9nagement de leur int\u00e9rieur<\/u>. Pour int\u00e9grer cette dimension \u00e0 une d\u00e9co m\u00e9diterran\u00e9enne, nous conseillons :\n<\/p>\n<ul>\n<li><strong>Biomat\u00e9riaux<\/strong> : peintures min\u00e9rales, enduits \u00e0 la chaux ou argile, isolants naturels (laine de bois, chanvre).<\/li>\n<li><strong>Fibres v\u00e9g\u00e9tales<\/strong> : bambou, rotin, sisal, jute, chanvre pour les meubles et accessoires.<\/li>\n<li><strong>Meubles durables<\/strong> : bois certifi\u00e9 FSC ou PEFC, pi\u00e8ces r\u00e9parables plut\u00f4t que jetables.<\/li>\n<li><strong>Seconde main<\/strong> : r\u00e9emploi de buffets, tables, jarres anciennes, via des plateformes comme <strong>Leboncoin<\/strong> ou <strong>Selency<\/strong>.<\/li>\n<\/ul>\n<p>\nDes entreprises comme <strong>IKEA, g\u00e9ant su\u00e9dois de l\u2019ameublement<\/strong>, ont annonc\u00e9 depuis <strong>2021<\/strong> des objectifs ambitieux de circularit\u00e9, avec une part croissante de mat\u00e9riaux recycl\u00e9s. D\u2019autres acteurs, plus sp\u00e9cialis\u00e9s, tels que <strong>Alki, \u00e9diteur basque de mobilier en bois<\/strong>, misent sur les circuits courts et les essences locales. Nous pensons que le style m\u00e9diterran\u00e9en se pr\u00eate particuli\u00e8rement bien \u00e0 ce virage : en misant sur des pi\u00e8ces durables, polyvalentes et r\u00e9parables, vous conciliez le r\u00eave de \u201cvacances \u00e9ternelles\u201d avec une sobri\u00e9t\u00e9 environnementale assum\u00e9e.\n<\/p>\n<h2>Lumi\u00e8re, ouvertures et articulation int\u00e9rieur \/ ext\u00e9rieur<\/h2>\n<p>\nLa <strong>lumi\u00e8re<\/strong> constitue probablement l\u2019axe le plus structurant de la d\u00e9coration m\u00e9diterran\u00e9enne. Les maisons traditionnelles de <strong>Cyclades<\/strong>, de <strong>C\u00f4te d\u2019Azur<\/strong> ou de <strong>Sardaigne<\/strong> sont con\u00e7ues pour capter au maximum la lumi\u00e8re naturelle, tout en se prot\u00e9geant de la chaleur. \u00c0 l\u2019int\u00e9rieur, nous conseillons de lib\u00e9rer les ouvertures : baies vitr\u00e9es, portes-fen\u00eatres, fen\u00eatres \u00e9largies, absence de rideaux \u00e9pais, voilages clairs. L\u2019usage de couleurs claires sur les murs et les sols, associ\u00e9 \u00e0 des surfaces l\u00e9g\u00e8rement mates, renforce la diffusion de la lumi\u00e8re sans cr\u00e9er d\u2019\u00e9blouissement.\n<\/p>\n<p>\nPour structurer les espaces, plusieurs solutions fonctionnent tr\u00e8s bien :\n<\/p>\n<ul>\n<li><strong>Pi\u00e8ces ouvertes<\/strong> et semi-ouvertes pour favoriser les enfilades visuelles.<\/li>\n<li><strong>Cloisons ajour\u00e9es<\/strong> (claustras bois, moucharabiehs r\u00e9interpr\u00e9t\u00e9s) pour s\u00e9parer sans fermer.<\/li>\n<li><strong>Miroirs bien positionn\u00e9s<\/strong>, en face des fen\u00eatres, afin de multiplier les reflets.<\/li>\n<li><strong>Traitement des terrasses, patios, balcons<\/strong> comme un prolongement du salon.<\/li>\n<\/ul>\n<p>\nDes architectes comme <strong>Jacques Garcia, d\u00e9corateur fran\u00e7ais<\/strong>, ou des agences travaillant sur des projets en <strong>Ibiza<\/strong> et \u00e0 <strong>Mykonos<\/strong> accordent une attention particuli\u00e8re au continuum int\u00e9rieur\/ext\u00e9rieur : m\u00eames teintes, m\u00eames mat\u00e9riaux, m\u00eames textiles, afin que la terrasse devienne une pi\u00e8ce \u00e0 part enti\u00e8re. Pour l\u2019\u00e9clairage artificiel, nous appr\u00e9cions les suspensions en fibres naturelles, les appliques en c\u00e9ramique ajour\u00e9e, les lampes en fer forg\u00e9 et les guirlandes lumineuses pour les soir\u00e9es d\u2019\u00e9t\u00e9. L\u00e0 encore, une lumi\u00e8re chaude, autour de <u>2700 \u00e0 3000 Kelvin<\/u>, reste la plus adapt\u00e9e pour recr\u00e9er l\u2019atmosph\u00e8re douce du sud.\n<\/p>\n<h2>Inspirations par pi\u00e8ce : projets concrets \u00e0 reproduire<\/h2>\n<p>\nPour aider \u00e0 passer \u00e0 l\u2019action, nous pouvons nous appuyer sur des sc\u00e9narios pr\u00e9cis. Un <strong>salon m\u00e9diterran\u00e9en<\/strong> r\u00e9ussi se compose, par exemple, de murs blancs \u00e0 la chaux, d\u2019un sol en carrelage beige ou travertin, d\u2019un grand canap\u00e9 clair en lin, de coussins bleu outremer, d\u2019une table basse en bois massif patin\u00e9, d\u2019un tapis en jute, de quelques tableaux de paysages marins, d\u2019un panier en osier contenant des plaids, et de plantes m\u00e9diterran\u00e9ennes en pot. Ce type d\u2019am\u00e9nagement appara\u00eet fr\u00e9quemment dans les maisons r\u00e9nov\u00e9es de <strong>Provence<\/strong> ou dans les \u201cfincas\u201d contemporaines de <strong>Bal\u00e9ares<\/strong>.\n<\/p>\n<p>\nPour une <strong>salle \u00e0 manger<\/strong>, nous imaginons une grande table rustique en bois, des chaises en bois ou rotin, des suspensions en fibres tress\u00e9es, de la vaisselle en c\u00e9ramique artisanale, une nappe en lin lav\u00e9, une ouverture sur une terrasse avec oliviers en pot. La <strong>chambre<\/strong> gagnera \u00e0 adopter des murs sable, une t\u00eate de lit ma\u00e7onn\u00e9e avec niche, du linge de lit en lin blanc et bleu, des descentes de lit en coton tiss\u00e9, des voilages clairs, des chevets en bois brut. La <strong>salle de bain<\/strong>, quant \u00e0 elle, pourra associer carrelage bleu et blanc fa\u00e7on mosa\u00efque, vasque en pierre ou c\u00e9ramique, robinetterie en laiton, panier en fibres naturelles pour le linge.\n<\/p>\n<ul>\n<li><strong>Salon<\/strong> : blanc + travertin + rotin + bleu outremer.<\/li>\n<li><strong>Salle \u00e0 manger<\/strong> : grande table bois + suspensions tress\u00e9es + c\u00e9ramique artisanale.<\/li>\n<li><strong>Chambre<\/strong> : palette nude + lin + voilages.<\/li>\n<li><strong>Salle de bain<\/strong> : mosa\u00efque bleue + pierre + laiton.<\/li>\n<li><strong>Terrasse ou balcon urbain<\/strong> : caillebotis bois, banquette avec matelas blanc, coussins color\u00e9s, table basse, lanternes, guirlande lumineuse, plantes aromatiques et citronnier nain.<\/li>\n<\/ul>\n<p>\nNous pouvons nous inspirer de projets iconiques : les maisons blanches et bleues des \u00eeles des <strong>Cyclades<\/strong>, les bastides proven\u00e7ales r\u00e9nov\u00e9es pr\u00e9sent\u00e9es par des agences comme <strong>Espaces Atypiques<\/strong>, ou les villas contemporaines de <strong>Costa del Sol<\/strong>. \u00c0 notre avis, analyser ces r\u00e9alisations \u2013 souvent publi\u00e9es dans des magazines comme <strong>AD France<\/strong> ou <strong>Elle D\u00e9coration<\/strong> \u2013 aide \u00e0 affiner son regard et \u00e0 \u00e9viter les clich\u00e9s.\n<\/p>\n<h2>Conseils pratiques pour adapter le style m\u00e9diterran\u00e9en \u00e0 tout type de logement<\/h2>\n<p>\nL\u2019un des grands atouts de la <strong>d\u00e9co m\u00e9diterran\u00e9enne<\/strong> r\u00e9side dans sa capacit\u00e9 \u00e0 s\u2019adapter \u00e0 presque tous les contextes, du studio en centre-ville \u00e0 la maison familiale. Dans un petit appartement, nous conseillons de miser sur les murs blancs, les miroirs, un mobilier bas, peu de meubles mais bien choisis, des textiles l\u00e9gers, quelques accessoires forts comme des poteries, posters et tapis. Pour un int\u00e9rieur sombre, les teintes tr\u00e8s claires au mur, les finitions mates, la multiplication des points lumineux chauds et l\u2019all\u00e8gement des fen\u00eatres feront une diff\u00e9rence imm\u00e9diate.\n<\/p>\n<p>\nPour un budget serr\u00e9, les leviers les plus efficaces restent :\n<\/p>\n<ul>\n<li><strong>Peinture<\/strong> : repeindre les murs en blanc ou sable, \u00e0 co\u00fbt ma\u00eetris\u00e9.<\/li>\n<li><strong>Textiles<\/strong> : changer les housses de coussin, les rideaux, ajouter un tapis naturel.<\/li>\n<li><strong>Plantes<\/strong> : introduire un olivier en pot, un citronnier nain, des herbes aromatiques.<\/li>\n<li><strong>Seconde main<\/strong> : chiner des meubles en bois massif sur des plateformes sp\u00e9cialis\u00e9es.<\/li>\n<\/ul>\n<p>\nNous pouvons proposer une <u>check-list \u201c24 heures\u201d<\/u> pour donner une touche m\u00e9diterran\u00e9enne \u00e0 un salon :\n<\/p>\n<ul>\n<li>Repeindre un mur en blanc ou cr\u00e8me, si n\u00e9cessaire.<\/li>\n<li>Changer les housses de coussin pour des tons bleu et lin.<\/li>\n<li>Poser un tapis en jute ou sisal.<\/li>\n<li>Accrocher un tableau ou un poster bleu et blanc au-dessus du canap\u00e9.<\/li>\n<li>Ajouter une grande plante m\u00e9diterran\u00e9enne en pot.<\/li>\n<\/ul>\n<p>\nNous sommes convaincus qu\u2019il vaut mieux quelques changements cibl\u00e9s et harmonieux qu\u2019un m\u00e9lange d\u00e9sordonn\u00e9 d\u2019\u00e9l\u00e9ments \u201cm\u00e9diterran\u00e9ens\u201d. Une base neutre, des mat\u00e9riaux coh\u00e9rents, quelques pi\u00e8ces signatures, et le style se met en place naturellement, quel que soit le type de logement.\n<\/p>\n<h2>Conclusion : Installer durablement la magie m\u00e9diterran\u00e9enne chez vous<\/h2>\n<p>\nLa d\u00e9coration m\u00e9diterran\u00e9enne repose sur quelques piliers solides : une <strong>palette de couleurs lumineuses<\/strong>, des <strong>murs clairs<\/strong>, des <strong>mat\u00e9riaux naturels<\/strong>, des <strong>meubles simples et confortables<\/strong>, une place centrale accord\u00e9e aux <strong>textiles<\/strong>, un r\u00f4le majeur des plantes et une vraie attention \u00e0 la <strong>durabilit\u00e9<\/strong>. Nous ne parlons pas ici d\u2019un effet de mode, mais d\u2019une mani\u00e8re d\u2019habiter, qui incite \u00e0 ralentir, \u00e0 inviter la nature chez soi, \u00e0 privil\u00e9gier les mati\u00e8res authentiques et les pi\u00e8ces qui traversent les ann\u00e9es.\n<\/p>\n<p>\nPour passer \u00e0 l\u2019action, commencer par une pi\u00e8ce \u2013 le salon, la chambre ou la terrasse \u2013 reste une strat\u00e9gie pragmatique. Une fois la direction trouv\u00e9e, vous pourrez \u00e9tendre progressivement ce langage aux autres espaces, en mixant les influences r\u00e9gionales : blancheur et bleu des \u00eeles grecques, pierre et lavande de Provence, terracotta andalouse, zelliges marocains. Nous vous encourageons \u00e0 documenter vos projets, \u00e0 partager vos marques pr\u00e9f\u00e9r\u00e9es \u2013 qu\u2019il s\u2019agisse de <strong>Cosentino<\/strong> pour les surfaces, de <strong>Ressource<\/strong> pour les peintures, de cr\u00e9ateurs de c\u00e9ramique locaux \u2013 et \u00e0 alimenter une communaut\u00e9 d\u2019inspiration autour de cet <u>art de vivre ensoleill\u00e9<\/u>, profond\u00e9ment ancr\u00e9 dans la r\u00e9alit\u00e9 contemporaine.\n<\/p>\n<div style=\"background: #e8f4f8;border: 3px solid #0073aa;padding: 20px;margin: 20px 0;border-radius: 8px\">\n<h2 style=\"color: #0073aa;text-align: center;margin-bottom: 15px\">\ud83d\udd27 Ressources Pratiques et Outils<\/h2>\n<div style=\"background: white;padding: 15px;margin: 10px 0;border-left: 4px solid #28a745\">\n<h3 style=\"color: #28a745;margin-bottom: 10px\">\ud83d\udccd Agences et D\u00e9corateurs Sp\u00e9cialis\u00e9s \u00e0 Marseille<\/h3>\n<p>\n&#8211; **Agence Staff D\u00e9cor**<br \/>\n  Adresse : 240 avenue de Coulins, Parc d\u2019activit\u00e9, 13420 G\u00e9menos<br \/>\n  T\u00e9l\u00e9phone : 04 42 32 22 11<br \/>\n  Email : <a href=\"mailto:ag13@staffdecor.fr\">ag13@staffdecor.fr<\/a><br \/>\n  Site : <a href=\"http:\/\/staffdecor.fr\" rel=\"nofollow\">staffdecor.fr<\/a>\n<\/p>\n<p>\n&#8211; **Toba Architecture**<br \/>\n  Adresse : 13001 Marseille, France<br \/>\n  T\u00e9l\u00e9phone : 06 48 22 00 62<br \/>\n  Site : <a href=\"https:\/\/www.houzz.fr\/professionnels\/architectes\/toba-architecture-pfvwfr-pf~1864241800\" rel=\"nofollow\">Profil Houzz<\/a>\n<\/p>\n<p>\n&#8211; **Cr\u00e9ateurs d\u2019Int\u00e9rieurs**<br \/>\n  Site : <a href=\"http:\/\/architectes-interieur-marseille.com\" rel=\"nofollow\">architectes-interieur-marseille.com<\/a>\n<\/p>\n<p>\n&#8211; **CT Cr\u00e9ation**<br \/>\n  Site : <a href=\"http:\/\/carltran-ctcreation.fr\" rel=\"nofollow\">carltran-ctcreation.fr<\/a>\n<\/p>\n<p>\n&#8211; **Bel \u0152il by Sinibaldi**<br \/>\n  Site : <a href=\"http:\/\/bel-oeil.com\" rel=\"nofollow\">bel-oeil.com<\/a>\n<\/p>\n<\/div>\n<div style=\"background: white;padding: 15px;margin: 10px 0;border-left: 4px solid #007bff\">\n<h3 style=\"color: #007bff;margin-bottom: 10px\">\ud83d\udee0\ufe0f Outils et Calculateurs<\/h3>\n<p>\nAucun outil ou logiciel sp\u00e9cifique \u00e0 la d\u00e9coration m\u00e9diterran\u00e9enne \u00e0 Marseille n\u2019a \u00e9t\u00e9 mentionn\u00e9 dans les donn\u00e9es trouv\u00e9es. Cependant, vous pouvez explorer des plateformes comme <a href=\"https:\/\/www.houzz.fr\" rel=\"nofollow\">Houzz<\/a> pour des id\u00e9es et des conseils sur la d\u00e9coration int\u00e9rieure.\n<\/p>\n<\/div>\n<div style=\"background: white;padding: 15px;margin: 10px 0;border-left: 4px solid #6f42c1\">\n<h3 style=\"color: #6f42c1;margin-bottom: 10px\">\ud83d\udc65 Communaut\u00e9 et Experts<\/h3>\n<p>\n&#8211; **Marseille Design M\u00e9diterran\u00e9e**<br \/>\n  Site : <a href=\"http:\/\/marseilledesignmed.com\" rel=\"nofollow\">marseilledesignmed.com<\/a>\n<\/p>\n<p>\n&#8211; **M\u00e9c\u00e8nes du Sud**<br \/>\n  Site : <a href=\"http:\/\/mecenesdusud.fr\" rel=\"nofollow\">mecenesdusud.fr<\/a>\n<\/p>\n<p>\n&#8211; **Studio S\u00e9nac**<br \/>\n  Site : <a href=\"http:\/\/studiosenac.fr\" rel=\"nofollow\">studiosenac.fr<\/a>\n<\/p>\n<\/div>\n<div style=\"background: #fff3cd;padding: 15px;margin: 15px 0;border: 2px solid #ffc107;border-radius: 5px\">\n<strong style=\"color: #856404\">\ud83d\udca1 R\u00e9sum\u00e9 en 2 lignes :<\/strong><br \/>\n<span>D\u00e9couvrez des agences et des experts en d\u00e9coration m\u00e9diterran\u00e9enne \u00e0 Marseille, ainsi que des ressources pour vous accompagner dans vos projets d&rsquo;am\u00e9nagement. Profitez d&rsquo;une communaut\u00e9 engag\u00e9e et d&rsquo;outils pour r\u00e9aliser votre int\u00e9rieur m\u00e9diterran\u00e9en.<\/span>\n<\/div>\n<\/div>\n","protected":false},"excerpt":{"rendered":"","protected":false},"author":34,"featured_media":7552,"comment_status":"open","ping_status":"open","sticky":false,"template":"","format":"standard","meta":{"_acf_changed":false,"manual_indexmenow":false,"indexmenow_id_project":0,"footnotes":""},"categories":[4520],"tags":[4581,4582,4583],"class_list":["post-7530","post","type-post","status-publish","format-standard","has-post-thumbnail","hentry","category-decoration-et-design-interieur","tag-deco-mediterraneenne","tag-interieur-lumineux","tag-style-bord-de-mer","generate-columns","tablet-grid-50","mobile-grid-100","grid-parent","grid-25"],"acf":[],"yoast_head":"<!-- This site is optimized with the Yoast SEO Premium plugin v21.3 (Yoast SEO v26.5) - https:\/\/yoast.com\/wordpress\/plugins\/seo\/ -->\n<title>D\u00e9co m\u00e9diterran\u00e9enne : un int\u00e9rieur lumineux<\/title>\n<meta name=\"description\" content=\"Tons clairs, mati\u00e8res naturelles, lumi\u00e8re : d\u00e9couvrez les cl\u00e9s d&#039;une d\u00e9coration m\u00e9diterran\u00e9enne pour un int\u00e9rieur lumineux, a\u00e9r\u00e9 et chaleureux.\" \/>\n<meta name=\"robots\" content=\"index, follow, max-snippet:-1, max-image-preview:large, max-video-preview:-1\" \/>\n<link rel=\"canonical\" href=\"https:\/\/maison-du-midi.fr\/blog\/decoration-et-design-interieur\/decoration-mediterraneenne-cles-pour-un-interieur-lumineux-et-aere\/\" \/>\n<meta property=\"og:locale\" content=\"fr_FR\" \/>\n<meta property=\"og:type\" content=\"article\" \/>\n<meta property=\"og:title\" content=\"D\u00e9co m\u00e9diterran\u00e9enne : un int\u00e9rieur lumineux\" \/>\n<meta property=\"og:description\" content=\"Tons clairs, mati\u00e8res naturelles, lumi\u00e8re : d\u00e9couvrez les cl\u00e9s d&#039;une d\u00e9coration m\u00e9diterran\u00e9enne pour un int\u00e9rieur lumineux, a\u00e9r\u00e9 et chaleureux.\" \/>\n<meta property=\"og:url\" content=\"https:\/\/maison-du-midi.fr\/blog\/decoration-et-design-interieur\/decoration-mediterraneenne-cles-pour-un-interieur-lumineux-et-aere\/\" \/>\n<meta property=\"og:site_name\" content=\"maison-du-midi\" \/>\n<meta property=\"og:image\" content=\"https:\/\/maison-du-midi.fr\/blog\/wp-content\/uploads\/2026\/01\/sdxl-28ead4eb0c9718485a69fac68e729598-scaled.png\" \/>\n\t<meta property=\"og:image:width\" content=\"1200\" \/>\n\t<meta property=\"og:image:height\" content=\"500\" \/>\n\t<meta property=\"og:image:type\" content=\"image\/png\" \/>\n<meta name=\"author\" content=\"Marie D.\" \/>\n<meta name=\"twitter:card\" content=\"summary_large_image\" \/>\n<script type=\"application\/ld+json\" class=\"yoast-schema-graph\">{\"@context\":\"https:\/\/schema.org\",\"@graph\":[{\"@type\":\"NewsArticle\",\"@id\":\"https:\/\/maison-du-midi.fr\/blog\/decoration-et-design-interieur\/decoration-mediterraneenne-cles-pour-un-interieur-lumineux-et-aere\/#article\",\"isPartOf\":{\"@id\":\"https:\/\/maison-du-midi.fr\/blog\/decoration-et-design-interieur\/decoration-mediterraneenne-cles-pour-un-interieur-lumineux-et-aere\/\"},\"author\":{\"name\":\"Marie D.\",\"@id\":\"https:\/\/maison-du-midi.fr\/blog\/#\/schema\/person\/3c864cdc320801e3db34b663e7e3f816\"},\"headline\":\"D\u00e9coration m\u00e9diterran\u00e9enne : cl\u00e9s pour un int\u00e9rieur lumineux et a\u00e9r\u00e9\",\"datePublished\":\"2026-01-22T08:32:00+00:00\",\"mainEntityOfPage\":{\"@id\":\"https:\/\/maison-du-midi.fr\/blog\/decoration-et-design-interieur\/decoration-mediterraneenne-cles-pour-un-interieur-lumineux-et-aere\/\"},\"wordCount\":3657,\"commentCount\":0,\"publisher\":{\"@id\":\"https:\/\/maison-du-midi.fr\/blog\/#organization\"},\"image\":{\"@id\":\"https:\/\/maison-du-midi.fr\/blog\/decoration-et-design-interieur\/decoration-mediterraneenne-cles-pour-un-interieur-lumineux-et-aere\/#primaryimage\"},\"thumbnailUrl\":\"https:\/\/maison-du-midi.fr\/blog\/wp-content\/uploads\/2026\/01\/sdxl-28ead4eb0c9718485a69fac68e729598-scaled.png\",\"keywords\":[\"deco mediterraneenne\",\"interieur lumineux\",\"style bord de mer\"],\"articleSection\":[\"D\u00e9coration et Design Int\u00e9rieur\"],\"inLanguage\":\"fr-FR\",\"potentialAction\":[{\"@type\":\"CommentAction\",\"name\":\"Comment\",\"target\":[\"https:\/\/maison-du-midi.fr\/blog\/decoration-et-design-interieur\/decoration-mediterraneenne-cles-pour-un-interieur-lumineux-et-aere\/#respond\"]}]},{\"@type\":\"WebPage\",\"@id\":\"https:\/\/maison-du-midi.fr\/blog\/decoration-et-design-interieur\/decoration-mediterraneenne-cles-pour-un-interieur-lumineux-et-aere\/\",\"url\":\"https:\/\/maison-du-midi.fr\/blog\/decoration-et-design-interieur\/decoration-mediterraneenne-cles-pour-un-interieur-lumineux-et-aere\/\",\"name\":\"D\u00e9co m\u00e9diterran\u00e9enne : un int\u00e9rieur lumineux\",\"isPartOf\":{\"@id\":\"https:\/\/maison-du-midi.fr\/blog\/#website\"},\"primaryImageOfPage\":{\"@id\":\"https:\/\/maison-du-midi.fr\/blog\/decoration-et-design-interieur\/decoration-mediterraneenne-cles-pour-un-interieur-lumineux-et-aere\/#primaryimage\"},\"image\":{\"@id\":\"https:\/\/maison-du-midi.fr\/blog\/decoration-et-design-interieur\/decoration-mediterraneenne-cles-pour-un-interieur-lumineux-et-aere\/#primaryimage\"},\"thumbnailUrl\":\"https:\/\/maison-du-midi.fr\/blog\/wp-content\/uploads\/2026\/01\/sdxl-28ead4eb0c9718485a69fac68e729598-scaled.png\",\"datePublished\":\"2026-01-22T08:32:00+00:00\",\"description\":\"Tons clairs, mati\u00e8res naturelles, lumi\u00e8re : d\u00e9couvrez les cl\u00e9s d'une d\u00e9coration m\u00e9diterran\u00e9enne pour un int\u00e9rieur lumineux, a\u00e9r\u00e9 et chaleureux.\",\"inLanguage\":\"fr-FR\",\"potentialAction\":[{\"@type\":\"ReadAction\",\"target\":[\"https:\/\/maison-du-midi.fr\/blog\/decoration-et-design-interieur\/decoration-mediterraneenne-cles-pour-un-interieur-lumineux-et-aere\/\"]}]},{\"@type\":\"ImageObject\",\"inLanguage\":\"fr-FR\",\"@id\":\"https:\/\/maison-du-midi.fr\/blog\/decoration-et-design-interieur\/decoration-mediterraneenne-cles-pour-un-interieur-lumineux-et-aere\/#primaryimage\",\"url\":\"https:\/\/maison-du-midi.fr\/blog\/wp-content\/uploads\/2026\/01\/sdxl-28ead4eb0c9718485a69fac68e729598-scaled.png\",\"contentUrl\":\"https:\/\/maison-du-midi.fr\/blog\/wp-content\/uploads\/2026\/01\/sdxl-28ead4eb0c9718485a69fac68e729598-scaled.png\",\"width\":1200,\"height\":500},{\"@type\":\"WebSite\",\"@id\":\"https:\/\/maison-du-midi.fr\/blog\/#website\",\"url\":\"https:\/\/maison-du-midi.fr\/blog\/\",\"name\":\"maison-du-midi.fr\",\"description\":\"Maison du Midi, l&#039;\u00e9l\u00e9gance du terroir\",\"publisher\":{\"@id\":\"https:\/\/maison-du-midi.fr\/blog\/#organization\"},\"alternateName\":\"Maison du Midi, l'\u00e9l\u00e9gance du terroir\",\"potentialAction\":[{\"@type\":\"SearchAction\",\"target\":{\"@type\":\"EntryPoint\",\"urlTemplate\":\"https:\/\/maison-du-midi.fr\/blog\/?s={search_term_string}\"},\"query-input\":{\"@type\":\"PropertyValueSpecification\",\"valueRequired\":true,\"valueName\":\"search_term_string\"}}],\"inLanguage\":\"fr-FR\"},{\"@type\":\"Organization\",\"@id\":\"https:\/\/maison-du-midi.fr\/blog\/#organization\",\"name\":\"Foretsensations.fr\",\"url\":\"https:\/\/maison-du-midi.fr\/blog\/\",\"logo\":{\"@type\":\"ImageObject\",\"inLanguage\":\"fr-FR\",\"@id\":\"https:\/\/maison-du-midi.fr\/blog\/#\/schema\/logo\/image\/\",\"url\":\"https:\/\/maison-du-midi.fr\/blog\/wp-content\/uploads\/2026\/07\/logo-auto.png\",\"contentUrl\":\"https:\/\/maison-du-midi.fr\/blog\/wp-content\/uploads\/2026\/07\/logo-auto.png\",\"width\":1024,\"height\":1024,\"caption\":\"Foretsensations.fr\"},\"image\":{\"@id\":\"https:\/\/maison-du-midi.fr\/blog\/#\/schema\/logo\/image\/\"}},{\"@type\":\"Person\",\"@id\":\"https:\/\/maison-du-midi.fr\/blog\/#\/schema\/person\/3c864cdc320801e3db34b663e7e3f816\",\"name\":\"Marie D.\",\"image\":{\"@type\":\"ImageObject\",\"inLanguage\":\"fr-FR\",\"@id\":\"https:\/\/maison-du-midi.fr\/blog\/#\/schema\/person\/image\/\",\"url\":\"https:\/\/maison-du-midi.fr\/blog\/wp-content\/uploads\/2026\/06\/persona-marie-d-96x96.jpg\",\"contentUrl\":\"https:\/\/maison-du-midi.fr\/blog\/wp-content\/uploads\/2026\/06\/persona-marie-d-96x96.jpg\",\"caption\":\"Marie D.\"},\"description\":\"La d\u00e9coration d'int\u00e9rieur est mon univers depuis plus de dix ans, du conseil en agencement \u00e0 l'\u00e9criture \u00e9ditoriale. Je me consacre surtout \u00e0 l'am\u00e9nagement des pi\u00e8ces de vie : choix du canap\u00e9 selon l'espace et l'usage, harmonie des couleurs, circulation, lumi\u00e8re naturelle et petites astuces qui rendent un salon vraiment accueillant. J'aime traiter la d\u00e9co comme un sujet concret, avec des fourchettes de prix r\u00e9alistes et des crit\u00e8res mesurables plut\u00f4t que des effets de mode. Avant de recommander un meuble ou une mati\u00e8re, je compare les mod\u00e8les, je v\u00e9rifie l'entretien dans la dur\u00e9e et je pense au quotidien des familles, enfants et animaux compris. Mon angle : un int\u00e9rieur qui se vit, pas seulement qui se photographie. Je tiens \u00e0 ce que chaque conseil soit applicable, que l'on r\u00e9nove un studio ou que l'on meuble une grande maison.\",\"url\":\"https:\/\/maison-du-midi.fr\/blog\/auteur\/marie-d\/\",\"jobTitle\":\"R\u00e9dactrice en chef \u00b7 D\u00e9coration & Am\u00e9nagement\",\"knowsAbout\":[\"D\u00e9coration\",\"Am\u00e9nagement\"],\"email\":\"marie.d@salonstyle.fr\"}]}<\/script>\n<!-- \/ Yoast SEO Premium plugin. -->","yoast_head_json":{"title":"D\u00e9co m\u00e9diterran\u00e9enne : un int\u00e9rieur lumineux","description":"Tons clairs, mati\u00e8res naturelles, lumi\u00e8re : d\u00e9couvrez les cl\u00e9s d'une d\u00e9coration m\u00e9diterran\u00e9enne pour un int\u00e9rieur lumineux, a\u00e9r\u00e9 et chaleureux.","robots":{"index":"index","follow":"follow","max-snippet":"max-snippet:-1","max-image-preview":"max-image-preview:large","max-video-preview":"max-video-preview:-1"},"canonical":"https:\/\/maison-du-midi.fr\/blog\/decoration-et-design-interieur\/decoration-mediterraneenne-cles-pour-un-interieur-lumineux-et-aere\/","og_locale":"fr_FR","og_type":"article","og_title":"D\u00e9co m\u00e9diterran\u00e9enne : un int\u00e9rieur lumineux","og_description":"Tons clairs, mati\u00e8res naturelles, lumi\u00e8re : d\u00e9couvrez les cl\u00e9s d'une d\u00e9coration m\u00e9diterran\u00e9enne pour un int\u00e9rieur lumineux, a\u00e9r\u00e9 et chaleureux.","og_url":"https:\/\/maison-du-midi.fr\/blog\/decoration-et-design-interieur\/decoration-mediterraneenne-cles-pour-un-interieur-lumineux-et-aere\/","og_site_name":"maison-du-midi","og_image":[{"width":1200,"height":500,"url":"https:\/\/maison-du-midi.fr\/blog\/wp-content\/uploads\/2026\/01\/sdxl-28ead4eb0c9718485a69fac68e729598-scaled.png","type":"image\/png"}],"author":"Marie D.","twitter_card":"summary_large_image","schema":{"@context":"https:\/\/schema.org","@graph":[{"@type":"NewsArticle","@id":"https:\/\/maison-du-midi.fr\/blog\/decoration-et-design-interieur\/decoration-mediterraneenne-cles-pour-un-interieur-lumineux-et-aere\/#article","isPartOf":{"@id":"https:\/\/maison-du-midi.fr\/blog\/decoration-et-design-interieur\/decoration-mediterraneenne-cles-pour-un-interieur-lumineux-et-aere\/"},"author":{"name":"Marie D.","@id":"https:\/\/maison-du-midi.fr\/blog\/#\/schema\/person\/3c864cdc320801e3db34b663e7e3f816"},"headline":"D\u00e9coration m\u00e9diterran\u00e9enne : cl\u00e9s pour un int\u00e9rieur lumineux et a\u00e9r\u00e9","datePublished":"2026-01-22T08:32:00+00:00","mainEntityOfPage":{"@id":"https:\/\/maison-du-midi.fr\/blog\/decoration-et-design-interieur\/decoration-mediterraneenne-cles-pour-un-interieur-lumineux-et-aere\/"},"wordCount":3657,"commentCount":0,"publisher":{"@id":"https:\/\/maison-du-midi.fr\/blog\/#organization"},"image":{"@id":"https:\/\/maison-du-midi.fr\/blog\/decoration-et-design-interieur\/decoration-mediterraneenne-cles-pour-un-interieur-lumineux-et-aere\/#primaryimage"},"thumbnailUrl":"https:\/\/maison-du-midi.fr\/blog\/wp-content\/uploads\/2026\/01\/sdxl-28ead4eb0c9718485a69fac68e729598-scaled.png","keywords":["deco mediterraneenne","interieur lumineux","style bord de mer"],"articleSection":["D\u00e9coration et Design Int\u00e9rieur"],"inLanguage":"fr-FR","potentialAction":[{"@type":"CommentAction","name":"Comment","target":["https:\/\/maison-du-midi.fr\/blog\/decoration-et-design-interieur\/decoration-mediterraneenne-cles-pour-un-interieur-lumineux-et-aere\/#respond"]}]},{"@type":"WebPage","@id":"https:\/\/maison-du-midi.fr\/blog\/decoration-et-design-interieur\/decoration-mediterraneenne-cles-pour-un-interieur-lumineux-et-aere\/","url":"https:\/\/maison-du-midi.fr\/blog\/decoration-et-design-interieur\/decoration-mediterraneenne-cles-pour-un-interieur-lumineux-et-aere\/","name":"D\u00e9co m\u00e9diterran\u00e9enne : un int\u00e9rieur lumineux","isPartOf":{"@id":"https:\/\/maison-du-midi.fr\/blog\/#website"},"primaryImageOfPage":{"@id":"https:\/\/maison-du-midi.fr\/blog\/decoration-et-design-interieur\/decoration-mediterraneenne-cles-pour-un-interieur-lumineux-et-aere\/#primaryimage"},"image":{"@id":"https:\/\/maison-du-midi.fr\/blog\/decoration-et-design-interieur\/decoration-mediterraneenne-cles-pour-un-interieur-lumineux-et-aere\/#primaryimage"},"thumbnailUrl":"https:\/\/maison-du-midi.fr\/blog\/wp-content\/uploads\/2026\/01\/sdxl-28ead4eb0c9718485a69fac68e729598-scaled.png","datePublished":"2026-01-22T08:32:00+00:00","description":"Tons clairs, mati\u00e8res naturelles, lumi\u00e8re : d\u00e9couvrez les cl\u00e9s d'une d\u00e9coration m\u00e9diterran\u00e9enne pour un int\u00e9rieur lumineux, a\u00e9r\u00e9 et chaleureux.","inLanguage":"fr-FR","potentialAction":[{"@type":"ReadAction","target":["https:\/\/maison-du-midi.fr\/blog\/decoration-et-design-interieur\/decoration-mediterraneenne-cles-pour-un-interieur-lumineux-et-aere\/"]}]},{"@type":"ImageObject","inLanguage":"fr-FR","@id":"https:\/\/maison-du-midi.fr\/blog\/decoration-et-design-interieur\/decoration-mediterraneenne-cles-pour-un-interieur-lumineux-et-aere\/#primaryimage","url":"https:\/\/maison-du-midi.fr\/blog\/wp-content\/uploads\/2026\/01\/sdxl-28ead4eb0c9718485a69fac68e729598-scaled.png","contentUrl":"https:\/\/maison-du-midi.fr\/blog\/wp-content\/uploads\/2026\/01\/sdxl-28ead4eb0c9718485a69fac68e729598-scaled.png","width":1200,"height":500},{"@type":"WebSite","@id":"https:\/\/maison-du-midi.fr\/blog\/#website","url":"https:\/\/maison-du-midi.fr\/blog\/","name":"maison-du-midi.fr","description":"Maison du Midi, l&#039;\u00e9l\u00e9gance du terroir","publisher":{"@id":"https:\/\/maison-du-midi.fr\/blog\/#organization"},"alternateName":"Maison du Midi, l'\u00e9l\u00e9gance du terroir","potentialAction":[{"@type":"SearchAction","target":{"@type":"EntryPoint","urlTemplate":"https:\/\/maison-du-midi.fr\/blog\/?s={search_term_string}"},"query-input":{"@type":"PropertyValueSpecification","valueRequired":true,"valueName":"search_term_string"}}],"inLanguage":"fr-FR"},{"@type":"Organization","@id":"https:\/\/maison-du-midi.fr\/blog\/#organization","name":"Foretsensations.fr","url":"https:\/\/maison-du-midi.fr\/blog\/","logo":{"@type":"ImageObject","inLanguage":"fr-FR","@id":"https:\/\/maison-du-midi.fr\/blog\/#\/schema\/logo\/image\/","url":"https:\/\/maison-du-midi.fr\/blog\/wp-content\/uploads\/2026\/07\/logo-auto.png","contentUrl":"https:\/\/maison-du-midi.fr\/blog\/wp-content\/uploads\/2026\/07\/logo-auto.png","width":1024,"height":1024,"caption":"Foretsensations.fr"},"image":{"@id":"https:\/\/maison-du-midi.fr\/blog\/#\/schema\/logo\/image\/"}},{"@type":"Person","@id":"https:\/\/maison-du-midi.fr\/blog\/#\/schema\/person\/3c864cdc320801e3db34b663e7e3f816","name":"Marie D.","image":{"@type":"ImageObject","inLanguage":"fr-FR","@id":"https:\/\/maison-du-midi.fr\/blog\/#\/schema\/person\/image\/","url":"https:\/\/maison-du-midi.fr\/blog\/wp-content\/uploads\/2026\/06\/persona-marie-d-96x96.jpg","contentUrl":"https:\/\/maison-du-midi.fr\/blog\/wp-content\/uploads\/2026\/06\/persona-marie-d-96x96.jpg","caption":"Marie D."},"description":"La d\u00e9coration d'int\u00e9rieur est mon univers depuis plus de dix ans, du conseil en agencement \u00e0 l'\u00e9criture \u00e9ditoriale. Je me consacre surtout \u00e0 l'am\u00e9nagement des pi\u00e8ces de vie : choix du canap\u00e9 selon l'espace et l'usage, harmonie des couleurs, circulation, lumi\u00e8re naturelle et petites astuces qui rendent un salon vraiment accueillant. J'aime traiter la d\u00e9co comme un sujet concret, avec des fourchettes de prix r\u00e9alistes et des crit\u00e8res mesurables plut\u00f4t que des effets de mode. Avant de recommander un meuble ou une mati\u00e8re, je compare les mod\u00e8les, je v\u00e9rifie l'entretien dans la dur\u00e9e et je pense au quotidien des familles, enfants et animaux compris. Mon angle : un int\u00e9rieur qui se vit, pas seulement qui se photographie. Je tiens \u00e0 ce que chaque conseil soit applicable, que l'on r\u00e9nove un studio ou que l'on meuble une grande maison.","url":"https:\/\/maison-du-midi.fr\/blog\/auteur\/marie-d\/","jobTitle":"R\u00e9dactrice en chef \u00b7 D\u00e9coration & Am\u00e9nagement","knowsAbout":["D\u00e9coration","Am\u00e9nagement"],"email":"marie.d@salonstyle.fr"}]}},"_links":{"self":[{"href":"https:\/\/maison-du-midi.fr\/blog\/wp-json\/wp\/v2\/posts\/7530","targetHints":{"allow":["GET"]}}],"collection":[{"href":"https:\/\/maison-du-midi.fr\/blog\/wp-json\/wp\/v2\/posts"}],"about":[{"href":"https:\/\/maison-du-midi.fr\/blog\/wp-json\/wp\/v2\/types\/post"}],"author":[{"embeddable":true,"href":"https:\/\/maison-du-midi.fr\/blog\/wp-json\/wp\/v2\/users\/34"}],"replies":[{"embeddable":true,"href":"https:\/\/maison-du-midi.fr\/blog\/wp-json\/wp\/v2\/comments?post=7530"}],"version-history":[{"count":1,"href":"https:\/\/maison-du-midi.fr\/blog\/wp-json\/wp\/v2\/posts\/7530\/revisions"}],"predecessor-version":[{"id":7551,"href":"https:\/\/maison-du-midi.fr\/blog\/wp-json\/wp\/v2\/posts\/7530\/revisions\/7551"}],"wp:featuredmedia":[{"embeddable":true,"href":"https:\/\/maison-du-midi.fr\/blog\/wp-json\/wp\/v2\/media\/7552"}],"wp:attachment":[{"href":"https:\/\/maison-du-midi.fr\/blog\/wp-json\/wp\/v2\/media?parent=7530"}],"wp:term":[{"taxonomy":"category","embeddable":true,"href":"https:\/\/maison-du-midi.fr\/blog\/wp-json\/wp\/v2\/categories?post=7530"},{"taxonomy":"post_tag","embeddable":true,"href":"https:\/\/maison-du-midi.fr\/blog\/wp-json\/wp\/v2\/tags?post=7530"}],"curies":[{"name":"wp","href":"https:\/\/api.w.org\/{rel}","templated":true}]}}