{"id":7537,"date":"2026-02-16T09:42:00","date_gmt":"2026-02-16T08:42:00","guid":{"rendered":"https:\/\/maison-du-midi.fr\/blog\/?p=7537"},"modified":"2026-02-16T09:42:00","modified_gmt":"2026-02-16T08:42:00","slug":"architecture-provencale-tradition-et-modernite-au-coeur-du-sud-de-la-france","status":"publish","type":"post","link":"https:\/\/maison-du-midi.fr\/blog\/decoration-et-design-interieur\/architecture-provencale-tradition-et-modernite-au-coeur-du-sud-de-la-france\/","title":{"rendered":"Architecture proven\u00e7ale : tradition et modernit\u00e9 au c\u0153ur du sud de la France"},"content":{"rendered":"<div style=\"background: linear-gradient(135deg, #f5f7fa 0%, #e9ecef 100%);border-left: 4px solid #0073aa;padding: 15px 20px;margin: 0 0 25px 0;border-radius: 0 8px 8px 0\">\n<p style=\"margin: 0;font-size: 14px;color: #0073aa;font-weight: 600;text-transform: uppercase;letter-spacing: 1px;margin-bottom: 10px\">\ud83d\udccb En bref<\/p>\n<ul style=\"margin: 0;padding-left: 20px;list-style-type: none\">\n<li style=\"margin: 5px 0;color: #333;font-size: 15px;line-height: 1.5;position: relative;padding-left: 15px\"><span style=\"position: absolute;left: 0;color: #0073aa\">\u25b8<\/span> L&#039;architecture proven\u00e7ale se caract\u00e9rise par des maisons en pierre, toits en tuiles et fa\u00e7ades ocres.<\/li>\n<li style=\"margin: 5px 0;color: #333;font-size: 15px;line-height: 1.5;position: relative;padding-left: 15px\"><span style=\"position: absolute;left: 0;color: #0073aa\">\u25b8<\/span> Elle r\u00e9pond \u00e0 un climat m\u00e9diterran\u00e9en, int\u00e9grant des \u00e9l\u00e9ments bioclimatiques pour le confort.<\/li>\n<li style=\"margin: 5px 0;color: #333;font-size: 15px;line-height: 1.5;position: relative;padding-left: 15px\"><span style=\"position: absolute;left: 0;color: #0073aa\">\u25b8<\/span> Les d\u00e9fis contemporains incluent la pr\u00e9servation du patrimoine face \u00e0 l&#039;urbanisation et l&#039;efficacit\u00e9 \u00e9nerg\u00e9tique.<\/li>\n<\/ul>\n<\/div>\n<h1>Architecture Proven\u00e7ale : Tradition et Modernit\u00e9 au Coeur du Sud de la France<\/h1>\n<h2>Introduction : Comprendre l\u2019Essence de l\u2019Architecture Proven\u00e7ale<\/h2>\n<p>\nLa Provence, vaste r\u00e9gion historique englobant notamment les d\u00e9partements des <strong>Bouches-du-Rh\u00f4ne<\/strong>, du <strong>Vaucluse<\/strong>, du <strong>Var<\/strong> et des <strong>Alpes-de-Haute-Provence<\/strong>, se distingue par une identit\u00e9 architecturale aussi forte que ses paysages. Entre la <strong>C\u00f4te d\u2019Azur<\/strong> et l\u2019arri\u00e8re-pays du <strong>Luberon<\/strong>, le b\u00e2ti traditionnel s\u2019est d\u00e9velopp\u00e9 en r\u00e9ponse \u00e0 un <u>climat m\u00e9diterran\u00e9en chaud, sec et lumineux<\/u> : gestion de l\u2019ensoleillement, recherche d\u2019ombre, protection contre le mistral, et valorisation de mat\u00e9riaux extraits directement du sol local.\n<\/p>\n<p>\nLorsque nous parlons d\u2019<strong>architecture proven\u00e7ale<\/strong>, nous d\u00e9signons un ensemble de caract\u00e9ristiques r\u00e9currentes : <u>maisons en pierre naturelle<\/u>, <strong>toits en tuiles de terre cuite<\/strong>, <strong>fa\u00e7ades enduites aux tons ocres<\/strong>, <strong>volets en bois<\/strong> souvent bleus ou verts, et <strong>jardins m\u00e9diterran\u00e9ens<\/strong> plant\u00e9s de lavande, d\u2019oliviers, de cypr\u00e8s et de vignes. Selon les analyses r\u00e9alis\u00e9es par des acteurs de l\u2019immobilier r\u00e9gional tels que <strong>Janssens Immobilier, r\u00e9seau sp\u00e9cialis\u00e9 en Provence<\/strong>, ces \u00e9l\u00e9ments se retrouvent de mani\u00e8re constante dans les principaux villages embl\u00e9matiques du territoire, de <strong>Gordes<\/strong> \u00e0 <strong>Eygali\u00e8res<\/strong>.\n<\/p>\n<ul>\n<li><strong>Identit\u00e9 forte<\/strong> : articulation entre histoire rurale, art de vivre et climat m\u00e9diterran\u00e9en.<\/li>\n<li><strong>Signature visuelle<\/strong> : pierre locale, tuiles romanes, fa\u00e7ades ocres, volets color\u00e9s.<\/li>\n<li><strong>Enjeux actuels<\/strong> : concilier patrimoine, performance \u00e9nerg\u00e9tique et urbanisation rapide.<\/li>\n<\/ul>\n<p>\nNous structurons notre r\u00e9flexion autour des caract\u00e9ristiques formelles, des mat\u00e9riaux, de la relation au paysage, de l\u2019\u00e9volution historique, du r\u00f4le des villages et des d\u00e9fis contemporains, afin de mesurer \u00e0 quel point cette architecture peut, \u00e0 l\u2019avenir, servir de mod\u00e8le de <u>construction responsable et ancr\u00e9e dans son territoire<\/u>.\n<\/p>\n<h2>Les Caract\u00e9ristiques de l\u2019Architecture Proven\u00e7ale<\/h2>\n<p>\nQuand nous observons un mas dans les <strong>Alpilles<\/strong> ou une maison de village \u00e0 <strong>Arles<\/strong>, certains traits reviennent syst\u00e9matiquement : volumes simples, fa\u00e7ades ma\u00eetris\u00e9es, ouvertures orient\u00e9es, toitures en tuiles romanes et int\u00e9rieurs massifs mais confortables. Les \u00e9tudes men\u00e9es par le <strong>CAUE des Bouches-du-Rh\u00f4ne (CAUE 13)<\/strong> d\u00e9crivent tr\u00e8s pr\u00e9cis\u00e9ment ces constantes morphologiques, en insistant sur la logique bioclimatique qui les sous-tend.\n<\/p>\n<p><strong>1.1. Volumes et organisation des maisons proven\u00e7ales<\/strong><\/p>\n<p>\nLes maisons proven\u00e7ales traditionnelles adoptent des <strong>volumes compacts<\/strong>, le plus souvent rectangulaires, parfois en L ou en U pour les grands <strong>mas agricoles<\/strong>. Les recommandations du document  <strong>Une maison en Provence<\/strong> ? publi\u00e9 par le <strong>CAUE 13<\/strong> indiquent que ces constructions sont pens\u00e9es pour offrir la <u>plus longue fa\u00e7ade possible au sud<\/u>, afin de b\u00e9n\u00e9ficier de l\u2019ensoleillement hivernal, tout en limitant l\u2019exposition au mistral venu du nord. Les mas du <strong>Luberon<\/strong> pr\u00e9sentent ainsi des corps de b\u00e2timents allong\u00e9s, s\u2019imbriquant avec granges et d\u00e9pendances.\n<\/p>\n<ul>\n<li><strong>Rez-de-chauss\u00e9e<\/strong> : pi\u00e8ces de vie, cuisine, salle \u00e0 manger, parfois anciennes \u00e9tables r\u00e9habilit\u00e9es.<\/li>\n<li><strong>\u00c9tage<\/strong> : chambres, greniers, parfois combles am\u00e9nag\u00e9s, desservis par un escalier simple.<\/li>\n<li><strong>Organisation g\u00e9n\u00e9rale<\/strong> : espaces tourn\u00e9s vers la cour ou la terrasse, et non vers la rue, cr\u00e9ant une <u>intimit\u00e9 climatique et sociale<\/u>.<\/li>\n<\/ul>\n<p>\nNous constatons que cette organisation tr\u00e8s rationnelle, initialement li\u00e9e aux besoins agricoles, est aujourd\u2019hui recherch\u00e9e pour son efficacit\u00e9 \u00e9nerg\u00e9tique et son confort d\u2019usage, y compris dans des projets r\u00e9sidentiels r\u00e9cents, par exemple dans les op\u00e9rations de r\u00e9novation haut de gamme men\u00e9es dans le <strong>Parc naturel r\u00e9gional du Luberon<\/strong> depuis les ann\u00e9es <strong>2000<\/strong>.\n<\/p>\n<p><strong>1.2. Fa\u00e7ades, ouvertures et volets<\/strong><\/p>\n<p>\nLes fa\u00e7ades proven\u00e7ales se d\u00e9clinent en <strong>pierre apparente<\/strong> ou en <strong>enduits \u00e0 la chaux<\/strong>, teint\u00e9s dans des gammes directement inspir\u00e9es des sols : ocre, jaune safran, rouge orang\u00e9, beige chaud. Le village de <strong>Roussillon, dans le Vaucluse<\/strong>, illustre de mani\u00e8re exemplaire cette utilisation des <u>ocres naturels comme pigments d\u2019enduit<\/u>, avec un nuancier qui va du jaune p\u00e2le au rouge intense. Les ouvertures restent mesur\u00e9es : peu de fen\u00eatres au nord, tandis que les fa\u00e7ades sud accueillent des baies plus g\u00e9n\u00e9reuses, souvent prot\u00e9g\u00e9es par des avanc\u00e9es de toiture, des auvents ou des treilles v\u00e9g\u00e9tales.\n<\/p>\n<ul>\n<li><strong>Fen\u00eatres verticales<\/strong> : proportion \u00e9troite, hauteur sup\u00e9rieure \u00e0 la largeur, alignement r\u00e9gulier.<\/li>\n<li><strong>Volets en bois<\/strong> : battants pleins, peints en bleu lavande, vert amande ou gris bleut\u00e9, v\u00e9ritables <u>dispositifs de protection solaire et thermique<\/u>.<\/li>\n<li><strong>Enduits \u00e0 la chaux<\/strong> : mat\u00e9riaux perspirants, assurant la r\u00e9gulation hygrom\u00e9trique des murs anciens.<\/li>\n<\/ul>\n<p>\n\u00c0 notre avis, ces fa\u00e7ades, loin d\u2019\u00eatre uniquement d\u00e9coratives, constituent un outil climatique sophistiqu\u00e9, que les architectes contemporains en Provence r\u00e9interpr\u00e8tent, en combinant enduits min\u00e9raux, teintes naturelles et menuiseries performantes, souvent en bois ou aluminium thermolaqu\u00e9 dans des op\u00e9rations r\u00e9centes \u00e0 <strong>Aix-en-Provence<\/strong> ou <strong>Uz\u00e8s<\/strong>.\n<\/p>\n<p><strong>1.3. Toitures en tuiles et \u00e9l\u00e9ments typiques<\/strong><\/p>\n<p>\nLa silhouette proven\u00e7ale est imm\u00e9diatement reconnaissable \u00e0 ses <strong>toits en tuiles de terre cuite<\/strong>, le plus souvent des <strong>tuiles romanes<\/strong> ou tuiles canal, dispos\u00e9es sur des charpentes en bois. Ces toitures pr\u00e9sentent une pente mod\u00e9r\u00e9e, adapt\u00e9e aux pluies m\u00e9diterran\u00e9ennes courtes mais intenses. Un \u00e9l\u00e9ment marquant, tr\u00e8s \u00e9tudi\u00e9 par les sp\u00e9cialistes du patrimoine b\u00e2ti, est la <u>g\u00e9noise<\/u> : corniche compos\u00e9e de rangs de tuiles superpos\u00e9es, qui prot\u00e8ge le mur de ruissellements et joue un r\u00f4le d\u00e9coratif majeur sur les villas et mas des <strong>XVIII\u1d49 et XIX\u1d49 si\u00e8cles<\/strong>.\n<\/p>\n<ul>\n<li><strong>Tuiles romanes<\/strong> : profil courbe, teinte rouge\/orang\u00e9e, parfois patin\u00e9e par le temps.<\/li>\n<li><strong>G\u00e9noises<\/strong> : une, deux ou trois rang\u00e9es de tuiles en d\u00e9bord de toiture, marque de raffinement constructif.<\/li>\n<li><strong>\u00c9l\u00e9ments techniques<\/strong> : ch\u00e9neaux en zinc discrets, souches de chemin\u00e9es massives, parfois enduites.<\/li>\n<\/ul>\n<p><strong>1.4. Int\u00e9rieurs : tradition et confort<\/strong><\/p>\n<p>\n\u00c0 l\u2019int\u00e9rieur, l\u2019architecture proven\u00e7ale repose sur des <strong>murs \u00e9pais<\/strong>, souvent en pierre ou en brique pleine, offrant une <u>inertie thermique \u00e9lev\u00e9e<\/u>. Les plafonds \u00e0 <strong>poutres apparentes<\/strong>, les sols en <strong>tomettes de terre cuite<\/strong> hexagonales et les enduits \u00e0 la chaux cr\u00e9ent une ambiance sobre, mais tr\u00e8s qualitative. Des acteurs de la r\u00e9novation comme <strong>Camif Habitat, sp\u00e9cialiste de la r\u00e9novation \u00e9nerg\u00e9tique en France<\/strong>, rappellent que cette configuration permet de tr\u00e8s bonnes performances d\u2019\u00e9t\u00e9, \u00e0 condition d\u2019\u00eatre compl\u00e9t\u00e9e par une isolation adapt\u00e9e, notamment en toiture.\n<\/p>\n<ul>\n<li><strong>Tomettes<\/strong> : carreaux en terre cuite, souvent fabriqu\u00e9s dans des tuileries de Provence depuis le <strong>XIX\u1d49 si\u00e8cle<\/strong>.<\/li>\n<li><strong>Pi\u00e8ces de vie<\/strong> : organis\u00e9es autour de la cuisine, v\u00e9ritable c\u0153ur de la maison proven\u00e7ale.<\/li>\n<li><strong>Ambiance<\/strong> : m\u00e9lange de rusticit\u00e9 et de sobri\u00e9t\u00e9 \u00e9l\u00e9gante, aujourd\u2019hui tr\u00e8s pris\u00e9 dans le march\u00e9 de la r\u00e9sidence secondaire.<\/li>\n<\/ul>\n<h2>Les Mat\u00e9riaux au Coeur de la Construction Proven\u00e7ale<\/h2>\n<p>\nL\u2019architecture proven\u00e7ale est indissociable de ses mat\u00e9riaux, issus des carri\u00e8res, des tuileries et des for\u00eats r\u00e9gionales. Les \u00e9tudes patrimoniales men\u00e9es dans les ann\u00e9es <strong>2010<\/strong> par diff\u00e9rentes collectivit\u00e9s soulignent la place centrale de la <strong>pierre calcaire<\/strong>, de la <strong>terre cuite<\/strong> et de la <strong>chaux<\/strong>, auxquels se greffent aujourd\u2019hui l\u2019aluminium, le verre et des isolants contemporains \u00e0 haute performance.\n<\/p>\n<p><strong>2.1. La pierre, mat\u00e9riau embl\u00e9matique<\/strong><\/p>\n<p>\nLes territoires du <strong>Luberon<\/strong>, des <strong>Alpilles<\/strong> et de la r\u00e9gion d\u2019<strong>Aix-en-Provence<\/strong> disposent d\u2019importantes carri\u00e8res de <strong>pierre calcaire<\/strong> et de <strong>gr\u00e8s<\/strong>. Cette pierre locale, utilis\u00e9e depuis l\u2019\u00e9poque romaine, sert \u00e0 b\u00e2tir murs porteurs, encadrements de fen\u00eatres, escaliers, fontaines et murets. Les mas de la vall\u00e9e des <strong>Baux-de-Provence<\/strong> ou les bastides de la campagne aixoise illustrent la capacit\u00e9 de la pierre \u00e0 assurer \u00e0 la fois structure, isolation et int\u00e9gration chromatique au paysage.\n<\/p>\n<ul>\n<li><strong>Fonction structurelle<\/strong> : murs porteurs massifs, \u00e9paisseur pouvant d\u00e9passer <u>50 \u00e0 70 cm<\/u> dans les constructions anciennes.<\/li>\n<li><strong>R\u00e9gulation thermique<\/strong> : stockage de la chaleur le jour, restitution la nuit, limitant les surchauffes estivales.<\/li>\n<li><strong>Durabilit\u00e9<\/strong> : b\u00e2timents plus que centenaires, souvent dat\u00e9s des <strong>XVIII\u1d49\u2013XIX\u1d49 si\u00e8cles<\/strong>, encore en usage r\u00e9sidentiel.<\/li>\n<\/ul>\n<p>\nNous jugeons que cette pierre locale reste un atout strat\u00e9gique, autant sur le plan esth\u00e9tique que sur celui de l\u2019empreinte carbone, en r\u00e9duisant les transports de mat\u00e9riaux et en s\u2019int\u00e9grant naturellement aux teintes du territoire, ce que mettent en avant des agences sp\u00e9cialis\u00e9es comme <strong>Agence Alpilles Immobilier, bas\u00e9e \u00e0 Saint-R\u00e9my-de-Provence<\/strong>.\n<\/p>\n<p><strong>2.2. Les tuiles en terre cuite<\/strong><\/p>\n<p>\nLes toitures sont majoritairement couvertes de <strong>tuiles en terre cuite<\/strong>, issues de tuileries r\u00e9gionales qui ont prosp\u00e9r\u00e9 du <strong>XIX\u1d49 au XX\u1d49 si\u00e8cle<\/strong>. La tuile canal et la tuile romane sont pr\u00e9sentes sur la quasi-totalit\u00e9 des toits traditionnels. Leur capacit\u00e9 \u00e0 r\u00e9sister aux variations de temp\u00e9rature et aux rayonnements UV en fait un mat\u00e9riau adapt\u00e9 au climat m\u00e9diterran\u00e9en, tandis que leur teinte rouge\/orang\u00e9e contribue fortement \u00e0 l\u2019image de la Provence.\n<\/p>\n<ul>\n<li><strong>R\u00f4le thermique<\/strong> : protection contre les fortes chaleurs, ventilation naturelle sous toiture.<\/li>\n<li><strong>R\u00f4le esth\u00e9tique<\/strong> : continuit\u00e9 chromatique des villages, toits  en cascade ? sur les reliefs.<\/li>\n<li><strong>\u00c9volutions r\u00e9centes<\/strong> : tuiles avec sous-face ventil\u00e9e, syst\u00e8mes d\u2019int\u00e9gration de <u>panneaux solaires discrets<\/u>.<\/li>\n<\/ul>\n<p><strong>2.3. Bois, fer forg\u00e9 et mat\u00e9riaux compl\u00e9mentaires<\/strong><\/p>\n<p>\nLe <strong>bois<\/strong> intervient pour les charpentes, les menuiseries ext\u00e9rieures et int\u00e9rieures, les poutres apparentes et bien s\u00fbr les volets. Face aux exigences actuelles de durabilit\u00e9, les professionnels de la construction en Provence se tournent majoritairement vers des essences durables, parfois certifi\u00e9es <strong>PEFC<\/strong>, et des traitements sp\u00e9cifiques, afin de satisfaire aux normes fran\u00e7aises et europ\u00e9ennes de performance \u00e9nerg\u00e9tique et de s\u00e9curit\u00e9. Le <strong>fer forg\u00e9<\/strong> structure rampes d\u2019escaliers, grilles, balcons et enseignes de village, comme \u00e0 <strong>Eygali\u00e8res<\/strong> ou <strong>Maussane-les-Alpilles<\/strong>, o\u00f9 le patrimoine en ferronnerie est particuli\u00e8rement riche.\n<\/p>\n<ul>\n<li><strong>Bois<\/strong> : menuiseries traditionnelles remises \u00e0 niveau avec du double vitrage performant.<\/li>\n<li><strong>Fer forg\u00e9<\/strong> : balcons, garde-corps, portails, \u00e9l\u00e9ments signant l\u2019<u>identit\u00e9 d\u00e9corative proven\u00e7ale<\/u>.<\/li>\n<li><strong>Chaux<\/strong> : liant omnipr\u00e9sent dans les ma\u00e7onneries anciennes, mortier, enduits int\u00e9rieurs et ext\u00e9rieurs.<\/li>\n<\/ul>\n<p><strong>2.4. Mat\u00e9riaux contemporains et r\u00e9interpr\u00e9tation du style<\/strong><\/p>\n<p>\nDepuis les ann\u00e9es <strong>2000<\/strong>, de nombreux projets n\u00e9o-proven\u00e7aux int\u00e8grent des mat\u00e9riaux contemporains : <strong>aluminium<\/strong> pour les menuiseries de grande dimension, <strong>verre<\/strong> pour les baies coulissantes, <strong>b\u00e9ton isolant<\/strong> et <strong>isolants biosourc\u00e9s<\/strong> (fibres de bois, ouate de cellulose) dans les parois. Des architectes install\u00e9s \u00e0 <strong>Avignon<\/strong>, <strong>Aix-en-Provence<\/strong> ou <strong>Marseille<\/strong> produisent des maisons qui conservent l\u2019esprit de la pierre et de la tuile, tout en atteignant des niveaux de performance conformes \u00e0 la <strong>RE2020<\/strong>.\n<\/p>\n<ul>\n<li><strong>Fa\u00e7ades enduites ton pierre<\/strong> : combin\u00e9es \u00e0 des <u>baies vitr\u00e9es orient\u00e9es plein sud<\/u> pour capter l\u2019\u00e9nergie solaire passive.<\/li>\n<li><strong>Structures mixtes<\/strong> : pierre ou brique + b\u00e9ton arm\u00e9, avec isolation par l\u2019int\u00e9rieur ou l\u2019ext\u00e9rieur.<\/li>\n<li><strong>Toitures traditionnelles<\/strong> : conserv\u00e9es ou recr\u00e9\u00e9es pour s\u2019int\u00e9grer aux silhouettes villageoises.<\/li>\n<\/ul>\n<h2>L\u2019Harmonie avec le Paysage Proven\u00e7al<\/h2>\n<p>\nL\u2019un des aspects les plus fascinants de l\u2019architecture proven\u00e7ale r\u00e9side dans son int\u00e9gration au paysage. Les maisons, les mas et les villages ne se posent pas sur le territoire, ils s\u2019y ancrent en \u00e9pousant les courbes du relief, les alignements de vignes et la trame des oliveraies. Les paysages des <strong>Alpilles<\/strong>, de la <strong>plaine de la Crau<\/strong> ou du <strong>plateau de Valensole<\/strong> d\u00e9montrent cette fusion constante entre b\u00e2ti et environnement.\n<\/p>\n<p><strong>3.1. Une architecture guid\u00e9e par le climat<\/strong><\/p>\n<p>\nLes dispositifs bioclimatiques traditionnels sont particuli\u00e8rement lisibles en Provence. Les \u00e9tudes du <strong>CAUE 13<\/strong> rappellent que les maisons sont orient\u00e9es pour tirer parti du soleil d\u2019hiver, tout en se pr\u00e9servant de la chaleur estivale. La plus longue fa\u00e7ade est tourn\u00e9e vers le sud, les ouvertures nord sont r\u00e9duites, et les espaces ext\u00e9rieurs sont con\u00e7us comme des refuges contre la surchauffe, avec <u>terrasses couvertes, pergolas et auvents<\/u>.\n<\/p>\n<ul>\n<li><strong>Orientation<\/strong> : fa\u00e7ades principales sud\/sud-est, pignons souvent aveugles au nord.<\/li>\n<li><strong>Protection du mistral<\/strong> : implantation des b\u00e2timents en lisi\u00e8re de reliefs, haies v\u00e9g\u00e9tales, murs brise-vent.<\/li>\n<li><strong>Vues cadr\u00e9es<\/strong> : ouvertures positionn\u00e9es pour embrasser lavanderaies, vignobles et massifs calcaires.<\/li>\n<\/ul>\n<p><strong>3.2. Jardins m\u00e9diterran\u00e9ens et articulation int\u00e9rieur \/ ext\u00e9rieur<\/strong><\/p>\n<p>\nAutour des maisons, les jardins m\u00e9diterran\u00e9ens prolongent visuellement l\u2019architecture dans le paysage. Les propri\u00e9t\u00e9s des environs de <strong>Saint-R\u00e9my-de-Provence<\/strong> ou de <strong>Gordes<\/strong> alignent lavande, oliviers, cypr\u00e8s, amandiers, vignes et plantes aromatiques (thym, romarin, sarriette), composant une palette v\u00e9g\u00e9tale r\u00e9sistante \u00e0 la s\u00e9cheresse. Terrasses, patios, fontaines et petits bassins deviennent des espaces de vie \u00e0 part enti\u00e8re, renfor\u00e7ant l\u2019<u>osmose entre int\u00e9rieur et ext\u00e9rieur<\/u>.\n<\/p>\n<ul>\n<li><strong>Terrasses en pierre<\/strong> : transition entre espace habit\u00e9 et paysage agricole.<\/li>\n<li><strong>Patios<\/strong> : lieux frais, parfois ombrag\u00e9s par des voiles ou des treilles de vigne.<\/li>\n<li><strong>Fontaines<\/strong> : signe de prestige dans les bastides, mais aussi dispositif de rafra\u00eechissement.<\/li>\n<\/ul>\n<p><strong>3.3. Int\u00e9gration paysag\u00e8re des villages<\/strong><\/p>\n<p>\nLes villages perch\u00e9s comme <strong>Gordes<\/strong>, <strong>Les Baux-de-Provence<\/strong>, <strong>M\u00e9nerbes<\/strong> ou <strong>Eygali\u00e8res<\/strong> forment des ensembles d\u2019une remarquable coh\u00e9rence. L\u2019 <u>habitat perch\u00e9<\/u> ?, document\u00e9 par les historiens de l\u2019urbanisme en Provence, se compose de maisons accroch\u00e9es au roc, dispos\u00e9es en gradins, avec toits en cascade suivant fid\u00e8lement la topographie. Les fa\u00e7ades en pierre dor\u00e9e ou en enduit ocr\u00e9, les ruelles pav\u00e9es et les petites places ombrag\u00e9es participent \u00e0 une lecture continue du b\u00e2ti dans le relief.\n<\/p>\n<ul>\n<li><strong>Les Baux-de-Provence<\/strong> : ch\u00e2teau m\u00e9di\u00e9val dominant, ruelles de galets, fa\u00e7ades en pierre taill\u00e9e.<\/li>\n<li><strong>Maussane-les-Alpilles<\/strong> : mas entour\u00e9s d\u2019oliveraies, typiques de l\u2019\u00e9conomie ol\u00e9icole.<\/li>\n<li><strong>Eygali\u00e8res<\/strong> : alignement de maisons de pierre, volets pastel et ferronneries travaill\u00e9es.<\/li>\n<\/ul>\n<p><strong>3.4. Enjeux environnementaux actuels<\/strong><\/p>\n<p>\nFace au <strong>r\u00e9chauffement climatique<\/strong> et aux <u>s\u00e9cheresses plus fr\u00e9quentes<\/u> constat\u00e9es en Provence depuis les ann\u00e9es <strong>2000<\/strong>, la gestion de l\u2019eau, la v\u00e9g\u00e9talisation et la ventilation naturelle deviennent des enjeux structurants. Les collectivit\u00e9s, \u00e0 travers leurs <strong>PLU (Plans Locaux d\u2019Urbanisme)<\/strong>, int\u00e8grent des prescriptions sur les surfaces plant\u00e9es, la r\u00e9cup\u00e9ration des eaux pluviales et l\u2019ombre en espace public. Nous pensons que l\u2019architecture proven\u00e7ale, avec ses fondations bioclimatiques, peut servir de laboratoire pour une construction <strong>low-tech<\/strong>, fond\u00e9e sur l\u2019inertie, l\u2019ombre, la ventilation crois\u00e9e et les mat\u00e9riaux locaux.\n<\/p>\n<ul>\n<li><strong>Ombrage<\/strong> : pergolas, arbres caducs, voiles d\u2019ombrage en compl\u00e9ment des volets.<\/li>\n<li><strong>Gestion de l\u2019eau<\/strong> : citernes, caniveaux, choix d\u2019esp\u00e8ces peu consommatrices.<\/li>\n<li><strong>Potentiel bioclimatique<\/strong> : combinaison de savoir-faire vernaculaires et de calculs thermiques modernes.<\/li>\n<\/ul>\n<h2>\u00c9volution de l\u2019Architecture Proven\u00e7ale \u00e0 Travers le Temps<\/h2>\n<p>\nL\u2019architecture proven\u00e7ale actuelle r\u00e9sulte d\u2019une superposition de couches historiques, depuis les habitats ruraux m\u00e9di\u00e9vaux jusqu\u2019aux villas contemporaines aux lignes \u00e9pur\u00e9es. Les typologies du <strong>mas<\/strong>, de la <strong>bastide<\/strong> et du <strong>village perch\u00e9<\/strong> se sont transform\u00e9es au rythme des mutations agricoles, \u00e9conomiques et touristiques des <strong>XIX\u1d49\u2013XXI\u1d49 si\u00e8cles<\/strong>.\n<\/p>\n<p><strong>4.1. Des origines rurales et m\u00e9di\u00e9vales<\/strong><\/p>\n<p>\nLes premiers habitats ruraux proven\u00e7aux se structurent autour de l\u2019activit\u00e9 agricole : <strong>mas isol\u00e9s<\/strong> au milieu des terres, petites fermes de plaine, hameaux. Le mas, tel que d\u00e9crit par des organismes comme <strong>Camif Habitat<\/strong>, est \u00e0 l\u2019origine une construction massive, en un seul bloc allong\u00e9, associant sous le m\u00eame toit habitation, \u00e9table, grange et remises. Les villages perch\u00e9s m\u00e9di\u00e9vaux, eux, r\u00e9pondent \u00e0 des besoins de d\u00e9fense et de surveillance, groupant les maisons autour d\u2019un ch\u00e2teau ou d\u2019une \u00e9glise, comme aux <strong>Baux-de-Provence<\/strong>.\n<\/p>\n<ul>\n<li><strong>Mas ruraux<\/strong> : organisation fonctionnelle, minimisation des percements, murs \u00e9pais.<\/li>\n<li><strong>Villages perch\u00e9s<\/strong> : habitat dense, extension possible uniquement en hauteur.<\/li>\n<li><strong>Connaissance du climat<\/strong> : implantation \u00e9conome en \u00e9nergie, avant l\u2019heure.<\/li>\n<\/ul>\n<p><strong>4.2. L\u2019\u00e2ge d\u2019or des mas, bastides et domaines agricoles<\/strong><\/p>\n<p>\nAux <strong>XVIII\u1d49 et XIX\u1d49 si\u00e8cles<\/strong>, la prosp\u00e9rit\u00e9 agricole et l\u2019essor de certaines familles de notables favorisent le d\u00e9veloppement des <strong>bastides<\/strong>, grandes demeures de campagne, souvent situ\u00e9es autour d\u2019<strong>Aix-en-Provence<\/strong>. Ces b\u00e2timents, parfois flanqu\u00e9s de tours d\u2019angle ou de pigeonniers, associent rigueur architecturale et raffinement paysager. Dans le <strong>Luberon<\/strong> et en <strong>Camargue<\/strong>, les mas adoptent des plans en L ou en U, entour\u00e9s de vastes domaines c\u00e9r\u00e9aliers ou pastoraux.\n<\/p>\n<ul>\n<li><strong>Bastides aixoises<\/strong> : fa\u00e7ades sym\u00e9triques, jardins d\u2019agr\u00e9ment, all\u00e9es de platanes.<\/li>\n<li><strong>Mas du Luberon<\/strong> : corps de b\u00e2timents articul\u00e9s autour d\u2019une cour int\u00e9rieure.<\/li>\n<li><strong>Domaines viticoles<\/strong> : association entre architecture et production de vin, aujourd\u2019hui valoris\u00e9e dans l\u2019\u0153notourisme.<\/li>\n<\/ul>\n<p><strong>4.3. Style n\u00e9o-proven\u00e7al et st\u00e9r\u00e9otypes contemporains<\/strong><\/p>\n<p>\n\u00c0 partir des ann\u00e9es <strong>1970\u20131990<\/strong>, l\u2019engouement pour la Provence, soutenu par la litt\u00e9rature (comme les r\u00e9cits de <strong>Peter Mayle, \u00e9crivain britannique<\/strong>) et par la promotion touristique, donne naissance \u00e0 un <strong>style n\u00e9o-proven\u00e7al<\/strong> tr\u00e8s pris\u00e9 dans les lotissements. Ce style repose sur quelques signes visibles (tuiles, fa\u00e7ades ocres, volets bleus), parfois d\u00e9connect\u00e9s des principes structurels et bioclimatiques du mod\u00e8le original. Les \u00e9tudes d\u2019urbanisme soulignent la diff\u00e9rence entre <u>authenticit\u00e9 vernaculaire<\/u>, adapt\u00e9e pr\u00e9cis\u00e9ment au site, et reproduction d\u00e9corative.\n<\/p>\n<ul>\n<li><strong>Lotissements n\u00e9o-proven\u00e7aux<\/strong> : maisons standardis\u00e9es, gabarits similaires, parfois \u00e9loign\u00e9s des proportions traditionnelles.<\/li>\n<li><strong>Codes esth\u00e9tiques<\/strong> : couleurs, volets, tuiles, mais implantation et volumes simplifi\u00e9s.<\/li>\n<li><strong>Risque de caricature<\/strong> : image de  carte postale ? non ancr\u00e9e dans le lieu.<\/li>\n<\/ul>\n<p><strong>4.4. Interpr\u00e9tations modernes et architecture contemporaine<\/strong><\/p>\n<p>\nDepuis les ann\u00e9es <strong>2000\u20132010<\/strong>, une g\u00e9n\u00e9ration d\u2019architectes install\u00e9s en Provence travaille \u00e0 r\u00e9concilier <strong>modernit\u00e9<\/strong> et <strong>h\u00e9ritage local<\/strong>. Les projets r\u00e9sidentiels contemporains dans le <strong>Luberon<\/strong> ou les <strong>Alpilles<\/strong> associent fa\u00e7ades min\u00e9rales, grandes baies vitr\u00e9es, volumes \u00e9pur\u00e9s et toitures traditionnelles. Les mat\u00e9riaux se diversifient : <strong>pierre de taille<\/strong>, <strong>b\u00e9ton brut<\/strong>, <strong>acier<\/strong>, <strong>verre<\/strong>, tout en conservant les teintes sobres, les alignements et les proportions caract\u00e9ristiques de la r\u00e9gion.\n<\/p>\n<ul>\n<li><strong>Lignes \u00e9pur\u00e9es<\/strong> : d\u00e9crochements de volumes, toitures parfois \u00e0 un pan, int\u00e9gr\u00e9es au relief.<\/li>\n<li><strong>Mixit\u00e9 des mat\u00e9riaux<\/strong> : pierre + b\u00e9ton + verre pour combiner inertie et transparence.<\/li>\n<li><strong>Sobri\u00e9t\u00e9 \u00e9nerg\u00e9tique<\/strong> : orientation optimis\u00e9e, protections solaires \u00e9tudi\u00e9es, recours aux \u00e9nergies renouvelables.<\/li>\n<\/ul>\n<h2>Les Villages Proven\u00e7aux et Leur Influence sur l\u2019Architecture<\/h2>\n<p>\nLes villages proven\u00e7aux constituent un laboratoire vivant de cette architecture. Ils inspirent directement les projets de r\u00e9novation, les constructions neuves et les op\u00e9rations d\u2019am\u00e9nagement, qui cherchent \u00e0 reproduire ou \u00e0 interpr\u00e9ter leur structure urbaine, leurs gabarits et leurs palettes de mat\u00e9riaux.\n<\/p>\n<p><strong>5.1. Gordes, Roussillon et les villages du Luberon<\/strong><\/p>\n<p>\nDans le <strong>Parc naturel r\u00e9gional du Luberon<\/strong>, le village de <strong>Gordes<\/strong> s\u2019impose comme une ic\u00f4ne internationale, souvent cit\u00e9 dans les classements touristiques de magazines comme <strong>Cond\u00e9 Nast Traveler<\/strong>. Les maisons en pierre s\u00e8che, b\u00e2ties \u00e0 m\u00eame le rocher, donnent l\u2019impression que le village jaillit du relief. Toits de tuiles, ruelles en pente, vues panoramiques sur la vall\u00e9e dessinent un ensemble d\u2019une coh\u00e9rence rare. <strong>Roussillon<\/strong>, situ\u00e9 \u00e0 quelques kilom\u00e8tres, exprime un autre visage de la Provence : fa\u00e7ades aux ocres intenses, issus des carri\u00e8res locales exploit\u00e9es depuis le <strong>XIX\u1d49 si\u00e8cle<\/strong>, volets clairs, escaliers ext\u00e9rieurs, et placettes domin\u00e9es par un clocher.\n<\/p>\n<ul>\n<li><strong>Gordes<\/strong> : pierre s\u00e8che, urbanisme en amphith\u00e9\u00e2tre, int\u00e9gration totale au paysage.<\/li>\n<li><strong>Roussillon<\/strong> : architecture  coloriste ?, fa\u00e7ades pigment\u00e9es par les ocres.<\/li>\n<li><strong>Autres villages du Luberon<\/strong> : <strong>Lourmarin<\/strong>, <strong>Bonnnieux<\/strong>, chacun avec des variations typologiques fines.<\/li>\n<\/ul>\n<p><strong>5.2. Les Baux-de-Provence, Maussane-les-Alpilles et Eygali\u00e8res<\/strong><\/p>\n<p>\nDans les <strong>Alpilles<\/strong>, trois villages illustrent parfaitement la diversit\u00e9 des expressions architecturales. <strong>Les Baux-de-Provence<\/strong>, village m\u00e9di\u00e9val fortifi\u00e9, pr\u00e9sente un patrimoine b\u00e2ti exceptionnel, avec ch\u00e2teau, maisons nobles et ruelles pav\u00e9es de galets. <strong>Maussane-les-Alpilles<\/strong> est tourn\u00e9 vers l\u2019agriculture, en particulier l\u2019ol\u00e9iculture : mas en pierre entour\u00e9s d\u2019oliveraies, moulins \u00e0 huile reconvertis, petites places ombrag\u00e9es. <strong>Eygali\u00e8res<\/strong>, enfin, aligne des maisons de pierre aux volets pastel, ponctu\u00e9es de ferronneries d\u00e9licates, d\u2019escaliers ext\u00e9rieurs et de portes en bois sculpt\u00e9, donnant au village une allure de  mus\u00e9e \u00e0 ciel ouvert ?.\n<\/p>\n<ul>\n<li><strong>Les Baux-de-Provence<\/strong> : dimension d\u00e9fensive et symbolique de l\u2019architecture.<\/li>\n<li><strong>Maussane-les-Alpilles<\/strong> : articulation \u00e9troite entre habitat et production agricole.<\/li>\n<li><strong>Eygali\u00e8res<\/strong> : travail fin sur les d\u00e9tails d\u00e9coratifs, fer forg\u00e9, menuiseries, encadrements.<\/li>\n<\/ul>\n<p><strong>5.3. Typologies d\u2019habitat en Provence<\/strong><\/p>\n<p>\nSi nous observons l\u2019ensemble du territoire, plusieurs grandes typologies se d\u00e9gagent : <u>habitat perch\u00e9<\/u> sur massif rocheux, habitat de plaine entour\u00e9 de terres agricoles, hameaux de mas, bastides isol\u00e9es, domaines viticoles. Les urbanistes qui interviennent aujourd\u2019hui en Provence, notamment dans les op\u00e9rations de <strong>r\u00e9novation de centres anciens<\/strong> financ\u00e9es par les programmes nationaux en faveur du patrimoine, s\u2019inspirent directement des gabarits, des alignements et des couleurs de ces villages pour concevoir de nouveaux quartiers ou restructurer les existants.\n<\/p>\n<ul>\n<li><strong>Habitat perch\u00e9<\/strong> : densit\u00e9 forte, verticalit\u00e9, gestion fine des vues et de la topographie.<\/li>\n<li><strong>Habitat de plaine<\/strong> : maisons dispers\u00e9es, mas, ensembles agricoles.<\/li>\n<li><strong>Influence actuelle<\/strong> : lotissements limitant la hauteur, imposant teintes d\u2019enduit et types de tuiles.<\/li>\n<\/ul>\n<h2>Les D\u00e9fis Modernes de l\u2019Architecture Proven\u00e7ale<\/h2>\n<p>\nL\u2019architecture proven\u00e7ale se trouve aujourd\u2019hui \u00e0 la crois\u00e9e de plusieurs enjeux : urbanisation rapide, pression fonci\u00e8re, exigences environnementales renforc\u00e9es, et attentes \u00e9lev\u00e9es en mati\u00e8re de confort. La tension entre pr\u00e9servation du patrimoine et d\u00e9veloppement \u00e9conomique est particuli\u00e8rement forte dans les zones attractives comme le <strong>Luberon<\/strong> ou les <strong>Alpilles<\/strong>, tr\u00e8s recherch\u00e9es par une client\u00e8le internationale depuis les ann\u00e9es <strong>1990<\/strong>.\n<\/p>\n<p><strong>6.1. Urbanisation, pression fonci\u00e8re et standardisation<\/strong><\/p>\n<p>\nLa croissance des lotissements n\u00e9o-proven\u00e7aux, standardis\u00e9s par des catalogues de promoteurs nationaux, entra\u00eene un risque de <u>banalisation des paysages<\/u>. Une m\u00eame maison  imitation mas ? peut se retrouver en p\u00e9riph\u00e9rie de <strong>Salon-de-Provence<\/strong> comme aux abords de <strong>Draguignan<\/strong>, sans lien fort avec le site pr\u00e9cis. Les <strong>PLU<\/strong> et les zones prot\u00e9g\u00e9es tentent de r\u00e9pondre \u00e0 cette menace, en imposant des r\u00e8gles sur les hauteurs, les mat\u00e9riaux, les couleurs et les implantations. Nous consid\u00e9rons que l\u2019enjeu majeur consiste \u00e0 renforcer ces outils de planification pour \u00e9viter que le style proven\u00e7al ne se dilue dans une production pavillonnaire sans ancrage.\n<\/p>\n<ul>\n<li><strong>Pression fonci\u00e8re<\/strong> : hausse continue des prix dans les zones touristiques depuis les ann\u00e9es <strong>2000<\/strong>.<\/li>\n<li><strong>Standardisation<\/strong> : r\u00e9p\u00e9tition des m\u00eames mod\u00e8les architecturaux, perte de singularit\u00e9.<\/li>\n<li><strong>R\u00e8gles d\u2019urbanisme<\/strong> : zonages patrimoniaux, secteurs sauvegard\u00e9s, prescriptions de mat\u00e9riaux.<\/li>\n<\/ul>\n<p><strong>6.2. Normes environnementales et performance \u00e9nerg\u00e9tique<\/strong><\/p>\n<p>\nLes r\u00e9glementations thermiques successives (RT 2012, puis <strong>RE2020<\/strong>) imposent des niveaux de performance \u00e9lev\u00e9s, qui peuvent sembler difficiles \u00e0 atteindre dans des b\u00e2timents traditionnels en pierre et tuiles. Cependant, des bureaux d\u2019\u00e9tudes thermiques sp\u00e9cialis\u00e9s montrent qu\u2019en combinant <u>inertie des murs<\/u> et isolation soign\u00e9e, il est possible de respecter ces normes tout en conservant l\u2019esth\u00e9tique proven\u00e7ale. Menusieries bois ou aluminium \u00e0 double voire triple vitrage, isolation int\u00e9rieure ou ext\u00e9rieure, ventilation double flux, panneaux solaires int\u00e9gr\u00e9s en toiture deviennent des standards dans les r\u00e9novations ambitieuses.\n<\/p>\n<ul>\n<li><strong>Isolation<\/strong> : solutions compatibles avec les murs anciens, attention aux points de ros\u00e9e.<\/li>\n<li><strong>\u00c9nergies renouvelables<\/strong> : panneaux photovolta\u00efques, chauffe-eau solaires discrets.<\/li>\n<li><strong>Gestion de l\u2019eau<\/strong> : r\u00e9cup\u00e9ration des eaux pluviales, arrosage ma\u00eetris\u00e9 des jardins.<\/li>\n<\/ul>\n<p><strong>6.3. R\u00e9habilitation du b\u00e2ti ancien<\/strong><\/p>\n<p>\nLa r\u00e9novation des mas, bastides et maisons de village repr\u00e9sente un d\u00e9fi technique, mais aussi une opportunit\u00e9 patrimoniale et \u00e9conomique. Des organismes comme <strong>Camif Habitat<\/strong> ou des agences locales de conseil en architecture accompagnent des propri\u00e9taires qui souhaitent conserver l\u2019\u00e2me des lieux tout en mettant aux normes structure, \u00e9lectricit\u00e9, plomberie et isolation. La valeur immobili\u00e8re de ces biens, souvent situ\u00e9e bien au-dessus de la moyenne r\u00e9gionale, confirme l\u2019int\u00e9r\u00eat de ces op\u00e9rations, tout comme le dynamisme du tourisme haut de gamme dans des zones comme <strong>Saint-R\u00e9my-de-Provence<\/strong> ou <strong>Lourmarin<\/strong>.\n<\/p>\n<ul>\n<li><strong>Respect du patrimoine<\/strong> : conservation des fa\u00e7ades, des charpentes, des \u00e9l\u00e9ments de ferronnerie.<\/li>\n<li><strong>Mise aux normes<\/strong> : s\u00e9curit\u00e9 incendie, stabilit\u00e9 des structures, confort thermique et acoustique.<\/li>\n<li><strong>Retomb\u00e9es \u00e9conomiques<\/strong> : valorisation du bien, attractivit\u00e9 touristique, maintien d\u2019activit\u00e9s locales.<\/li>\n<\/ul>\n<p><strong>6.4. Pistes innovantes et exemples inspirants<\/strong><\/p>\n<p>\nNous voyons \u00e9merger, en Provence, une nouvelle g\u00e9n\u00e9ration de projets o\u00f9 <strong>mat\u00e9riaux biosourc\u00e9s<\/strong>, <strong>techniques bioclimatiques<\/strong> et technologies sobres composent une architecture parfaitement int\u00e9gr\u00e9e au contexte local. Des extensions contemporaines de mas, combinant <strong>verre<\/strong> et <strong>acier<\/strong> \u00e0 des murs de pierre existants, se multiplient autour de <strong>Gordes<\/strong>, <strong>Bonnieux<\/strong> ou <strong>Uz\u00e8s<\/strong>. Certaines r\u00e9alisations font l\u2019objet de publications dans des revues d\u2019architecture fran\u00e7aises, soulignant l\u2019int\u00e9r\u00eat de ces d\u00e9marches pour concilier protection du patrimoine et innovation.\n<\/p>\n<ul>\n<li><strong>Mat\u00e9riaux biosourc\u00e9s<\/strong> : isolants en fibres de bois, enduits terre, bois local.<\/li>\n<li><strong>Dispositifs passifs<\/strong> : brise-soleil, patios plant\u00e9s, ventilation naturelle traversante.<\/li>\n<li><strong>Extensions contemporaines<\/strong> : volumes vitr\u00e9s ins\u00e9r\u00e9s avec respect des proportions et des toitures existantes.<\/li>\n<\/ul>\n<h2>Conclusion : L\u2019Avenir de l\u2019Architecture Proven\u00e7ale<\/h2>\n<p>\nL\u2019architecture proven\u00e7ale, telle qu\u2019elle se d\u00e9ploie des bastides aixoises aux villages perch\u00e9s du Luberon, repose sur quelques constantes fortes : <strong>pierre locale<\/strong>, <strong>tuiles en terre cuite<\/strong>, <strong>fa\u00e7ades aux tons chauds<\/strong>, <strong>int\u00e9gration fine au paysage<\/strong> et <u>orientation bioclimatique soigneusement pens\u00e9e<\/u>. Ces caract\u00e9ristiques, forg\u00e9es au fil des si\u00e8cles, demeurent d\u2019une grande actualit\u00e9 \u00e0 l\u2019heure o\u00f9 nous cherchons \u00e0 b\u00e2tir des maisons moins \u00e9nergivores, plus durables et mieux adapt\u00e9es \u00e0 un climat en mutation rapide.\n<\/p>\n<ul>\n<li><strong>Patrimoine vivant<\/strong> : les villages comme <strong>Gordes<\/strong>, <strong>Roussillon<\/strong>, <strong>Les Baux-de-Provence<\/strong> restent des r\u00e9f\u00e9rences mondiales.<\/li>\n<li><strong>Potentiel d\u2019innovation<\/strong> : le style n\u00e9o-proven\u00e7al, mieux ma\u00eetris\u00e9, peut int\u00e9grer mat\u00e9riaux durables et technologies sobres.<\/li>\n<li><strong>Mod\u00e8le pour l\u2019avenir<\/strong> : combinaison de tradition constructive et de conception bioclimatique avanc\u00e9e.<\/li>\n<\/ul>\n<p>\n\u00c0 notre avis, si la Provence parvient \u00e0 contr\u00f4ler l\u2019urbanisation, \u00e0 prot\u00e9ger ses paysages et \u00e0 encourager une architecture vraiment ancr\u00e9e dans son territoire, elle peut devenir un <u>mod\u00e8le international de construction responsable<\/u>. L\u2019architecture proven\u00e7ale, loin d\u2019\u00eatre fig\u00e9e dans le pass\u00e9, poss\u00e8de tous les atouts pour inspirer architectes, habitants et visiteurs, et pour r\u00e9concilier le d\u00e9sir d\u2019un art de vivre m\u00e9diterran\u00e9en avec les exigences environnementales du XXI\u1d49 si\u00e8cle.\n<\/p>\n<div style=\"background: #e8f4f8;border: 3px solid #0073aa;padding: 20px;margin: 20px 0;border-radius: 8px\">\n<h2 style=\"color: #0073aa;text-align: center;margin-bottom: 15px\">\ud83d\udd27 Ressources Pratiques et Outils<\/h2>\n<div style=\"background: white;padding: 15px;margin: 10px 0;border-left: 4px solid #28a745\">\n<h3 style=\"color: #28a745;margin-bottom: 10px\">\ud83d\udccd Agences d&rsquo;Architecture en Provence<\/h3>\n<p><strong>PANORAMA Architecture<\/strong><br \/>\nAdresse : Aix-en-Provence<br \/>\nSite : <a href=\"http:\/\/panorama-architecture.com\" rel=\"nofollow\">panorama-architecture.com<\/a><br \/>\nContact : via formulaire sur le site.<\/p>\n<p><strong>Tristan Architecture \u2013 Design<\/strong><br \/>\nLocalisation : Marseille<br \/>\nSite : <a href=\"http:\/\/tristan-architecture.com\" rel=\"nofollow\">tristan-architecture.com<\/a><br \/>\nContact : via site.<\/p>\n<p><strong>KANOPEA Architecture Studio<\/strong><br \/>\nLocalisation : Provence<br \/>\nSite : <a href=\"http:\/\/kanopea-architecture-studio.com\" rel=\"nofollow\">kanopea-architecture-studio.com<\/a><br \/>\nContact : via formulaire sur le site.<\/p>\n<p><strong>Lafourcade Architecture<\/strong><br \/>\nSp\u00e9cialisation : restauration de mas et bastides en Provence<br \/>\nSite : <a href=\"http:\/\/architecture-lafourcade.com\" rel=\"nofollow\">architecture-lafourcade.com<\/a><br \/>\nContact : via coordonn\u00e9es sur le site.<\/p>\n<\/div>\n<div style=\"background: white;padding: 15px;margin: 10px 0;border-left: 4px solid #007bff\">\n<h3 style=\"color: #007bff;margin-bottom: 10px\">\ud83d\udee0\ufe0f Outils et Calculateurs<\/h3>\n<p>Aucun outil sp\u00e9cifique mentionn\u00e9 dans les donn\u00e9es consult\u00e9es.<\/p>\n<\/div>\n<div style=\"background: white;padding: 15px;margin: 10px 0;border-left: 4px solid #6f42c1\">\n<h3 style=\"color: #6f42c1;margin-bottom: 10px\">\ud83d\udc65 Communaut\u00e9 et Experts<\/h3>\n<p><strong>Houzz<\/strong> &#8211; Plateforme communautaire pour projets de r\u00e9novation et construction<br \/>\nAcc\u00e8s : <a href=\"http:\/\/houzz.com\" rel=\"nofollow\">houzz.com<\/a>, filtre \u00ab Marseille \u00bb dans la section architectes.<\/p>\n<p><strong>ARCHIK Marseille<\/strong><br \/>\nConcept : agence immobili\u00e8re et galerie orient\u00e9e architecture<br \/>\nSite : <a href=\"http:\/\/archik.fr\" rel=\"nofollow\">archik.fr<\/a><br \/>\nContact : Amandine Coquerel \u2013 T\u00e9l. : +33 (0) 6 81 36 80 10, email : amandine.coquerel@archik.fr<\/p>\n<\/div>\n<div style=\"background: #fff3cd;padding: 15px;margin: 15px 0;border: 2px solid #ffc107;border-radius: 5px\">\n<strong style=\"color: #856404\">\ud83d\udca1 R\u00e9sum\u00e9 en 2 lignes :<\/strong><br \/>\n<span>D\u00e9couvrez des agences d&rsquo;architecture sp\u00e9cialis\u00e9es en Provence, ainsi que des ressources communautaires pour vos projets de construction et de r\u00e9novation. Profitez d&rsquo;expertises locales pour allier tradition et modernit\u00e9 dans l&rsquo;architecture proven\u00e7ale.<\/span>\n<\/div>\n<\/div>\n","protected":false},"excerpt":{"rendered":"","protected":false},"author":34,"featured_media":7569,"comment_status":"open","ping_status":"open","sticky":false,"template":"","format":"standard","meta":{"_acf_changed":false,"manual_indexmenow":false,"indexmenow_id_project":0,"footnotes":""},"categories":[4520],"tags":[4588,4599,4600],"class_list":["post-7537","post","type-post","status-publish","format-standard","has-post-thumbnail","hentry","category-decoration-et-design-interieur","tag-architecture-provencale","tag-maison-mediterraneenne","tag-sud-de-la-france","generate-columns","tablet-grid-50","mobile-grid-100","grid-parent","grid-25"],"acf":[],"yoast_head":"<!-- This site is optimized with the Yoast SEO Premium plugin v21.3 (Yoast SEO v26.5) - https:\/\/yoast.com\/wordpress\/plugins\/seo\/ -->\n<title>Architecture proven\u00e7ale : tradition et modernit\u00e9<\/title>\n<meta name=\"description\" content=\"Pierre, tuiles, volets, lignes contemporaines : d\u00e9couvrez comment l&#039;architecture proven\u00e7ale marie tradition et modernit\u00e9 dans le Sud de la France.\" \/>\n<meta name=\"robots\" content=\"index, follow, max-snippet:-1, max-image-preview:large, max-video-preview:-1\" \/>\n<link rel=\"canonical\" href=\"https:\/\/maison-du-midi.fr\/blog\/decoration-et-design-interieur\/architecture-provencale-tradition-et-modernite-au-coeur-du-sud-de-la-france\/\" \/>\n<meta property=\"og:locale\" content=\"fr_FR\" \/>\n<meta property=\"og:type\" content=\"article\" \/>\n<meta property=\"og:title\" content=\"Architecture proven\u00e7ale : tradition et modernit\u00e9\" \/>\n<meta property=\"og:description\" content=\"Pierre, tuiles, volets, lignes contemporaines : d\u00e9couvrez comment l&#039;architecture proven\u00e7ale marie tradition et modernit\u00e9 dans le Sud de la France.\" \/>\n<meta property=\"og:url\" content=\"https:\/\/maison-du-midi.fr\/blog\/decoration-et-design-interieur\/architecture-provencale-tradition-et-modernite-au-coeur-du-sud-de-la-france\/\" \/>\n<meta property=\"og:site_name\" content=\"maison-du-midi\" \/>\n<meta property=\"og:image\" content=\"https:\/\/maison-du-midi.fr\/blog\/wp-content\/uploads\/2026\/02\/sdxl-758828dffcd5d15926bf91a911ad6faa-scaled.png\" \/>\n\t<meta property=\"og:image:width\" content=\"1200\" \/>\n\t<meta property=\"og:image:height\" content=\"500\" \/>\n\t<meta property=\"og:image:type\" content=\"image\/png\" \/>\n<meta name=\"author\" content=\"Marie D.\" \/>\n<meta name=\"twitter:card\" content=\"summary_large_image\" \/>\n<script type=\"application\/ld+json\" class=\"yoast-schema-graph\">{\"@context\":\"https:\/\/schema.org\",\"@graph\":[{\"@type\":\"NewsArticle\",\"@id\":\"https:\/\/maison-du-midi.fr\/blog\/decoration-et-design-interieur\/architecture-provencale-tradition-et-modernite-au-coeur-du-sud-de-la-france\/#article\",\"isPartOf\":{\"@id\":\"https:\/\/maison-du-midi.fr\/blog\/decoration-et-design-interieur\/architecture-provencale-tradition-et-modernite-au-coeur-du-sud-de-la-france\/\"},\"author\":{\"name\":\"Marie D.\",\"@id\":\"https:\/\/maison-du-midi.fr\/blog\/#\/schema\/person\/3c864cdc320801e3db34b663e7e3f816\"},\"headline\":\"Architecture proven\u00e7ale : tradition et modernit\u00e9 au c\u0153ur du sud de la France\",\"datePublished\":\"2026-02-16T08:42:00+00:00\",\"mainEntityOfPage\":{\"@id\":\"https:\/\/maison-du-midi.fr\/blog\/decoration-et-design-interieur\/architecture-provencale-tradition-et-modernite-au-coeur-du-sud-de-la-france\/\"},\"wordCount\":4593,\"commentCount\":0,\"publisher\":{\"@id\":\"https:\/\/maison-du-midi.fr\/blog\/#organization\"},\"image\":{\"@id\":\"https:\/\/maison-du-midi.fr\/blog\/decoration-et-design-interieur\/architecture-provencale-tradition-et-modernite-au-coeur-du-sud-de-la-france\/#primaryimage\"},\"thumbnailUrl\":\"https:\/\/maison-du-midi.fr\/blog\/wp-content\/uploads\/2026\/02\/sdxl-758828dffcd5d15926bf91a911ad6faa-scaled.png\",\"keywords\":[\"architecture provencale\",\"maison mediterraneenne\",\"sud de la france\"],\"articleSection\":[\"D\u00e9coration et Design Int\u00e9rieur\"],\"inLanguage\":\"fr-FR\",\"potentialAction\":[{\"@type\":\"CommentAction\",\"name\":\"Comment\",\"target\":[\"https:\/\/maison-du-midi.fr\/blog\/decoration-et-design-interieur\/architecture-provencale-tradition-et-modernite-au-coeur-du-sud-de-la-france\/#respond\"]}]},{\"@type\":\"WebPage\",\"@id\":\"https:\/\/maison-du-midi.fr\/blog\/decoration-et-design-interieur\/architecture-provencale-tradition-et-modernite-au-coeur-du-sud-de-la-france\/\",\"url\":\"https:\/\/maison-du-midi.fr\/blog\/decoration-et-design-interieur\/architecture-provencale-tradition-et-modernite-au-coeur-du-sud-de-la-france\/\",\"name\":\"Architecture proven\u00e7ale : tradition et modernit\u00e9\",\"isPartOf\":{\"@id\":\"https:\/\/maison-du-midi.fr\/blog\/#website\"},\"primaryImageOfPage\":{\"@id\":\"https:\/\/maison-du-midi.fr\/blog\/decoration-et-design-interieur\/architecture-provencale-tradition-et-modernite-au-coeur-du-sud-de-la-france\/#primaryimage\"},\"image\":{\"@id\":\"https:\/\/maison-du-midi.fr\/blog\/decoration-et-design-interieur\/architecture-provencale-tradition-et-modernite-au-coeur-du-sud-de-la-france\/#primaryimage\"},\"thumbnailUrl\":\"https:\/\/maison-du-midi.fr\/blog\/wp-content\/uploads\/2026\/02\/sdxl-758828dffcd5d15926bf91a911ad6faa-scaled.png\",\"datePublished\":\"2026-02-16T08:42:00+00:00\",\"description\":\"Pierre, tuiles, volets, lignes contemporaines : d\u00e9couvrez comment l'architecture proven\u00e7ale marie tradition et modernit\u00e9 dans le Sud de la France.\",\"inLanguage\":\"fr-FR\",\"potentialAction\":[{\"@type\":\"ReadAction\",\"target\":[\"https:\/\/maison-du-midi.fr\/blog\/decoration-et-design-interieur\/architecture-provencale-tradition-et-modernite-au-coeur-du-sud-de-la-france\/\"]}]},{\"@type\":\"ImageObject\",\"inLanguage\":\"fr-FR\",\"@id\":\"https:\/\/maison-du-midi.fr\/blog\/decoration-et-design-interieur\/architecture-provencale-tradition-et-modernite-au-coeur-du-sud-de-la-france\/#primaryimage\",\"url\":\"https:\/\/maison-du-midi.fr\/blog\/wp-content\/uploads\/2026\/02\/sdxl-758828dffcd5d15926bf91a911ad6faa-scaled.png\",\"contentUrl\":\"https:\/\/maison-du-midi.fr\/blog\/wp-content\/uploads\/2026\/02\/sdxl-758828dffcd5d15926bf91a911ad6faa-scaled.png\",\"width\":1200,\"height\":500},{\"@type\":\"WebSite\",\"@id\":\"https:\/\/maison-du-midi.fr\/blog\/#website\",\"url\":\"https:\/\/maison-du-midi.fr\/blog\/\",\"name\":\"maison-du-midi.fr\",\"description\":\"Maison du Midi, l&#039;\u00e9l\u00e9gance du terroir\",\"publisher\":{\"@id\":\"https:\/\/maison-du-midi.fr\/blog\/#organization\"},\"alternateName\":\"Maison du Midi, l'\u00e9l\u00e9gance du terroir\",\"potentialAction\":[{\"@type\":\"SearchAction\",\"target\":{\"@type\":\"EntryPoint\",\"urlTemplate\":\"https:\/\/maison-du-midi.fr\/blog\/?s={search_term_string}\"},\"query-input\":{\"@type\":\"PropertyValueSpecification\",\"valueRequired\":true,\"valueName\":\"search_term_string\"}}],\"inLanguage\":\"fr-FR\"},{\"@type\":\"Organization\",\"@id\":\"https:\/\/maison-du-midi.fr\/blog\/#organization\",\"name\":\"Foretsensations.fr\",\"url\":\"https:\/\/maison-du-midi.fr\/blog\/\",\"logo\":{\"@type\":\"ImageObject\",\"inLanguage\":\"fr-FR\",\"@id\":\"https:\/\/maison-du-midi.fr\/blog\/#\/schema\/logo\/image\/\",\"url\":\"https:\/\/maison-du-midi.fr\/blog\/wp-content\/uploads\/2026\/07\/logo-auto.png\",\"contentUrl\":\"https:\/\/maison-du-midi.fr\/blog\/wp-content\/uploads\/2026\/07\/logo-auto.png\",\"width\":1024,\"height\":1024,\"caption\":\"Foretsensations.fr\"},\"image\":{\"@id\":\"https:\/\/maison-du-midi.fr\/blog\/#\/schema\/logo\/image\/\"}},{\"@type\":\"Person\",\"@id\":\"https:\/\/maison-du-midi.fr\/blog\/#\/schema\/person\/3c864cdc320801e3db34b663e7e3f816\",\"name\":\"Marie D.\",\"image\":{\"@type\":\"ImageObject\",\"inLanguage\":\"fr-FR\",\"@id\":\"https:\/\/maison-du-midi.fr\/blog\/#\/schema\/person\/image\/\",\"url\":\"https:\/\/maison-du-midi.fr\/blog\/wp-content\/uploads\/2026\/06\/persona-marie-d-96x96.jpg\",\"contentUrl\":\"https:\/\/maison-du-midi.fr\/blog\/wp-content\/uploads\/2026\/06\/persona-marie-d-96x96.jpg\",\"caption\":\"Marie D.\"},\"description\":\"La d\u00e9coration d'int\u00e9rieur est mon univers depuis plus de dix ans, du conseil en agencement \u00e0 l'\u00e9criture \u00e9ditoriale. Je me consacre surtout \u00e0 l'am\u00e9nagement des pi\u00e8ces de vie : choix du canap\u00e9 selon l'espace et l'usage, harmonie des couleurs, circulation, lumi\u00e8re naturelle et petites astuces qui rendent un salon vraiment accueillant. J'aime traiter la d\u00e9co comme un sujet concret, avec des fourchettes de prix r\u00e9alistes et des crit\u00e8res mesurables plut\u00f4t que des effets de mode. Avant de recommander un meuble ou une mati\u00e8re, je compare les mod\u00e8les, je v\u00e9rifie l'entretien dans la dur\u00e9e et je pense au quotidien des familles, enfants et animaux compris. Mon angle : un int\u00e9rieur qui se vit, pas seulement qui se photographie. Je tiens \u00e0 ce que chaque conseil soit applicable, que l'on r\u00e9nove un studio ou que l'on meuble une grande maison.\",\"url\":\"https:\/\/maison-du-midi.fr\/blog\/auteur\/marie-d\/\",\"jobTitle\":\"R\u00e9dactrice en chef \u00b7 D\u00e9coration & Am\u00e9nagement\",\"knowsAbout\":[\"D\u00e9coration\",\"Am\u00e9nagement\"],\"email\":\"marie.d@salonstyle.fr\"}]}<\/script>\n<!-- \/ Yoast SEO Premium plugin. -->","yoast_head_json":{"title":"Architecture proven\u00e7ale : tradition et modernit\u00e9","description":"Pierre, tuiles, volets, lignes contemporaines : d\u00e9couvrez comment l'architecture proven\u00e7ale marie tradition et modernit\u00e9 dans le Sud de la France.","robots":{"index":"index","follow":"follow","max-snippet":"max-snippet:-1","max-image-preview":"max-image-preview:large","max-video-preview":"max-video-preview:-1"},"canonical":"https:\/\/maison-du-midi.fr\/blog\/decoration-et-design-interieur\/architecture-provencale-tradition-et-modernite-au-coeur-du-sud-de-la-france\/","og_locale":"fr_FR","og_type":"article","og_title":"Architecture proven\u00e7ale : tradition et modernit\u00e9","og_description":"Pierre, tuiles, volets, lignes contemporaines : d\u00e9couvrez comment l'architecture proven\u00e7ale marie tradition et modernit\u00e9 dans le Sud de la France.","og_url":"https:\/\/maison-du-midi.fr\/blog\/decoration-et-design-interieur\/architecture-provencale-tradition-et-modernite-au-coeur-du-sud-de-la-france\/","og_site_name":"maison-du-midi","og_image":[{"width":1200,"height":500,"url":"https:\/\/maison-du-midi.fr\/blog\/wp-content\/uploads\/2026\/02\/sdxl-758828dffcd5d15926bf91a911ad6faa-scaled.png","type":"image\/png"}],"author":"Marie D.","twitter_card":"summary_large_image","schema":{"@context":"https:\/\/schema.org","@graph":[{"@type":"NewsArticle","@id":"https:\/\/maison-du-midi.fr\/blog\/decoration-et-design-interieur\/architecture-provencale-tradition-et-modernite-au-coeur-du-sud-de-la-france\/#article","isPartOf":{"@id":"https:\/\/maison-du-midi.fr\/blog\/decoration-et-design-interieur\/architecture-provencale-tradition-et-modernite-au-coeur-du-sud-de-la-france\/"},"author":{"name":"Marie D.","@id":"https:\/\/maison-du-midi.fr\/blog\/#\/schema\/person\/3c864cdc320801e3db34b663e7e3f816"},"headline":"Architecture proven\u00e7ale : tradition et modernit\u00e9 au c\u0153ur du sud de la France","datePublished":"2026-02-16T08:42:00+00:00","mainEntityOfPage":{"@id":"https:\/\/maison-du-midi.fr\/blog\/decoration-et-design-interieur\/architecture-provencale-tradition-et-modernite-au-coeur-du-sud-de-la-france\/"},"wordCount":4593,"commentCount":0,"publisher":{"@id":"https:\/\/maison-du-midi.fr\/blog\/#organization"},"image":{"@id":"https:\/\/maison-du-midi.fr\/blog\/decoration-et-design-interieur\/architecture-provencale-tradition-et-modernite-au-coeur-du-sud-de-la-france\/#primaryimage"},"thumbnailUrl":"https:\/\/maison-du-midi.fr\/blog\/wp-content\/uploads\/2026\/02\/sdxl-758828dffcd5d15926bf91a911ad6faa-scaled.png","keywords":["architecture provencale","maison mediterraneenne","sud de la france"],"articleSection":["D\u00e9coration et Design Int\u00e9rieur"],"inLanguage":"fr-FR","potentialAction":[{"@type":"CommentAction","name":"Comment","target":["https:\/\/maison-du-midi.fr\/blog\/decoration-et-design-interieur\/architecture-provencale-tradition-et-modernite-au-coeur-du-sud-de-la-france\/#respond"]}]},{"@type":"WebPage","@id":"https:\/\/maison-du-midi.fr\/blog\/decoration-et-design-interieur\/architecture-provencale-tradition-et-modernite-au-coeur-du-sud-de-la-france\/","url":"https:\/\/maison-du-midi.fr\/blog\/decoration-et-design-interieur\/architecture-provencale-tradition-et-modernite-au-coeur-du-sud-de-la-france\/","name":"Architecture proven\u00e7ale : tradition et modernit\u00e9","isPartOf":{"@id":"https:\/\/maison-du-midi.fr\/blog\/#website"},"primaryImageOfPage":{"@id":"https:\/\/maison-du-midi.fr\/blog\/decoration-et-design-interieur\/architecture-provencale-tradition-et-modernite-au-coeur-du-sud-de-la-france\/#primaryimage"},"image":{"@id":"https:\/\/maison-du-midi.fr\/blog\/decoration-et-design-interieur\/architecture-provencale-tradition-et-modernite-au-coeur-du-sud-de-la-france\/#primaryimage"},"thumbnailUrl":"https:\/\/maison-du-midi.fr\/blog\/wp-content\/uploads\/2026\/02\/sdxl-758828dffcd5d15926bf91a911ad6faa-scaled.png","datePublished":"2026-02-16T08:42:00+00:00","description":"Pierre, tuiles, volets, lignes contemporaines : d\u00e9couvrez comment l'architecture proven\u00e7ale marie tradition et modernit\u00e9 dans le Sud de la France.","inLanguage":"fr-FR","potentialAction":[{"@type":"ReadAction","target":["https:\/\/maison-du-midi.fr\/blog\/decoration-et-design-interieur\/architecture-provencale-tradition-et-modernite-au-coeur-du-sud-de-la-france\/"]}]},{"@type":"ImageObject","inLanguage":"fr-FR","@id":"https:\/\/maison-du-midi.fr\/blog\/decoration-et-design-interieur\/architecture-provencale-tradition-et-modernite-au-coeur-du-sud-de-la-france\/#primaryimage","url":"https:\/\/maison-du-midi.fr\/blog\/wp-content\/uploads\/2026\/02\/sdxl-758828dffcd5d15926bf91a911ad6faa-scaled.png","contentUrl":"https:\/\/maison-du-midi.fr\/blog\/wp-content\/uploads\/2026\/02\/sdxl-758828dffcd5d15926bf91a911ad6faa-scaled.png","width":1200,"height":500},{"@type":"WebSite","@id":"https:\/\/maison-du-midi.fr\/blog\/#website","url":"https:\/\/maison-du-midi.fr\/blog\/","name":"maison-du-midi.fr","description":"Maison du Midi, l&#039;\u00e9l\u00e9gance du terroir","publisher":{"@id":"https:\/\/maison-du-midi.fr\/blog\/#organization"},"alternateName":"Maison du Midi, l'\u00e9l\u00e9gance du terroir","potentialAction":[{"@type":"SearchAction","target":{"@type":"EntryPoint","urlTemplate":"https:\/\/maison-du-midi.fr\/blog\/?s={search_term_string}"},"query-input":{"@type":"PropertyValueSpecification","valueRequired":true,"valueName":"search_term_string"}}],"inLanguage":"fr-FR"},{"@type":"Organization","@id":"https:\/\/maison-du-midi.fr\/blog\/#organization","name":"Foretsensations.fr","url":"https:\/\/maison-du-midi.fr\/blog\/","logo":{"@type":"ImageObject","inLanguage":"fr-FR","@id":"https:\/\/maison-du-midi.fr\/blog\/#\/schema\/logo\/image\/","url":"https:\/\/maison-du-midi.fr\/blog\/wp-content\/uploads\/2026\/07\/logo-auto.png","contentUrl":"https:\/\/maison-du-midi.fr\/blog\/wp-content\/uploads\/2026\/07\/logo-auto.png","width":1024,"height":1024,"caption":"Foretsensations.fr"},"image":{"@id":"https:\/\/maison-du-midi.fr\/blog\/#\/schema\/logo\/image\/"}},{"@type":"Person","@id":"https:\/\/maison-du-midi.fr\/blog\/#\/schema\/person\/3c864cdc320801e3db34b663e7e3f816","name":"Marie D.","image":{"@type":"ImageObject","inLanguage":"fr-FR","@id":"https:\/\/maison-du-midi.fr\/blog\/#\/schema\/person\/image\/","url":"https:\/\/maison-du-midi.fr\/blog\/wp-content\/uploads\/2026\/06\/persona-marie-d-96x96.jpg","contentUrl":"https:\/\/maison-du-midi.fr\/blog\/wp-content\/uploads\/2026\/06\/persona-marie-d-96x96.jpg","caption":"Marie D."},"description":"La d\u00e9coration d'int\u00e9rieur est mon univers depuis plus de dix ans, du conseil en agencement \u00e0 l'\u00e9criture \u00e9ditoriale. Je me consacre surtout \u00e0 l'am\u00e9nagement des pi\u00e8ces de vie : choix du canap\u00e9 selon l'espace et l'usage, harmonie des couleurs, circulation, lumi\u00e8re naturelle et petites astuces qui rendent un salon vraiment accueillant. J'aime traiter la d\u00e9co comme un sujet concret, avec des fourchettes de prix r\u00e9alistes et des crit\u00e8res mesurables plut\u00f4t que des effets de mode. Avant de recommander un meuble ou une mati\u00e8re, je compare les mod\u00e8les, je v\u00e9rifie l'entretien dans la dur\u00e9e et je pense au quotidien des familles, enfants et animaux compris. Mon angle : un int\u00e9rieur qui se vit, pas seulement qui se photographie. Je tiens \u00e0 ce que chaque conseil soit applicable, que l'on r\u00e9nove un studio ou que l'on meuble une grande maison.","url":"https:\/\/maison-du-midi.fr\/blog\/auteur\/marie-d\/","jobTitle":"R\u00e9dactrice en chef \u00b7 D\u00e9coration & Am\u00e9nagement","knowsAbout":["D\u00e9coration","Am\u00e9nagement"],"email":"marie.d@salonstyle.fr"}]}},"_links":{"self":[{"href":"https:\/\/maison-du-midi.fr\/blog\/wp-json\/wp\/v2\/posts\/7537","targetHints":{"allow":["GET"]}}],"collection":[{"href":"https:\/\/maison-du-midi.fr\/blog\/wp-json\/wp\/v2\/posts"}],"about":[{"href":"https:\/\/maison-du-midi.fr\/blog\/wp-json\/wp\/v2\/types\/post"}],"author":[{"embeddable":true,"href":"https:\/\/maison-du-midi.fr\/blog\/wp-json\/wp\/v2\/users\/34"}],"replies":[{"embeddable":true,"href":"https:\/\/maison-du-midi.fr\/blog\/wp-json\/wp\/v2\/comments?post=7537"}],"version-history":[{"count":1,"href":"https:\/\/maison-du-midi.fr\/blog\/wp-json\/wp\/v2\/posts\/7537\/revisions"}],"predecessor-version":[{"id":7568,"href":"https:\/\/maison-du-midi.fr\/blog\/wp-json\/wp\/v2\/posts\/7537\/revisions\/7568"}],"wp:featuredmedia":[{"embeddable":true,"href":"https:\/\/maison-du-midi.fr\/blog\/wp-json\/wp\/v2\/media\/7569"}],"wp:attachment":[{"href":"https:\/\/maison-du-midi.fr\/blog\/wp-json\/wp\/v2\/media?parent=7537"}],"wp:term":[{"taxonomy":"category","embeddable":true,"href":"https:\/\/maison-du-midi.fr\/blog\/wp-json\/wp\/v2\/categories?post=7537"},{"taxonomy":"post_tag","embeddable":true,"href":"https:\/\/maison-du-midi.fr\/blog\/wp-json\/wp\/v2\/tags?post=7537"}],"curies":[{"name":"wp","href":"https:\/\/api.w.org\/{rel}","templated":true}]}}