{"id":7606,"date":"2026-06-15T17:02:58","date_gmt":"2026-06-15T15:02:58","guid":{"rendered":"https:\/\/maison-du-midi.fr\/blog\/a-la-une\/parc-animalier-pyrenees-visite-tarifs\/"},"modified":"2026-06-15T17:21:12","modified_gmt":"2026-06-15T15:21:12","slug":"parc-animalier-pyrenees-visite-tarifs","status":"publish","type":"post","link":"https:\/\/maison-du-midi.fr\/blog\/a-la-une\/parc-animalier-pyrenees-visite-tarifs\/","title":{"rendered":"Guide complet pour d\u00e9couvrir le Parc animalier des Pyr\u00e9n\u00e9es sans rien manquer"},"content":{"rendered":"<p>Si vous cherchez une sortie nature qui pla\u00eet autant aux parents qu\u2019aux enfants, le <strong>Parc animalier des Pyr\u00e9n\u00e9es<\/strong> coche franchement toutes les cases. On est ici au pied des montagnes, dans une ambiance de sapins, de vallons et de sommets visibles d\u00e8s les premiers pas, avec des animaux observ\u00e9s de pr\u00e8s dans un cadre bien plus vivant qu\u2019un zoo urbain classique. Ce parc revient souvent dans les id\u00e9es de visite lors d\u2019un s\u00e9jour \u00e0 Argel\u00e8s-Gazost ou dans les Hautes-Pyr\u00e9n\u00e9es, et ce n\u2019est pas un hasard : on y vient pour respirer, apprendre et regarder la faune autrement.<\/p>\n<h2>Comprendre l\u2019esprit du parc animalier des Pyr\u00e9n\u00e9es<\/h2>\n<p>Le parc se trouve \u00e0 Ayzac-Ost, tout pr\u00e8s d\u2019Argel\u00e8s-Gazost, au sud de Lourdes, dans un d\u00e9cor de montagne qui change tout \u00e0 la visite. Avec ses <strong>14 hectares<\/strong>, il s\u2019\u00e9tire sur un terrain en pente, bois\u00e9, tr\u00e8s diff\u00e9rent des all\u00e9es plates et b\u00e9tonn\u00e9es qu\u2019on associe parfois aux zoos de ville.<\/p>\n<p>Personnellement, c\u2019est ce qui me pla\u00eet le plus : on marche, on l\u00e8ve les yeux, on s\u2019arr\u00eate, et soudain une marmotte ou un ours surgit dans le d\u00e9cor. Le lieu met en avant la faune europ\u00e9enne et montagnarde, avec une vraie attention port\u00e9e \u00e0 la p\u00e9dagogie, au bien-\u00eatre animal et \u00e0 la sensibilisation du public.<\/p>\n<p>Cr\u00e9\u00e9 en 1999, le parc accueille plus de 500 animaux et environ 120 esp\u00e8ces, avec une forte pr\u00e9sence d\u2019animaux des Pyr\u00e9n\u00e9es et d\u2019esp\u00e8ces proches de ces milieux. Il s\u2019est aussi fait conna\u00eetre pour son engagement dans la conservation, notamment \u00e0 travers la fondation Pyr\u00e9n\u00e9es Conservation et des actions autour du gypa\u00e8te barbu et du bouquetin ib\u00e9rique.<\/p>\n<h2>Les animaux embl\u00e9matiques \u00e0 ne surtout pas rater<\/h2>\n<p>On ne vient pas ici pour \u201ccocher des cases\u201d, mais certains animaux attirent forc\u00e9ment l\u2019\u0153il. Les <strong>ours bruns<\/strong> sont parmi les grandes vedettes du parc, tout comme les <strong>marmottes<\/strong>, souvent les plus faciles \u00e0 observer et celles qui d\u00e9clenchent les sourires les plus spontan\u00e9s.<\/p>\n<p>Les <strong>loups gris<\/strong> et les lynx donnent une autre tonalit\u00e9 \u00e0 la visite. On les aper\u00e7oit dans des espaces pens\u00e9s pour l\u2019observation \u00e0 distance raisonnable, avec des points de vue qui \u00e9vitent l\u2019effet vitrine tout en gardant une vraie proximit\u00e9 visuelle. Chez les loups, ce qui marque, c\u2019est le calme du groupe. Chez les lynx, c\u2019est la discr\u00e9tion. On passe parfois \u00e0 c\u00f4t\u00e9 sans les voir tout de suite, et c\u2019est pr\u00e9cis\u00e9ment ce qui rend la rencontre plus forte.<\/p>\n<p>Le parc pr\u00e9sente aussi des <strong>vautours<\/strong>, des rapaces, des bouquetins, des isards et d\u2019autres esp\u00e8ces de montagne. Les rapaces impressionnent en vol, les ongul\u00e9s montagnards rappellent la rudesse de leur habitat naturel, et les panneaux sur place aident \u00e0 comprendre leur r\u00e9gime alimentaire, leur adaptation au relief et les enjeux de conservation.<\/p>\n<table>\n<tr>\n<th>Esp\u00e8ce<\/th>\n<th>Ce qu\u2019on observe le mieux<\/th>\n<th>Int\u00e9r\u00eat de la visite<\/th>\n<\/tr>\n<tr>\n<td>Ours brun<\/td>\n<td>Bassin, d\u00e9placements, moments de repos<\/td>\n<td>La grande star du parc<\/td>\n<\/tr>\n<tr>\n<td>Marmotte<\/td>\n<td>Sorties pr\u00e8s des rochers, posture d\u2019alerte<\/td>\n<td>Tr\u00e8s visible, id\u00e9ale avec des enfants<\/td>\n<\/tr>\n<tr>\n<td>Loup gris<\/td>\n<td>D\u00e9placements en meute, interactions<\/td>\n<td>Ambiance sauvage et saisissante<\/td>\n<\/tr>\n<tr>\n<td>Vautour et rapaces<\/td>\n<td>Envols, plan\u00e9, observation en hauteur<\/td>\n<td>Superbes sc\u00e8nes \u00e0 photographier<\/td>\n<\/tr>\n<\/table>\n<h2>Exp\u00e9rience de visite : parcours, ambiance et points forts sur place<\/h2>\n<p>La visite se fait librement sur un parcours en boucle, avec du d\u00e9nivel\u00e9 et plusieurs zones ombrag\u00e9es. Comptez environ <strong>3 heures<\/strong> de visite moyenne, parfois un peu plus si vous prenez le temps de lire les panneaux, d\u2019assister \u00e0 une animation ou de faire une vraie pause.<\/p>\n<p>Le parc joue beaucoup sur l\u2019immersion. On avance dans la pente, on traverse des belv\u00e9d\u00e8res, on s\u2019arr\u00eate face \u00e0 une vall\u00e9e, puis on retombe sur un enclos paysager sans jamais avoir cette sensation de circuit fig\u00e9. C\u2019est vivant, un peu physique aussi, donc les bonnes chaussures ne sont pas une coquetterie. Elles changent la journ\u00e9e.<\/p>\n<p>Quand les nourrissages sont programm\u00e9s ou qu\u2019un soigneur prend la parole, la visite prend un autre rythme. On \u00e9coute mieux, on regarde autrement. Et le parc mise clairement l\u00e0-dessus : panneaux explicatifs, parcours p\u00e9dagogiques, mise en sc\u00e8ne naturelle des espaces, tout est pens\u00e9 pour qu\u2019on comprenne ce qu\u2019on voit, pas juste pour le regarder.<\/p>\n<h2>Infos pratiques : horaires, tarifs et r\u00e9servations \u00e0 anticiper<\/h2>\n<p>Pour le <strong>parc animalier des Pyr\u00e9n\u00e9es horaires<\/strong>, le plus simple reste de v\u00e9rifier les dates du moment avant de partir, car le parc fonctionne par saisons et ferme une partie de l\u2019hiver. En 2026, il est ouvert du 7 f\u00e9vrier au 8 mars, puis du 4 avril au 1er novembre, avec des horaires qui s\u2019\u00e9largissent en \u00e9t\u00e9.<\/p>\n<ul>\n<li>Du 7 f\u00e9vrier au 8 mars : 10h \u00e0 17h<\/li>\n<li>Du 4 avril au 30 juin : 9h30 \u00e0 18h<\/li>\n<li>Du 1er juillet au 31 ao\u00fbt : 9h30 \u00e0 19h<\/li>\n<li>Du 1er septembre au 30 septembre : 9h30 \u00e0 18h<\/li>\n<li>Du 1er octobre au 1er novembre : 13h \u00e0 18h en semaine, 9h30 \u00e0 18h le week-end et pendant les vacances scolaires<\/li>\n<\/ul>\n<p>C\u00f4t\u00e9 <strong>parc animalier des Pyr\u00e9n\u00e9es tarifs<\/strong>, les prix relev\u00e9s pour 2026 sont de 22 \u20ac pour un adulte, 16 \u20ac pour un enfant de 3 \u00e0 11 ans, et gratuit pour les moins de 3 ans. Le parc propose aussi des pass annuels et des tarifs r\u00e9duits pour certaines situations. Les tarifs bougent parfois, donc mieux vaut v\u00e9rifier avant de r\u00e9server, surtout si vous partez pendant les vacances.<\/p>\n<p>La billetterie en ligne est clairement \u00e0 privil\u00e9gier en haute saison. Plusieurs canaux officiels insistent sur la r\u00e9servation de billets dat\u00e9s, surtout quand la fr\u00e9quentation grimpe. Franchement, si vous venez un samedi de juillet, ne jouez pas les improvisateurs.<\/p>\n<h2>Y aller, se garer, s\u2019organiser : tout pour une journ\u00e9e fluide<\/h2>\n<p>Le parc se situe au <strong>60 bis avenue des Pyr\u00e9n\u00e9es, 65400 Ayzac-Ost<\/strong>, \u00e0 quelques kilom\u00e8tres de Lourdes et d\u2019Argel\u00e8s-Gazost. En voiture, l\u2019acc\u00e8s est le plus simple, surtout si vous encha\u00eenez avec une balade dans la vall\u00e9e ou un autre site des Pyr\u00e9n\u00e9es.<\/p>\n<p>Sur place, un parking est pr\u00e9vu, et le parc indique aussi des \u00e9quipements adapt\u00e9s aux groupes, avec parking autocar et services de restauration. Vous trouverez deux aires de pique-nique, une boutique, des sanitaires, un restaurant et un snack.<\/p>\n<p>Mon conseil est simple : arrivez t\u00f4t en \u00e9t\u00e9. La lumi\u00e8re est meilleure, les animaux sont souvent plus actifs, et vous \u00e9vitez le pic de chaleur. Prenez de l\u2019eau, un chapeau, et gardez un peu d\u2019\u00e9nergie pour la fin de parcours, parce que la pente se rappelle vite \u00e0 vous.<\/p>\n<h2>Visiter le parc en famille : enfants, poussettes et moments \u00ab wahou \u00bb<\/h2>\n<p>Avec des enfants, la visite marche tr\u00e8s bien, mais il faut \u00eatre honn\u00eate : ce n\u2019est pas une promenade de centre commercial. Le relief demande un minimum d\u2019attention, donc pour une poussette, mieux vaut se renseigner avant et, si l\u2019enfant est tout petit, envisager le porte-b\u00e9b\u00e9.<\/p>\n<p>Les marmottes font souvent un carton imm\u00e9diat. Les enfants adorent aussi les animaux qu\u2019on rep\u00e8re vite, parce qu\u2019ils donnent cette impression de \u201cvraie rencontre\u201d. Et puis il y a ce c\u00f4t\u00e9 un peu magique quand un rapace passe au-dessus de la t\u00eate ou qu\u2019un ours s\u2019avance vers le bassin. \u00c7a marque plus qu\u2019une vitrine.<\/p>\n<p>Les panneaux, les explications et les animations donnent du sens \u00e0 la visite. On n\u2019est pas seulement l\u00e0 pour montrer des animaux aux enfants, on leur raconte aussi o\u00f9 ils vivent, ce qu\u2019ils mangent, pourquoi certaines esp\u00e8ces sont fragiles. C\u2019est plus parlant qu\u2019un discours abstrait sur la nature.<\/p>\n<h2>Engagement pour la faune : conservation, soins et p\u00e9dagogie<\/h2>\n<p>Le parc ne se limite pas \u00e0 exposer des animaux. Il soutient aussi des actions de <strong>conservation des esp\u00e8ces<\/strong>, avec la fondation Pyr\u00e9n\u00e9es Conservation, et participe \u00e0 la mise en valeur d\u2019esp\u00e8ces menac\u00e9es ou fragiles. Cette dimension change beaucoup la perception du lieu.<\/p>\n<p>On parle souvent de l\u2019ours ou du loup comme de sujets de tension dans les Pyr\u00e9n\u00e9es. Ici, le parc aide \u00e0 remettre ces esp\u00e8ces dans un cadre plus concret : leur biologie, leur r\u00f4le dans les milieux naturels, les menaces qu\u2019elles affrontent. Ce n\u2019est pas un discours abstrait. C\u2019est utile, parce que \u00e7a replace la discussion sur le terrain de la connaissance.<\/p>\n<p>Si vous aimez les lieux qui assument un vrai travail p\u00e9dagogique, vous pouvez aussi regarder d\u2019autres id\u00e9es de sortie sur un <a href=\"https:\/\/www.parcsetloisirs.fr\/categorie\/parcs-zoologiques\">parc animalier<\/a> pour comparer les approches, les esp\u00e8ces pr\u00e9sent\u00e9es et le type d\u2019exp\u00e9rience propos\u00e9.<\/p>\n<h2>Bien choisir sa p\u00e9riode : saisons, m\u00e9t\u00e9o et affluence<\/h2>\n<p>Le printemps est souvent la meilleure surprise. La v\u00e9g\u00e9tation repart, les jeunes animaux sont parfois plus visibles, et les temp\u00e9ratures restent agr\u00e9ables. L\u2019\u00e9t\u00e9 attire davantage de monde, ce qui n\u2019est pas choquant vu la r\u00e9gion, mais il faut accepter un peu d\u2019attente et une fr\u00e9quentation plus dense.<\/p>\n<p>L\u2019automne a une vraie gueule. Les lumi\u00e8res sont plus douces, les reliefs ressortent mieux, et les couleurs donnent un cadre superbe aux photos. En hiver, le parc ferme une partie de la saison, donc ce n\u2019est pas la p\u00e9riode la plus simple pour programmer une visite.<\/p>\n<p>En montagne, la m\u00e9t\u00e9o change vite. Un matin clair peut se terminer sous un ciel lourd, et une journ\u00e9e chaude basculer d\u2019un coup avec un orage. Si vous venez pour faire de belles images ou pour \u00eatre tranquille, je vous dirais presque d\u2019\u00e9viter les jours de gros chass\u00e9-crois\u00e9 des vacances scolaires.<\/p>\n<h2>Combiner le parc avec d\u2019autres visites dans les Pyr\u00e9n\u00e9es<\/h2>\n<p>Le parc se glisse tr\u00e8s bien dans un s\u00e9jour plus large. Lourdes est toute proche, et les grands sites pyr\u00e9n\u00e9ens comme Gavarnie, Cauterets, le Pont d\u2019Espagne ou le col du Tourmalet compl\u00e8tent parfaitement une journ\u00e9e nature.<\/p>\n<p>Pour un week-end en famille, j\u2019aime bien l\u2019id\u00e9e suivante : matin au parc, d\u00e9jeuner sur place ou pique-nique, puis balade tranquille en vall\u00e9e. Pour un s\u00e9jour plus long, on peut alterner visite animali\u00e8re, station thermale \u00e0 Argel\u00e8s-Gazost et route panoramique. On garde ainsi le bon tempo, sans courir partout.<\/p>\n<h2>Conseils d\u2019un local pour profiter au maximum de la visite<\/h2>\n<p>Si vous voulez voir les animaux les plus actifs, visez le d\u00e9but de matin\u00e9e ou la fin de journ\u00e9e. C\u2019est souvent l\u00e0 que la visite prend une autre saveur. Les ours bougent davantage, les marmottes se montrent plus facilement, et l\u2019ambiance g\u00e9n\u00e9rale est plus calme.<\/p>\n<p>Gardez les points les plus fr\u00e9quent\u00e9s pour le milieu de parcours, puis laissez-vous un peu de marge \u00e0 la fin. C\u2019est l\u00e0 qu\u2019on profite le mieux des belv\u00e9d\u00e8res et des vues sur la vall\u00e9e. Franchement, prenez aussi des jumelles si vous en avez. Pour les rapaces et certains ongul\u00e9s en hauteur, \u00e7a change tout.<\/p>\n<p>Et si vous avez aim\u00e9 la visite, revenez \u00e0 une autre saison. Le parc n\u2019a pas la m\u00eame t\u00eate au printemps, en \u00e9t\u00e9 ou en automne, et c\u2019est justement ce qui le rend int\u00e9ressant. Une derni\u00e8re chose : v\u00e9rifiez toujours les <strong>parc animalier des Pyr\u00e9n\u00e9es avis<\/strong> r\u00e9cents, les horaires du jour et la billetterie avant de partir, surtout pendant les vacances scolaires.<\/p>\n<hr>\n<div class=\"articles-lies\">\n<h3>\u00c0 lire aussi<\/h3>\n<ul>\n<li><a href=\"https:\/\/maison-du-midi.fr\/blog\/conseils-immobiliers\/les-meilleurs-gites-ruraux-dans-le-sud-de-la-france-conseils-et-adresses\/\">Les meilleurs g\u00eetes ruraux du Sud de la France<\/a><\/li>\n<li><a href=\"https:\/\/maison-du-midi.fr\/blog\/conseils-immobiliers\/pourquoi-choisir-un-gite-rural-dans-le-sud-de-la-france-avantages-et-conseils\/\">Pourquoi choisir un g\u00eete rural dans le Sud<\/a><\/li>\n<li><a href=\"https:\/\/maison-du-midi.fr\/blog\/a-la-une\/touristes-au-sud-de-la-france-guide-complet-esim-pour-europeens\/\">Touristes dans le Sud : le guide eSIM voyageurs<\/a><\/li>\n<\/ul>\n<\/div>\n","protected":false},"excerpt":{"rendered":"","protected":false},"author":34,"featured_media":999999999,"comment_status":"open","ping_status":"open","sticky":false,"template":"","format":"standard","meta":{"_acf_changed":false,"manual_indexmenow":false,"indexmenow_id_project":0,"footnotes":""},"categories":[1],"tags":[],"class_list":["post-7606","post","type-post","status-publish","format-standard","has-post-thumbnail","hentry","category-a-la-une","generate-columns","tablet-grid-50","mobile-grid-100","grid-parent","grid-25"],"acf":[],"yoast_head":"<!-- This site is optimized with the Yoast SEO Premium plugin v21.3 (Yoast SEO v26.5) - https:\/\/yoast.com\/wordpress\/plugins\/seo\/ -->\n<title>Parc animalier des Pyr\u00e9n\u00e9es : dur\u00e9e de visite, tarifs, acc\u00e8s<\/title>\n<meta name=\"description\" content=\"Parc animalier des Pyr\u00e9n\u00e9es (Argel\u00e8s-Gazost) : dur\u00e9e de visite, tarifs 2026, horaires et conseils pratiques pour organiser votre venue en famille.\" \/>\n<meta name=\"robots\" content=\"index, follow, max-snippet:-1, max-image-preview:large, max-video-preview:-1\" \/>\n<link rel=\"canonical\" href=\"https:\/\/maison-du-midi.fr\/blog\/a-la-une\/parc-animalier-pyrenees-visite-tarifs\/\" \/>\n<meta property=\"og:locale\" content=\"fr_FR\" \/>\n<meta property=\"og:type\" content=\"article\" \/>\n<meta property=\"og:title\" content=\"Parc animalier des Pyr\u00e9n\u00e9es : dur\u00e9e de visite, tarifs, acc\u00e8s\" \/>\n<meta property=\"og:description\" content=\"Parc animalier des Pyr\u00e9n\u00e9es (Argel\u00e8s-Gazost) : dur\u00e9e de visite, tarifs 2026, horaires et conseils pratiques pour organiser votre venue en famille.\" \/>\n<meta property=\"og:url\" content=\"https:\/\/maison-du-midi.fr\/blog\/a-la-une\/parc-animalier-pyrenees-visite-tarifs\/\" \/>\n<meta property=\"og:site_name\" content=\"maison-du-midi\" \/>\n<meta name=\"author\" content=\"Marie D.\" \/>\n<meta name=\"twitter:card\" content=\"summary_large_image\" \/>\n<script type=\"application\/ld+json\" class=\"yoast-schema-graph\">{\"@context\":\"https:\/\/schema.org\",\"@graph\":[{\"@type\":\"NewsArticle\",\"@id\":\"https:\/\/maison-du-midi.fr\/blog\/a-la-une\/parc-animalier-pyrenees-visite-tarifs\/#article\",\"isPartOf\":{\"@id\":\"https:\/\/maison-du-midi.fr\/blog\/a-la-une\/parc-animalier-pyrenees-visite-tarifs\/\"},\"author\":{\"name\":\"Marie D.\",\"@id\":\"https:\/\/maison-du-midi.fr\/blog\/#\/schema\/person\/3c864cdc320801e3db34b663e7e3f816\"},\"headline\":\"Guide complet pour d\u00e9couvrir le Parc animalier des Pyr\u00e9n\u00e9es sans rien manquer\",\"datePublished\":\"2026-06-15T15:02:58+00:00\",\"dateModified\":\"2026-06-15T15:21:12+00:00\",\"mainEntityOfPage\":{\"@id\":\"https:\/\/maison-du-midi.fr\/blog\/a-la-une\/parc-animalier-pyrenees-visite-tarifs\/\"},\"wordCount\":1992,\"commentCount\":0,\"publisher\":{\"@id\":\"https:\/\/maison-du-midi.fr\/blog\/#organization\"},\"image\":{\"@id\":\"https:\/\/maison-du-midi.fr\/blog\/a-la-une\/parc-animalier-pyrenees-visite-tarifs\/#primaryimage\"},\"thumbnailUrl\":\"https:\/\/images.pexels.com\/photos\/30290109\/pexels-photo-30290109.jpeg?auto=compress&cs=tinysrgb&fit=crop&h=627&w=1200\",\"articleSection\":[\"\u00c0 la une\"],\"inLanguage\":\"fr-FR\",\"potentialAction\":[{\"@type\":\"CommentAction\",\"name\":\"Comment\",\"target\":[\"https:\/\/maison-du-midi.fr\/blog\/a-la-une\/parc-animalier-pyrenees-visite-tarifs\/#respond\"]}]},{\"@type\":\"WebPage\",\"@id\":\"https:\/\/maison-du-midi.fr\/blog\/a-la-une\/parc-animalier-pyrenees-visite-tarifs\/\",\"url\":\"https:\/\/maison-du-midi.fr\/blog\/a-la-une\/parc-animalier-pyrenees-visite-tarifs\/\",\"name\":\"Parc animalier des Pyr\u00e9n\u00e9es : dur\u00e9e de visite, tarifs, acc\u00e8s\",\"isPartOf\":{\"@id\":\"https:\/\/maison-du-midi.fr\/blog\/#website\"},\"primaryImageOfPage\":{\"@id\":\"https:\/\/maison-du-midi.fr\/blog\/a-la-une\/parc-animalier-pyrenees-visite-tarifs\/#primaryimage\"},\"image\":{\"@id\":\"https:\/\/maison-du-midi.fr\/blog\/a-la-une\/parc-animalier-pyrenees-visite-tarifs\/#primaryimage\"},\"thumbnailUrl\":\"https:\/\/images.pexels.com\/photos\/30290109\/pexels-photo-30290109.jpeg?auto=compress&cs=tinysrgb&fit=crop&h=627&w=1200\",\"datePublished\":\"2026-06-15T15:02:58+00:00\",\"dateModified\":\"2026-06-15T15:21:12+00:00\",\"description\":\"Parc animalier des Pyr\u00e9n\u00e9es (Argel\u00e8s-Gazost) : dur\u00e9e de visite, tarifs 2026, horaires et conseils pratiques pour organiser votre venue en famille.\",\"inLanguage\":\"fr-FR\",\"potentialAction\":[{\"@type\":\"ReadAction\",\"target\":[\"https:\/\/maison-du-midi.fr\/blog\/a-la-une\/parc-animalier-pyrenees-visite-tarifs\/\"]}]},{\"@type\":\"ImageObject\",\"inLanguage\":\"fr-FR\",\"@id\":\"https:\/\/maison-du-midi.fr\/blog\/a-la-une\/parc-animalier-pyrenees-visite-tarifs\/#primaryimage\",\"url\":\"https:\/\/images.pexels.com\/photos\/30290109\/pexels-photo-30290109.jpeg?auto=compress&cs=tinysrgb&fit=crop&h=627&w=1200\",\"contentUrl\":\"https:\/\/images.pexels.com\/photos\/30290109\/pexels-photo-30290109.jpeg?auto=compress&cs=tinysrgb&fit=crop&h=627&w=1200\"},{\"@type\":\"WebSite\",\"@id\":\"https:\/\/maison-du-midi.fr\/blog\/#website\",\"url\":\"https:\/\/maison-du-midi.fr\/blog\/\",\"name\":\"maison-du-midi.fr\",\"description\":\"Maison du Midi, l&#039;\u00e9l\u00e9gance du terroir\",\"publisher\":{\"@id\":\"https:\/\/maison-du-midi.fr\/blog\/#organization\"},\"alternateName\":\"Maison du Midi, l'\u00e9l\u00e9gance du terroir\",\"potentialAction\":[{\"@type\":\"SearchAction\",\"target\":{\"@type\":\"EntryPoint\",\"urlTemplate\":\"https:\/\/maison-du-midi.fr\/blog\/?s={search_term_string}\"},\"query-input\":{\"@type\":\"PropertyValueSpecification\",\"valueRequired\":true,\"valueName\":\"search_term_string\"}}],\"inLanguage\":\"fr-FR\"},{\"@type\":\"Organization\",\"@id\":\"https:\/\/maison-du-midi.fr\/blog\/#organization\",\"name\":\"Foretsensations.fr\",\"url\":\"https:\/\/maison-du-midi.fr\/blog\/\",\"logo\":{\"@type\":\"ImageObject\",\"inLanguage\":\"fr-FR\",\"@id\":\"https:\/\/maison-du-midi.fr\/blog\/#\/schema\/logo\/image\/\",\"url\":\"https:\/\/maison-du-midi.fr\/blog\/wp-content\/uploads\/2026\/07\/logo-auto.png\",\"contentUrl\":\"https:\/\/maison-du-midi.fr\/blog\/wp-content\/uploads\/2026\/07\/logo-auto.png\",\"width\":1024,\"height\":1024,\"caption\":\"Foretsensations.fr\"},\"image\":{\"@id\":\"https:\/\/maison-du-midi.fr\/blog\/#\/schema\/logo\/image\/\"}},{\"@type\":\"Person\",\"@id\":\"https:\/\/maison-du-midi.fr\/blog\/#\/schema\/person\/3c864cdc320801e3db34b663e7e3f816\",\"name\":\"Marie D.\",\"image\":{\"@type\":\"ImageObject\",\"inLanguage\":\"fr-FR\",\"@id\":\"https:\/\/maison-du-midi.fr\/blog\/#\/schema\/person\/image\/\",\"url\":\"https:\/\/maison-du-midi.fr\/blog\/wp-content\/uploads\/2026\/06\/persona-marie-d-96x96.jpg\",\"contentUrl\":\"https:\/\/maison-du-midi.fr\/blog\/wp-content\/uploads\/2026\/06\/persona-marie-d-96x96.jpg\",\"caption\":\"Marie D.\"},\"description\":\"La d\u00e9coration d'int\u00e9rieur est mon univers depuis plus de dix ans, du conseil en agencement \u00e0 l'\u00e9criture \u00e9ditoriale. Je me consacre surtout \u00e0 l'am\u00e9nagement des pi\u00e8ces de vie : choix du canap\u00e9 selon l'espace et l'usage, harmonie des couleurs, circulation, lumi\u00e8re naturelle et petites astuces qui rendent un salon vraiment accueillant. J'aime traiter la d\u00e9co comme un sujet concret, avec des fourchettes de prix r\u00e9alistes et des crit\u00e8res mesurables plut\u00f4t que des effets de mode. Avant de recommander un meuble ou une mati\u00e8re, je compare les mod\u00e8les, je v\u00e9rifie l'entretien dans la dur\u00e9e et je pense au quotidien des familles, enfants et animaux compris. Mon angle : un int\u00e9rieur qui se vit, pas seulement qui se photographie. Je tiens \u00e0 ce que chaque conseil soit applicable, que l'on r\u00e9nove un studio ou que l'on meuble une grande maison.\",\"url\":\"https:\/\/maison-du-midi.fr\/blog\/auteur\/marie-d\/\",\"jobTitle\":\"R\u00e9dactrice en chef \u00b7 D\u00e9coration & Am\u00e9nagement\",\"knowsAbout\":[\"D\u00e9coration\",\"Am\u00e9nagement\"],\"email\":\"marie.d@salonstyle.fr\"}]}<\/script>\n<!-- \/ Yoast SEO Premium plugin. -->","yoast_head_json":{"title":"Parc animalier des Pyr\u00e9n\u00e9es : dur\u00e9e de visite, tarifs, acc\u00e8s","description":"Parc animalier des Pyr\u00e9n\u00e9es (Argel\u00e8s-Gazost) : dur\u00e9e de visite, tarifs 2026, horaires et conseils pratiques pour organiser votre venue en famille.","robots":{"index":"index","follow":"follow","max-snippet":"max-snippet:-1","max-image-preview":"max-image-preview:large","max-video-preview":"max-video-preview:-1"},"canonical":"https:\/\/maison-du-midi.fr\/blog\/a-la-une\/parc-animalier-pyrenees-visite-tarifs\/","og_locale":"fr_FR","og_type":"article","og_title":"Parc animalier des Pyr\u00e9n\u00e9es : dur\u00e9e de visite, tarifs, acc\u00e8s","og_description":"Parc animalier des Pyr\u00e9n\u00e9es (Argel\u00e8s-Gazost) : dur\u00e9e de visite, tarifs 2026, horaires et conseils pratiques pour organiser votre venue en famille.","og_url":"https:\/\/maison-du-midi.fr\/blog\/a-la-une\/parc-animalier-pyrenees-visite-tarifs\/","og_site_name":"maison-du-midi","author":"Marie D.","twitter_card":"summary_large_image","schema":{"@context":"https:\/\/schema.org","@graph":[{"@type":"NewsArticle","@id":"https:\/\/maison-du-midi.fr\/blog\/a-la-une\/parc-animalier-pyrenees-visite-tarifs\/#article","isPartOf":{"@id":"https:\/\/maison-du-midi.fr\/blog\/a-la-une\/parc-animalier-pyrenees-visite-tarifs\/"},"author":{"name":"Marie D.","@id":"https:\/\/maison-du-midi.fr\/blog\/#\/schema\/person\/3c864cdc320801e3db34b663e7e3f816"},"headline":"Guide complet pour d\u00e9couvrir le Parc animalier des Pyr\u00e9n\u00e9es sans rien manquer","datePublished":"2026-06-15T15:02:58+00:00","dateModified":"2026-06-15T15:21:12+00:00","mainEntityOfPage":{"@id":"https:\/\/maison-du-midi.fr\/blog\/a-la-une\/parc-animalier-pyrenees-visite-tarifs\/"},"wordCount":1992,"commentCount":0,"publisher":{"@id":"https:\/\/maison-du-midi.fr\/blog\/#organization"},"image":{"@id":"https:\/\/maison-du-midi.fr\/blog\/a-la-une\/parc-animalier-pyrenees-visite-tarifs\/#primaryimage"},"thumbnailUrl":"https:\/\/images.pexels.com\/photos\/30290109\/pexels-photo-30290109.jpeg?auto=compress&cs=tinysrgb&fit=crop&h=627&w=1200","articleSection":["\u00c0 la une"],"inLanguage":"fr-FR","potentialAction":[{"@type":"CommentAction","name":"Comment","target":["https:\/\/maison-du-midi.fr\/blog\/a-la-une\/parc-animalier-pyrenees-visite-tarifs\/#respond"]}]},{"@type":"WebPage","@id":"https:\/\/maison-du-midi.fr\/blog\/a-la-une\/parc-animalier-pyrenees-visite-tarifs\/","url":"https:\/\/maison-du-midi.fr\/blog\/a-la-une\/parc-animalier-pyrenees-visite-tarifs\/","name":"Parc animalier des Pyr\u00e9n\u00e9es : dur\u00e9e de visite, tarifs, acc\u00e8s","isPartOf":{"@id":"https:\/\/maison-du-midi.fr\/blog\/#website"},"primaryImageOfPage":{"@id":"https:\/\/maison-du-midi.fr\/blog\/a-la-une\/parc-animalier-pyrenees-visite-tarifs\/#primaryimage"},"image":{"@id":"https:\/\/maison-du-midi.fr\/blog\/a-la-une\/parc-animalier-pyrenees-visite-tarifs\/#primaryimage"},"thumbnailUrl":"https:\/\/images.pexels.com\/photos\/30290109\/pexels-photo-30290109.jpeg?auto=compress&cs=tinysrgb&fit=crop&h=627&w=1200","datePublished":"2026-06-15T15:02:58+00:00","dateModified":"2026-06-15T15:21:12+00:00","description":"Parc animalier des Pyr\u00e9n\u00e9es (Argel\u00e8s-Gazost) : dur\u00e9e de visite, tarifs 2026, horaires et conseils pratiques pour organiser votre venue en famille.","inLanguage":"fr-FR","potentialAction":[{"@type":"ReadAction","target":["https:\/\/maison-du-midi.fr\/blog\/a-la-une\/parc-animalier-pyrenees-visite-tarifs\/"]}]},{"@type":"ImageObject","inLanguage":"fr-FR","@id":"https:\/\/maison-du-midi.fr\/blog\/a-la-une\/parc-animalier-pyrenees-visite-tarifs\/#primaryimage","url":"https:\/\/images.pexels.com\/photos\/30290109\/pexels-photo-30290109.jpeg?auto=compress&cs=tinysrgb&fit=crop&h=627&w=1200","contentUrl":"https:\/\/images.pexels.com\/photos\/30290109\/pexels-photo-30290109.jpeg?auto=compress&cs=tinysrgb&fit=crop&h=627&w=1200"},{"@type":"WebSite","@id":"https:\/\/maison-du-midi.fr\/blog\/#website","url":"https:\/\/maison-du-midi.fr\/blog\/","name":"maison-du-midi.fr","description":"Maison du Midi, l&#039;\u00e9l\u00e9gance du terroir","publisher":{"@id":"https:\/\/maison-du-midi.fr\/blog\/#organization"},"alternateName":"Maison du Midi, l'\u00e9l\u00e9gance du terroir","potentialAction":[{"@type":"SearchAction","target":{"@type":"EntryPoint","urlTemplate":"https:\/\/maison-du-midi.fr\/blog\/?s={search_term_string}"},"query-input":{"@type":"PropertyValueSpecification","valueRequired":true,"valueName":"search_term_string"}}],"inLanguage":"fr-FR"},{"@type":"Organization","@id":"https:\/\/maison-du-midi.fr\/blog\/#organization","name":"Foretsensations.fr","url":"https:\/\/maison-du-midi.fr\/blog\/","logo":{"@type":"ImageObject","inLanguage":"fr-FR","@id":"https:\/\/maison-du-midi.fr\/blog\/#\/schema\/logo\/image\/","url":"https:\/\/maison-du-midi.fr\/blog\/wp-content\/uploads\/2026\/07\/logo-auto.png","contentUrl":"https:\/\/maison-du-midi.fr\/blog\/wp-content\/uploads\/2026\/07\/logo-auto.png","width":1024,"height":1024,"caption":"Foretsensations.fr"},"image":{"@id":"https:\/\/maison-du-midi.fr\/blog\/#\/schema\/logo\/image\/"}},{"@type":"Person","@id":"https:\/\/maison-du-midi.fr\/blog\/#\/schema\/person\/3c864cdc320801e3db34b663e7e3f816","name":"Marie D.","image":{"@type":"ImageObject","inLanguage":"fr-FR","@id":"https:\/\/maison-du-midi.fr\/blog\/#\/schema\/person\/image\/","url":"https:\/\/maison-du-midi.fr\/blog\/wp-content\/uploads\/2026\/06\/persona-marie-d-96x96.jpg","contentUrl":"https:\/\/maison-du-midi.fr\/blog\/wp-content\/uploads\/2026\/06\/persona-marie-d-96x96.jpg","caption":"Marie D."},"description":"La d\u00e9coration d'int\u00e9rieur est mon univers depuis plus de dix ans, du conseil en agencement \u00e0 l'\u00e9criture \u00e9ditoriale. Je me consacre surtout \u00e0 l'am\u00e9nagement des pi\u00e8ces de vie : choix du canap\u00e9 selon l'espace et l'usage, harmonie des couleurs, circulation, lumi\u00e8re naturelle et petites astuces qui rendent un salon vraiment accueillant. J'aime traiter la d\u00e9co comme un sujet concret, avec des fourchettes de prix r\u00e9alistes et des crit\u00e8res mesurables plut\u00f4t que des effets de mode. Avant de recommander un meuble ou une mati\u00e8re, je compare les mod\u00e8les, je v\u00e9rifie l'entretien dans la dur\u00e9e et je pense au quotidien des familles, enfants et animaux compris. Mon angle : un int\u00e9rieur qui se vit, pas seulement qui se photographie. Je tiens \u00e0 ce que chaque conseil soit applicable, que l'on r\u00e9nove un studio ou que l'on meuble une grande maison.","url":"https:\/\/maison-du-midi.fr\/blog\/auteur\/marie-d\/","jobTitle":"R\u00e9dactrice en chef \u00b7 D\u00e9coration & Am\u00e9nagement","knowsAbout":["D\u00e9coration","Am\u00e9nagement"],"email":"marie.d@salonstyle.fr"}]}},"_links":{"self":[{"href":"https:\/\/maison-du-midi.fr\/blog\/wp-json\/wp\/v2\/posts\/7606","targetHints":{"allow":["GET"]}}],"collection":[{"href":"https:\/\/maison-du-midi.fr\/blog\/wp-json\/wp\/v2\/posts"}],"about":[{"href":"https:\/\/maison-du-midi.fr\/blog\/wp-json\/wp\/v2\/types\/post"}],"author":[{"embeddable":true,"href":"https:\/\/maison-du-midi.fr\/blog\/wp-json\/wp\/v2\/users\/34"}],"replies":[{"embeddable":true,"href":"https:\/\/maison-du-midi.fr\/blog\/wp-json\/wp\/v2\/comments?post=7606"}],"version-history":[{"count":1,"href":"https:\/\/maison-du-midi.fr\/blog\/wp-json\/wp\/v2\/posts\/7606\/revisions"}],"predecessor-version":[{"id":7607,"href":"https:\/\/maison-du-midi.fr\/blog\/wp-json\/wp\/v2\/posts\/7606\/revisions\/7607"}],"wp:attachment":[{"href":"https:\/\/maison-du-midi.fr\/blog\/wp-json\/wp\/v2\/media?parent=7606"}],"wp:term":[{"taxonomy":"category","embeddable":true,"href":"https:\/\/maison-du-midi.fr\/blog\/wp-json\/wp\/v2\/categories?post=7606"},{"taxonomy":"post_tag","embeddable":true,"href":"https:\/\/maison-du-midi.fr\/blog\/wp-json\/wp\/v2\/tags?post=7606"}],"curies":[{"name":"wp","href":"https:\/\/api.w.org\/{rel}","templated":true}]}}