{"id":7616,"date":"2026-07-16T15:33:21","date_gmt":"2026-07-16T13:33:21","guid":{"rendered":"https:\/\/maison-du-midi.fr\/blog\/conseils-pratiques-et-diy\/ete-au-frais\/combien-coute-linstallation-dune-climatisation-fixe\/"},"modified":"2026-07-16T15:35:25","modified_gmt":"2026-07-16T13:35:25","slug":"combien-coute-linstallation-dune-climatisation-fixe","status":"publish","type":"post","link":"https:\/\/maison-du-midi.fr\/blog\/conseils-pratiques-et-diy\/ete-au-frais\/combien-coute-linstallation-dune-climatisation-fixe\/","title":{"rendered":"Combien co\u00fbte l&rsquo;installation d&rsquo;une climatisation fixe ?"},"content":{"rendered":"<p><strong>Comptez environ 900 \u00e0 2 800 \u20ac pose comprise pour un climatiseur fixe mono-split r\u00e9versible (une pi\u00e8ce), et de 3 000 \u00e0 plus de 8 000 \u20ac pour un multi-split climatisant plusieurs pi\u00e8ces, selon la puissance, la marque et la complexit\u00e9 du chantier.<\/strong> Les \u00e9carts sont larges : la configuration du logement (longueur de liaison frigorifique, acc\u00e8s, fa\u00e7ade) p\u00e8se autant que l&rsquo;appareil lui-m\u00eame.<\/p>\n<h2>Les fourchettes par configuration<\/h2>\n<table>\n<tr>\n<th>Installation<\/th>\n<th>Prix indicatif pos\u00e9 (2026)<\/th>\n<\/tr>\n<tr>\n<td>Mono-split (1 pi\u00e8ce, unit\u00e9 ext. + 1 unit\u00e9 int.)<\/td>\n<td>900 \u00e0 2 800 \u20ac<\/td>\n<\/tr>\n<tr>\n<td>Bi-split (2 pi\u00e8ces)<\/td>\n<td>2 500 \u00e0 4 500 \u20ac<\/td>\n<\/tr>\n<tr>\n<td>Multi-split 3-4 pi\u00e8ces<\/td>\n<td>4 000 \u00e0 8 000 \u20ac et plus<\/td>\n<\/tr>\n<tr>\n<td>Gainable (diffusion invisible par combles)<\/td>\n<td>7 000 \u00e0 15 000 \u20ac<\/td>\n<\/tr>\n<tr>\n<td>Climatiseur mobile (comparaison, sans pose)<\/td>\n<td>300 \u00e0 800 \u20ac<\/td>\n<\/tr>\n<\/table>\n<p>Ces fourchettes recoupent les guides de prix publi\u00e9s en 2026 ; certains devis en zone tendue ou pour des marques premium d\u00e9passent le haut de fourchette. Faites syst\u00e9matiquement \u00e9tablir deux ou trois devis.<\/p>\n<h2>Ce qui fait varier le devis<\/h2>\n<p>La puissance frigorifique (en gros 100 W\/m\u00b2 \u00e0 affiner), la marque, la longueur de la liaison entre unit\u00e9 int\u00e9rieure et ext\u00e9rieure, le support ou la dalle pour l&rsquo;unit\u00e9 ext\u00e9rieure, la difficult\u00e9 d&rsquo;acc\u00e8s (\u00e9tage, fa\u00e7ade sur rue) et les finitions (goulottes, condensats). L&rsquo;installation doit \u00eatre r\u00e9alis\u00e9e par un professionnel titulaire d&rsquo;une attestation de capacit\u00e9 pour manipuler les fluides frigorig\u00e8nes \u2014 c&rsquo;est aussi ce qui conditionne la garantie fabricant.<\/p>\n<h2>Aides et pi\u00e8ges<\/h2>\n<p>En 2026, la climatisation air-air (m\u00eame r\u00e9versible) n&rsquo;ouvre pas droit \u00e0 MaPrimeR\u00e9nov&rsquo; : m\u00e9fiez-vous des d\u00e9marchages qui promettent une \u00ab clim quasi gratuite \u00bb. En copropri\u00e9t\u00e9 ou en zone prot\u00e9g\u00e9e, l&rsquo;unit\u00e9 ext\u00e9rieure exige des autorisations pr\u00e9alables \u2014 un refus apr\u00e8s pose peut imposer la d\u00e9pose.<\/p>\n<details>\n<summary>Quel prix pour climatiser 100 m\u00b2 ?<\/summary>\n<p>En multi-split ou gainable, la fourchette r\u00e9aliste va d&rsquo;environ 6 000 \u00e0 15 000 \u20ac pos\u00e9s selon le nombre de pi\u00e8ces et la configuration. Un dimensionnement par un professionnel est indispensable \u00e0 cette \u00e9chelle.<\/p>\n<\/details>\n<details>\n<summary>Et pour une seule chambre de 12 m\u00b2 ?<\/summary>\n<p>Un petit mono-split de 2 \u00e0 2,5 kW pos\u00e9 se n\u00e9gocie souvent entre 900 et 1 800 \u20ac. C&rsquo;est l&rsquo;entr\u00e9e de gamme du fixe, d\u00e9j\u00e0 bien plus efficace qu&rsquo;un mobile.<\/p>\n<\/details>\n<details>\n<summary>Les enseignes de bricolage posent-elles la clim ?<\/summary>\n<p>Plusieurs grandes enseignes proposent la pose via des artisans partenaires, factur\u00e9e en g\u00e9n\u00e9ral quelques centaines d&rsquo;euros en plus de l&rsquo;appareil. Comparez avec le devis d&rsquo;un frigoriste local, fourniture et pose comprises.<\/p>\n<\/details>\n<details>\n<summary>Faut-il un entretien obligatoire ?<\/summary>\n<p>Au-del\u00e0 d&rsquo;une certaine charge en fluide (ce qui concerne la plupart des splits), une inspection p\u00e9riodique par un professionnel est requise, en pratique tous les 2 ans minimum pour les \u00e9quipements courants ; le nettoyage r\u00e9gulier des filtres reste \u00e0 votre charge.<\/p>\n<\/details>\n<h2>\u00c0 lire aussi<\/h2>\n<ul>\n<li><a href=\"https:\/\/maison-du-midi.fr\/blog\/conseils-pratiques-et-diy\/ete-au-frais\/comment-garder-sa-maison-fraiche-en-ete\/\">Comment garder sa maison fra\u00eeche en \u00e9t\u00e9 ?<\/a> \u2014 le guide complet du cocon<\/li>\n<li><a href=\"https:\/\/maison-du-midi.fr\/blog\/conseils-pratiques-et-diy\/ete-au-frais\/peut-on-installer-une-climatisation-en-copropriete\/\">Peut-on installer une climatisation en copropri\u00e9t\u00e9 ?<\/a><\/li>\n<li><a href=\"https:\/\/maison-du-midi.fr\/blog\/conseils-pratiques-et-diy\/ete-au-frais\/combien-consomme-une-climatisation\/\">Combien consomme une climatisation ?<\/a><\/li>\n<li><a href=\"https:\/\/maison-du-midi.fr\/blog\/conseils-pratiques-et-diy\/ete-au-frais\/a-quelle-temperature-regler-sa-climatisation-en-ete\/\">\u00c0 quelle temp\u00e9rature r\u00e9gler sa climatisation en \u00e9t\u00e9 ?<\/a><\/li>\n<\/ul>\n","protected":false},"excerpt":{"rendered":"","protected":false},"author":42,"featured_media":999999999,"comment_status":"open","ping_status":"open","sticky":false,"template":"","format":"standard","meta":{"_acf_changed":false,"manual_indexmenow":false,"indexmenow_id_project":0,"footnotes":""},"categories":[4626],"tags":[],"class_list":["post-7616","post","type-post","status-publish","format-standard","has-post-thumbnail","hentry","category-ete-au-frais","generate-columns","tablet-grid-50","mobile-grid-100","grid-parent","grid-25"],"acf":[],"yoast_head":"<!-- This site is optimized with the Yoast SEO Premium plugin v21.3 (Yoast SEO v26.5) - https:\/\/yoast.com\/wordpress\/plugins\/seo\/ -->\n<title>Combien co\u00fbte l&#039;installation d&#039;une climatisation fixe ?<\/title>\n<meta name=\"description\" content=\"Comptez environ 900 \u00e0 2 800 \u20ac pose comprise pour un climatiseur fixe mono-split r\u00e9versible (une pi\u00e8ce), et de 3 000 \u00e0 plus de 8 000 \u20ac pour un multi-split\" \/>\n<meta name=\"robots\" content=\"index, follow, max-snippet:-1, max-image-preview:large, max-video-preview:-1\" \/>\n<link rel=\"canonical\" href=\"https:\/\/maison-du-midi.fr\/blog\/conseils-pratiques-et-diy\/ete-au-frais\/combien-coute-linstallation-dune-climatisation-fixe\/\" \/>\n<meta property=\"og:locale\" content=\"fr_FR\" \/>\n<meta property=\"og:type\" content=\"article\" \/>\n<meta property=\"og:title\" content=\"Combien co\u00fbte l&#039;installation d&#039;une climatisation fixe ?\" \/>\n<meta property=\"og:description\" content=\"Comptez environ 900 \u00e0 2 800 \u20ac pose comprise pour un climatiseur fixe mono-split r\u00e9versible (une pi\u00e8ce), et de 3 000 \u00e0 plus de 8 000 \u20ac pour un multi-split\" \/>\n<meta property=\"og:url\" content=\"https:\/\/maison-du-midi.fr\/blog\/conseils-pratiques-et-diy\/ete-au-frais\/combien-coute-linstallation-dune-climatisation-fixe\/\" \/>\n<meta property=\"og:site_name\" content=\"maison-du-midi\" \/>\n<meta name=\"author\" content=\"Antoine Bernard\" \/>\n<meta name=\"twitter:card\" content=\"summary_large_image\" \/>\n<script type=\"application\/ld+json\" class=\"yoast-schema-graph\">{\"@context\":\"https:\/\/schema.org\",\"@graph\":[{\"@type\":\"NewsArticle\",\"@id\":\"https:\/\/maison-du-midi.fr\/blog\/conseils-pratiques-et-diy\/ete-au-frais\/combien-coute-linstallation-dune-climatisation-fixe\/#article\",\"isPartOf\":{\"@id\":\"https:\/\/maison-du-midi.fr\/blog\/conseils-pratiques-et-diy\/ete-au-frais\/combien-coute-linstallation-dune-climatisation-fixe\/\"},\"author\":{\"name\":\"Antoine Bernard\",\"@id\":\"https:\/\/maison-du-midi.fr\/blog\/#\/schema\/person\/c0ae6942e0cc8b6ebd58dada6ee6c2af\"},\"headline\":\"Combien co\u00fbte l&rsquo;installation d&rsquo;une climatisation fixe ?\",\"datePublished\":\"2026-07-16T13:33:21+00:00\",\"dateModified\":\"2026-07-16T13:35:25+00:00\",\"mainEntityOfPage\":{\"@id\":\"https:\/\/maison-du-midi.fr\/blog\/conseils-pratiques-et-diy\/ete-au-frais\/combien-coute-linstallation-dune-climatisation-fixe\/\"},\"wordCount\":474,\"commentCount\":0,\"publisher\":{\"@id\":\"https:\/\/maison-du-midi.fr\/blog\/#organization\"},\"image\":{\"@id\":\"https:\/\/maison-du-midi.fr\/blog\/conseils-pratiques-et-diy\/ete-au-frais\/combien-coute-linstallation-dune-climatisation-fixe\/#primaryimage\"},\"thumbnailUrl\":\"https:\/\/images.pexels.com\/photos\/17626457\/pexels-photo-17626457.jpeg?auto=compress&cs=tinysrgb&fit=crop&h=627&w=1200\",\"articleSection\":[\"L'\u00e9t\u00e9 au frais\"],\"inLanguage\":\"fr-FR\",\"potentialAction\":[{\"@type\":\"CommentAction\",\"name\":\"Comment\",\"target\":[\"https:\/\/maison-du-midi.fr\/blog\/conseils-pratiques-et-diy\/ete-au-frais\/combien-coute-linstallation-dune-climatisation-fixe\/#respond\"]}]},{\"@type\":\"WebPage\",\"@id\":\"https:\/\/maison-du-midi.fr\/blog\/conseils-pratiques-et-diy\/ete-au-frais\/combien-coute-linstallation-dune-climatisation-fixe\/\",\"url\":\"https:\/\/maison-du-midi.fr\/blog\/conseils-pratiques-et-diy\/ete-au-frais\/combien-coute-linstallation-dune-climatisation-fixe\/\",\"name\":\"Combien co\u00fbte l'installation d'une climatisation fixe ?\",\"isPartOf\":{\"@id\":\"https:\/\/maison-du-midi.fr\/blog\/#website\"},\"primaryImageOfPage\":{\"@id\":\"https:\/\/maison-du-midi.fr\/blog\/conseils-pratiques-et-diy\/ete-au-frais\/combien-coute-linstallation-dune-climatisation-fixe\/#primaryimage\"},\"image\":{\"@id\":\"https:\/\/maison-du-midi.fr\/blog\/conseils-pratiques-et-diy\/ete-au-frais\/combien-coute-linstallation-dune-climatisation-fixe\/#primaryimage\"},\"thumbnailUrl\":\"https:\/\/images.pexels.com\/photos\/17626457\/pexels-photo-17626457.jpeg?auto=compress&cs=tinysrgb&fit=crop&h=627&w=1200\",\"datePublished\":\"2026-07-16T13:33:21+00:00\",\"dateModified\":\"2026-07-16T13:35:25+00:00\",\"description\":\"Comptez environ 900 \u00e0 2 800 \u20ac pose comprise pour un climatiseur fixe mono-split r\u00e9versible (une pi\u00e8ce), et de 3 000 \u00e0 plus de 8 000 \u20ac pour un multi-split\",\"inLanguage\":\"fr-FR\",\"potentialAction\":[{\"@type\":\"ReadAction\",\"target\":[\"https:\/\/maison-du-midi.fr\/blog\/conseils-pratiques-et-diy\/ete-au-frais\/combien-coute-linstallation-dune-climatisation-fixe\/\"]}]},{\"@type\":\"ImageObject\",\"inLanguage\":\"fr-FR\",\"@id\":\"https:\/\/maison-du-midi.fr\/blog\/conseils-pratiques-et-diy\/ete-au-frais\/combien-coute-linstallation-dune-climatisation-fixe\/#primaryimage\",\"url\":\"https:\/\/images.pexels.com\/photos\/17626457\/pexels-photo-17626457.jpeg?auto=compress&cs=tinysrgb&fit=crop&h=627&w=1200\",\"contentUrl\":\"https:\/\/images.pexels.com\/photos\/17626457\/pexels-photo-17626457.jpeg?auto=compress&cs=tinysrgb&fit=crop&h=627&w=1200\"},{\"@type\":\"WebSite\",\"@id\":\"https:\/\/maison-du-midi.fr\/blog\/#website\",\"url\":\"https:\/\/maison-du-midi.fr\/blog\/\",\"name\":\"maison-du-midi.fr\",\"description\":\"Maison du Midi, l&#039;\u00e9l\u00e9gance du terroir\",\"publisher\":{\"@id\":\"https:\/\/maison-du-midi.fr\/blog\/#organization\"},\"alternateName\":\"Maison du Midi, l'\u00e9l\u00e9gance du terroir\",\"potentialAction\":[{\"@type\":\"SearchAction\",\"target\":{\"@type\":\"EntryPoint\",\"urlTemplate\":\"https:\/\/maison-du-midi.fr\/blog\/?s={search_term_string}\"},\"query-input\":{\"@type\":\"PropertyValueSpecification\",\"valueRequired\":true,\"valueName\":\"search_term_string\"}}],\"inLanguage\":\"fr-FR\"},{\"@type\":\"Organization\",\"@id\":\"https:\/\/maison-du-midi.fr\/blog\/#organization\",\"name\":\"Foretsensations.fr\",\"url\":\"https:\/\/maison-du-midi.fr\/blog\/\",\"logo\":{\"@type\":\"ImageObject\",\"inLanguage\":\"fr-FR\",\"@id\":\"https:\/\/maison-du-midi.fr\/blog\/#\/schema\/logo\/image\/\",\"url\":\"https:\/\/maison-du-midi.fr\/blog\/wp-content\/uploads\/2026\/07\/logo-auto.png\",\"contentUrl\":\"https:\/\/maison-du-midi.fr\/blog\/wp-content\/uploads\/2026\/07\/logo-auto.png\",\"width\":1024,\"height\":1024,\"caption\":\"Foretsensations.fr\"},\"image\":{\"@id\":\"https:\/\/maison-du-midi.fr\/blog\/#\/schema\/logo\/image\/\"}},{\"@type\":\"Person\",\"@id\":\"https:\/\/maison-du-midi.fr\/blog\/#\/schema\/person\/c0ae6942e0cc8b6ebd58dada6ee6c2af\",\"name\":\"Antoine Bernard\",\"image\":{\"@type\":\"ImageObject\",\"inLanguage\":\"fr-FR\",\"@id\":\"https:\/\/maison-du-midi.fr\/blog\/#\/schema\/person\/image\/\",\"url\":\"https:\/\/secure.gravatar.com\/avatar\/?s=96&d=mm&r=g\",\"contentUrl\":\"https:\/\/secure.gravatar.com\/avatar\/?s=96&d=mm&r=g\",\"caption\":\"Antoine Bernard\"},\"description\":\"Antoine se concentre sur les m\u00e9thodes de construction \u00e9cologiques et les mat\u00e9riaux durables.\",\"url\":\"https:\/\/maison-du-midi.fr\/blog\/auteur\/antoine-bernard\/\",\"jobTitle\":\"Contributeur m\u00e9canique\",\"email\":\"antoine.bernard@autosmythiques57.fr\"}]}<\/script>\n<!-- \/ Yoast SEO Premium plugin. -->","yoast_head_json":{"title":"Combien co\u00fbte l'installation d'une climatisation fixe ?","description":"Comptez environ 900 \u00e0 2 800 \u20ac pose comprise pour un climatiseur fixe mono-split r\u00e9versible (une pi\u00e8ce), et de 3 000 \u00e0 plus de 8 000 \u20ac pour un multi-split","robots":{"index":"index","follow":"follow","max-snippet":"max-snippet:-1","max-image-preview":"max-image-preview:large","max-video-preview":"max-video-preview:-1"},"canonical":"https:\/\/maison-du-midi.fr\/blog\/conseils-pratiques-et-diy\/ete-au-frais\/combien-coute-linstallation-dune-climatisation-fixe\/","og_locale":"fr_FR","og_type":"article","og_title":"Combien co\u00fbte l'installation d'une climatisation fixe ?","og_description":"Comptez environ 900 \u00e0 2 800 \u20ac pose comprise pour un climatiseur fixe mono-split r\u00e9versible (une pi\u00e8ce), et de 3 000 \u00e0 plus de 8 000 \u20ac pour un multi-split","og_url":"https:\/\/maison-du-midi.fr\/blog\/conseils-pratiques-et-diy\/ete-au-frais\/combien-coute-linstallation-dune-climatisation-fixe\/","og_site_name":"maison-du-midi","author":"Antoine Bernard","twitter_card":"summary_large_image","schema":{"@context":"https:\/\/schema.org","@graph":[{"@type":"NewsArticle","@id":"https:\/\/maison-du-midi.fr\/blog\/conseils-pratiques-et-diy\/ete-au-frais\/combien-coute-linstallation-dune-climatisation-fixe\/#article","isPartOf":{"@id":"https:\/\/maison-du-midi.fr\/blog\/conseils-pratiques-et-diy\/ete-au-frais\/combien-coute-linstallation-dune-climatisation-fixe\/"},"author":{"name":"Antoine Bernard","@id":"https:\/\/maison-du-midi.fr\/blog\/#\/schema\/person\/c0ae6942e0cc8b6ebd58dada6ee6c2af"},"headline":"Combien co\u00fbte l&rsquo;installation d&rsquo;une climatisation fixe ?","datePublished":"2026-07-16T13:33:21+00:00","dateModified":"2026-07-16T13:35:25+00:00","mainEntityOfPage":{"@id":"https:\/\/maison-du-midi.fr\/blog\/conseils-pratiques-et-diy\/ete-au-frais\/combien-coute-linstallation-dune-climatisation-fixe\/"},"wordCount":474,"commentCount":0,"publisher":{"@id":"https:\/\/maison-du-midi.fr\/blog\/#organization"},"image":{"@id":"https:\/\/maison-du-midi.fr\/blog\/conseils-pratiques-et-diy\/ete-au-frais\/combien-coute-linstallation-dune-climatisation-fixe\/#primaryimage"},"thumbnailUrl":"https:\/\/images.pexels.com\/photos\/17626457\/pexels-photo-17626457.jpeg?auto=compress&cs=tinysrgb&fit=crop&h=627&w=1200","articleSection":["L'\u00e9t\u00e9 au frais"],"inLanguage":"fr-FR","potentialAction":[{"@type":"CommentAction","name":"Comment","target":["https:\/\/maison-du-midi.fr\/blog\/conseils-pratiques-et-diy\/ete-au-frais\/combien-coute-linstallation-dune-climatisation-fixe\/#respond"]}]},{"@type":"WebPage","@id":"https:\/\/maison-du-midi.fr\/blog\/conseils-pratiques-et-diy\/ete-au-frais\/combien-coute-linstallation-dune-climatisation-fixe\/","url":"https:\/\/maison-du-midi.fr\/blog\/conseils-pratiques-et-diy\/ete-au-frais\/combien-coute-linstallation-dune-climatisation-fixe\/","name":"Combien co\u00fbte l'installation d'une climatisation fixe ?","isPartOf":{"@id":"https:\/\/maison-du-midi.fr\/blog\/#website"},"primaryImageOfPage":{"@id":"https:\/\/maison-du-midi.fr\/blog\/conseils-pratiques-et-diy\/ete-au-frais\/combien-coute-linstallation-dune-climatisation-fixe\/#primaryimage"},"image":{"@id":"https:\/\/maison-du-midi.fr\/blog\/conseils-pratiques-et-diy\/ete-au-frais\/combien-coute-linstallation-dune-climatisation-fixe\/#primaryimage"},"thumbnailUrl":"https:\/\/images.pexels.com\/photos\/17626457\/pexels-photo-17626457.jpeg?auto=compress&cs=tinysrgb&fit=crop&h=627&w=1200","datePublished":"2026-07-16T13:33:21+00:00","dateModified":"2026-07-16T13:35:25+00:00","description":"Comptez environ 900 \u00e0 2 800 \u20ac pose comprise pour un climatiseur fixe mono-split r\u00e9versible (une pi\u00e8ce), et de 3 000 \u00e0 plus de 8 000 \u20ac pour un multi-split","inLanguage":"fr-FR","potentialAction":[{"@type":"ReadAction","target":["https:\/\/maison-du-midi.fr\/blog\/conseils-pratiques-et-diy\/ete-au-frais\/combien-coute-linstallation-dune-climatisation-fixe\/"]}]},{"@type":"ImageObject","inLanguage":"fr-FR","@id":"https:\/\/maison-du-midi.fr\/blog\/conseils-pratiques-et-diy\/ete-au-frais\/combien-coute-linstallation-dune-climatisation-fixe\/#primaryimage","url":"https:\/\/images.pexels.com\/photos\/17626457\/pexels-photo-17626457.jpeg?auto=compress&cs=tinysrgb&fit=crop&h=627&w=1200","contentUrl":"https:\/\/images.pexels.com\/photos\/17626457\/pexels-photo-17626457.jpeg?auto=compress&cs=tinysrgb&fit=crop&h=627&w=1200"},{"@type":"WebSite","@id":"https:\/\/maison-du-midi.fr\/blog\/#website","url":"https:\/\/maison-du-midi.fr\/blog\/","name":"maison-du-midi.fr","description":"Maison du Midi, l&#039;\u00e9l\u00e9gance du terroir","publisher":{"@id":"https:\/\/maison-du-midi.fr\/blog\/#organization"},"alternateName":"Maison du Midi, l'\u00e9l\u00e9gance du terroir","potentialAction":[{"@type":"SearchAction","target":{"@type":"EntryPoint","urlTemplate":"https:\/\/maison-du-midi.fr\/blog\/?s={search_term_string}"},"query-input":{"@type":"PropertyValueSpecification","valueRequired":true,"valueName":"search_term_string"}}],"inLanguage":"fr-FR"},{"@type":"Organization","@id":"https:\/\/maison-du-midi.fr\/blog\/#organization","name":"Foretsensations.fr","url":"https:\/\/maison-du-midi.fr\/blog\/","logo":{"@type":"ImageObject","inLanguage":"fr-FR","@id":"https:\/\/maison-du-midi.fr\/blog\/#\/schema\/logo\/image\/","url":"https:\/\/maison-du-midi.fr\/blog\/wp-content\/uploads\/2026\/07\/logo-auto.png","contentUrl":"https:\/\/maison-du-midi.fr\/blog\/wp-content\/uploads\/2026\/07\/logo-auto.png","width":1024,"height":1024,"caption":"Foretsensations.fr"},"image":{"@id":"https:\/\/maison-du-midi.fr\/blog\/#\/schema\/logo\/image\/"}},{"@type":"Person","@id":"https:\/\/maison-du-midi.fr\/blog\/#\/schema\/person\/c0ae6942e0cc8b6ebd58dada6ee6c2af","name":"Antoine Bernard","image":{"@type":"ImageObject","inLanguage":"fr-FR","@id":"https:\/\/maison-du-midi.fr\/blog\/#\/schema\/person\/image\/","url":"https:\/\/secure.gravatar.com\/avatar\/?s=96&d=mm&r=g","contentUrl":"https:\/\/secure.gravatar.com\/avatar\/?s=96&d=mm&r=g","caption":"Antoine Bernard"},"description":"Antoine se concentre sur les m\u00e9thodes de construction \u00e9cologiques et les mat\u00e9riaux durables.","url":"https:\/\/maison-du-midi.fr\/blog\/auteur\/antoine-bernard\/","jobTitle":"Contributeur m\u00e9canique","email":"antoine.bernard@autosmythiques57.fr"}]}},"_links":{"self":[{"href":"https:\/\/maison-du-midi.fr\/blog\/wp-json\/wp\/v2\/posts\/7616","targetHints":{"allow":["GET"]}}],"collection":[{"href":"https:\/\/maison-du-midi.fr\/blog\/wp-json\/wp\/v2\/posts"}],"about":[{"href":"https:\/\/maison-du-midi.fr\/blog\/wp-json\/wp\/v2\/types\/post"}],"author":[{"embeddable":true,"href":"https:\/\/maison-du-midi.fr\/blog\/wp-json\/wp\/v2\/users\/42"}],"replies":[{"embeddable":true,"href":"https:\/\/maison-du-midi.fr\/blog\/wp-json\/wp\/v2\/comments?post=7616"}],"version-history":[{"count":1,"href":"https:\/\/maison-du-midi.fr\/blog\/wp-json\/wp\/v2\/posts\/7616\/revisions"}],"predecessor-version":[{"id":7628,"href":"https:\/\/maison-du-midi.fr\/blog\/wp-json\/wp\/v2\/posts\/7616\/revisions\/7628"}],"wp:attachment":[{"href":"https:\/\/maison-du-midi.fr\/blog\/wp-json\/wp\/v2\/media?parent=7616"}],"wp:term":[{"taxonomy":"category","embeddable":true,"href":"https:\/\/maison-du-midi.fr\/blog\/wp-json\/wp\/v2\/categories?post=7616"},{"taxonomy":"post_tag","embeddable":true,"href":"https:\/\/maison-du-midi.fr\/blog\/wp-json\/wp\/v2\/tags?post=7616"}],"curies":[{"name":"wp","href":"https:\/\/api.w.org\/{rel}","templated":true}]}}