{"id":7617,"date":"2026-07-16T15:33:26","date_gmt":"2026-07-16T13:33:26","guid":{"rendered":"https:\/\/maison-du-midi.fr\/blog\/conseils-pratiques-et-diy\/ete-au-frais\/peut-on-installer-une-climatisation-en-copropriete\/"},"modified":"2026-07-16T15:35:37","modified_gmt":"2026-07-16T13:35:37","slug":"peut-on-installer-une-climatisation-en-copropriete","status":"publish","type":"post","link":"https:\/\/maison-du-midi.fr\/blog\/conseils-pratiques-et-diy\/ete-au-frais\/peut-on-installer-une-climatisation-en-copropriete\/","title":{"rendered":"Peut-on installer une climatisation en copropri\u00e9t\u00e9 ?"},"content":{"rendered":"<p><strong>Oui, mais pas librement : d\u00e8s que la climatisation comporte une unit\u00e9 ext\u00e9rieure (fa\u00e7ade, balcon, toiture), il faut l&rsquo;autorisation de l&rsquo;assembl\u00e9e g\u00e9n\u00e9rale des copropri\u00e9taires, vot\u00e9e \u00e0 la majorit\u00e9 absolue de l&rsquo;article 25 de la loi du 10 juillet 1965, et le plus souvent une d\u00e9claration pr\u00e9alable de travaux en mairie puisque l&rsquo;aspect ext\u00e9rieur de l&rsquo;immeuble est modifi\u00e9.<\/strong> Installer sans accord expose \u00e0 une remise en \u00e9tat \u00e0 vos frais, m\u00eame des ann\u00e9es plus tard.<\/p>\n<h2>Les d\u00e9marches dans l&rsquo;ordre<\/h2>\n<table>\n<tr>\n<th>\u00c9tape<\/th>\n<th>Aupr\u00e8s de qui<\/th>\n<th>Point cl\u00e9<\/th>\n<\/tr>\n<tr>\n<td>1. Lire le r\u00e8glement de copropri\u00e9t\u00e9<\/td>\n<td>Syndic<\/td>\n<td>Certains r\u00e8glements interdisent ou encadrent d\u00e9j\u00e0 les unit\u00e9s en fa\u00e7ade<\/td>\n<\/tr>\n<tr>\n<td>2. Demander l&rsquo;inscription \u00e0 l&rsquo;ordre du jour de l&rsquo;AG<\/td>\n<td>Syndic (lettre recommand\u00e9e)<\/td>\n<td>Joindre plan, photo, fiche technique et niveau sonore<\/td>\n<\/tr>\n<tr>\n<td>3. Vote en assembl\u00e9e g\u00e9n\u00e9rale<\/td>\n<td>Copropri\u00e9taires<\/td>\n<td>Majorit\u00e9 absolue (art. 25) : majorit\u00e9 des voix de tous les copropri\u00e9taires<\/td>\n<\/tr>\n<tr>\n<td>4. D\u00e9claration pr\u00e9alable de travaux<\/td>\n<td>Mairie<\/td>\n<td>Obligatoire si l&rsquo;installation modifie l&rsquo;aspect ext\u00e9rieur ; contraintes renforc\u00e9es en secteur prot\u00e9g\u00e9<\/td>\n<\/tr>\n<\/table>\n<h2>Pourquoi l&rsquo;accord est n\u00e9cessaire<\/h2>\n<p>La fa\u00e7ade, les balcons dans la plupart des r\u00e8glements et la toiture sont des parties communes : y fixer un appareil, percer pour la liaison frigorifique ou modifier l&rsquo;esth\u00e9tique de l&rsquo;immeuble touche \u00e0 la copropri\u00e9t\u00e9, pas seulement \u00e0 votre lot. Le bruit de l&rsquo;unit\u00e9 ext\u00e9rieure est l&rsquo;autre point sensible : un voisinage g\u00ean\u00e9 peut agir m\u00eame apr\u00e8s un vote favorable, d&rsquo;o\u00f9 l&rsquo;int\u00e9r\u00eat de choisir un mod\u00e8le silencieux et bien plac\u00e9.<\/p>\n<h2>Les solutions sans unit\u00e9 ext\u00e9rieure<\/h2>\n<p>Un climatiseur mobile ne demande aucune autorisation tant que rien n&rsquo;est fix\u00e9 \u00e0 l&rsquo;ext\u00e9rieur (le tuyau passe par la fen\u00eatre). Les climatiseurs \u00ab monobloc fixe \u00bb \u00e0 double grille en fa\u00e7ade percent le mur : ils redeviennent soumis \u00e0 autorisation. En location, l&rsquo;accord \u00e9crit du propri\u00e9taire est de toute fa\u00e7on requis pour tous travaux de pose fixes.<\/p>\n<details>\n<summary>Que risque-t-on \u00e0 installer sans autorisation ?<\/summary>\n<p>Le syndicat des copropri\u00e9taires peut exiger la d\u00e9pose et la remise en \u00e9tat de la fa\u00e7ade \u00e0 vos frais, y compris par voie judiciaire. La r\u00e9gularisation a posteriori en AG est possible mais jamais garantie.<\/p>\n<\/details>\n<details>\n<summary>Un locataire peut-il faire installer une clim fixe ?<\/summary>\n<p>Uniquement avec l&rsquo;accord \u00e9crit du propri\u00e9taire \u2014 qui devra lui-m\u00eame obtenir celui de la copropri\u00e9t\u00e9 pour l&rsquo;unit\u00e9 ext\u00e9rieure. Le mobile reste la solution sans d\u00e9marche.<\/p>\n<\/details>\n<details>\n<summary>Combien de temps prennent les d\u00e9marches ?<\/summary>\n<p>L&rsquo;AG ordinaire n&rsquo;a lieu qu&rsquo;une fois par an : anticipez de plusieurs mois, ou demandez une AG extraordinaire (\u00e0 vos frais). La d\u00e9claration pr\u00e9alable en mairie s&rsquo;instruit en g\u00e9n\u00e9ral sous un mois, davantage en secteur prot\u00e9g\u00e9.<\/p>\n<\/details>\n<details>\n<summary>O\u00f9 placer l&rsquo;unit\u00e9 int\u00e9rieure dans l&rsquo;appartement ?<\/summary>\n<p>En hauteur, sur un mur d\u00e9gag\u00e9 de la pi\u00e8ce principale, loin des sources de chaleur, et de fa\u00e7on \u00e0 ce que le flux d&rsquo;air ne souffle pas directement sur le canap\u00e9 ou le lit \u2014 votre installateur validera l&#8217;emplacement avec la liaison la plus courte possible.<\/p>\n<\/details>\n<h2>\u00c0 lire aussi<\/h2>\n<ul>\n<li><a href=\"https:\/\/maison-du-midi.fr\/blog\/conseils-pratiques-et-diy\/ete-au-frais\/comment-garder-sa-maison-fraiche-en-ete\/\">Comment garder sa maison fra\u00eeche en \u00e9t\u00e9 ?<\/a> \u2014 le guide complet du cocon<\/li>\n<li><a href=\"https:\/\/maison-du-midi.fr\/blog\/conseils-pratiques-et-diy\/ete-au-frais\/combien-coute-linstallation-dune-climatisation-fixe\/\">Combien co\u00fbte l&rsquo;installation d&rsquo;une climatisation fixe ?<\/a><\/li>\n<li><a href=\"https:\/\/maison-du-midi.fr\/blog\/conseils-pratiques-et-diy\/ete-au-frais\/climatiseur-mobile-a-quoi-sert-le-tuyau-devacuation\/\">Climatiseur mobile : \u00e0 quoi sert le tuyau d&rsquo;\u00e9vacuation ?<\/a><\/li>\n<li><a href=\"https:\/\/maison-du-midi.fr\/blog\/conseils-pratiques-et-diy\/ete-au-frais\/a-quelle-temperature-regler-sa-climatisation-en-ete\/\">\u00c0 quelle temp\u00e9rature r\u00e9gler sa climatisation en \u00e9t\u00e9 ?<\/a><\/li>\n<\/ul>\n","protected":false},"excerpt":{"rendered":"","protected":false},"author":42,"featured_media":999999999,"comment_status":"open","ping_status":"open","sticky":false,"template":"","format":"standard","meta":{"_acf_changed":false,"manual_indexmenow":false,"indexmenow_id_project":0,"footnotes":""},"categories":[4626],"tags":[],"class_list":["post-7617","post","type-post","status-publish","format-standard","has-post-thumbnail","hentry","category-ete-au-frais","generate-columns","tablet-grid-50","mobile-grid-100","grid-parent","grid-25"],"acf":[],"yoast_head":"<!-- This site is optimized with the Yoast SEO Premium plugin v21.3 (Yoast SEO v26.5) - https:\/\/yoast.com\/wordpress\/plugins\/seo\/ -->\n<title>Peut-on installer une climatisation en copropri\u00e9t\u00e9 ?<\/title>\n<meta name=\"description\" content=\"Oui, mais pas librement : d\u00e8s que la climatisation comporte une unit\u00e9 ext\u00e9rieure (fa\u00e7ade, balcon, toiture), il faut l&#039;autorisation de l&#039;assembl\u00e9e g\u00e9n\u00e9rale\" \/>\n<meta name=\"robots\" content=\"index, follow, max-snippet:-1, max-image-preview:large, max-video-preview:-1\" \/>\n<link rel=\"canonical\" href=\"https:\/\/maison-du-midi.fr\/blog\/conseils-pratiques-et-diy\/ete-au-frais\/peut-on-installer-une-climatisation-en-copropriete\/\" \/>\n<meta property=\"og:locale\" content=\"fr_FR\" \/>\n<meta property=\"og:type\" content=\"article\" \/>\n<meta property=\"og:title\" content=\"Peut-on installer une climatisation en copropri\u00e9t\u00e9 ?\" \/>\n<meta property=\"og:description\" content=\"Oui, mais pas librement : d\u00e8s que la climatisation comporte une unit\u00e9 ext\u00e9rieure (fa\u00e7ade, balcon, toiture), il faut l&#039;autorisation de l&#039;assembl\u00e9e g\u00e9n\u00e9rale\" \/>\n<meta property=\"og:url\" content=\"https:\/\/maison-du-midi.fr\/blog\/conseils-pratiques-et-diy\/ete-au-frais\/peut-on-installer-une-climatisation-en-copropriete\/\" \/>\n<meta property=\"og:site_name\" content=\"maison-du-midi\" \/>\n<meta name=\"author\" content=\"Antoine Bernard\" \/>\n<meta name=\"twitter:card\" content=\"summary_large_image\" \/>\n<script type=\"application\/ld+json\" class=\"yoast-schema-graph\">{\"@context\":\"https:\/\/schema.org\",\"@graph\":[{\"@type\":\"NewsArticle\",\"@id\":\"https:\/\/maison-du-midi.fr\/blog\/conseils-pratiques-et-diy\/ete-au-frais\/peut-on-installer-une-climatisation-en-copropriete\/#article\",\"isPartOf\":{\"@id\":\"https:\/\/maison-du-midi.fr\/blog\/conseils-pratiques-et-diy\/ete-au-frais\/peut-on-installer-une-climatisation-en-copropriete\/\"},\"author\":{\"name\":\"Antoine Bernard\",\"@id\":\"https:\/\/maison-du-midi.fr\/blog\/#\/schema\/person\/c0ae6942e0cc8b6ebd58dada6ee6c2af\"},\"headline\":\"Peut-on installer une climatisation en copropri\u00e9t\u00e9 ?\",\"datePublished\":\"2026-07-16T13:33:26+00:00\",\"dateModified\":\"2026-07-16T13:35:37+00:00\",\"mainEntityOfPage\":{\"@id\":\"https:\/\/maison-du-midi.fr\/blog\/conseils-pratiques-et-diy\/ete-au-frais\/peut-on-installer-une-climatisation-en-copropriete\/\"},\"wordCount\":577,\"commentCount\":0,\"publisher\":{\"@id\":\"https:\/\/maison-du-midi.fr\/blog\/#organization\"},\"image\":{\"@id\":\"https:\/\/maison-du-midi.fr\/blog\/conseils-pratiques-et-diy\/ete-au-frais\/peut-on-installer-une-climatisation-en-copropriete\/#primaryimage\"},\"thumbnailUrl\":\"https:\/\/images.pexels.com\/photos\/7189291\/pexels-photo-7189291.jpeg?auto=compress&cs=tinysrgb&fit=crop&h=627&w=1200\",\"articleSection\":[\"L'\u00e9t\u00e9 au frais\"],\"inLanguage\":\"fr-FR\",\"potentialAction\":[{\"@type\":\"CommentAction\",\"name\":\"Comment\",\"target\":[\"https:\/\/maison-du-midi.fr\/blog\/conseils-pratiques-et-diy\/ete-au-frais\/peut-on-installer-une-climatisation-en-copropriete\/#respond\"]}]},{\"@type\":\"WebPage\",\"@id\":\"https:\/\/maison-du-midi.fr\/blog\/conseils-pratiques-et-diy\/ete-au-frais\/peut-on-installer-une-climatisation-en-copropriete\/\",\"url\":\"https:\/\/maison-du-midi.fr\/blog\/conseils-pratiques-et-diy\/ete-au-frais\/peut-on-installer-une-climatisation-en-copropriete\/\",\"name\":\"Peut-on installer une climatisation en copropri\u00e9t\u00e9 ?\",\"isPartOf\":{\"@id\":\"https:\/\/maison-du-midi.fr\/blog\/#website\"},\"primaryImageOfPage\":{\"@id\":\"https:\/\/maison-du-midi.fr\/blog\/conseils-pratiques-et-diy\/ete-au-frais\/peut-on-installer-une-climatisation-en-copropriete\/#primaryimage\"},\"image\":{\"@id\":\"https:\/\/maison-du-midi.fr\/blog\/conseils-pratiques-et-diy\/ete-au-frais\/peut-on-installer-une-climatisation-en-copropriete\/#primaryimage\"},\"thumbnailUrl\":\"https:\/\/images.pexels.com\/photos\/7189291\/pexels-photo-7189291.jpeg?auto=compress&cs=tinysrgb&fit=crop&h=627&w=1200\",\"datePublished\":\"2026-07-16T13:33:26+00:00\",\"dateModified\":\"2026-07-16T13:35:37+00:00\",\"description\":\"Oui, mais pas librement : d\u00e8s que la climatisation comporte une unit\u00e9 ext\u00e9rieure (fa\u00e7ade, balcon, toiture), il faut l'autorisation de l'assembl\u00e9e g\u00e9n\u00e9rale\",\"inLanguage\":\"fr-FR\",\"potentialAction\":[{\"@type\":\"ReadAction\",\"target\":[\"https:\/\/maison-du-midi.fr\/blog\/conseils-pratiques-et-diy\/ete-au-frais\/peut-on-installer-une-climatisation-en-copropriete\/\"]}]},{\"@type\":\"ImageObject\",\"inLanguage\":\"fr-FR\",\"@id\":\"https:\/\/maison-du-midi.fr\/blog\/conseils-pratiques-et-diy\/ete-au-frais\/peut-on-installer-une-climatisation-en-copropriete\/#primaryimage\",\"url\":\"https:\/\/images.pexels.com\/photos\/7189291\/pexels-photo-7189291.jpeg?auto=compress&cs=tinysrgb&fit=crop&h=627&w=1200\",\"contentUrl\":\"https:\/\/images.pexels.com\/photos\/7189291\/pexels-photo-7189291.jpeg?auto=compress&cs=tinysrgb&fit=crop&h=627&w=1200\"},{\"@type\":\"WebSite\",\"@id\":\"https:\/\/maison-du-midi.fr\/blog\/#website\",\"url\":\"https:\/\/maison-du-midi.fr\/blog\/\",\"name\":\"maison-du-midi.fr\",\"description\":\"Maison du Midi, l&#039;\u00e9l\u00e9gance du terroir\",\"publisher\":{\"@id\":\"https:\/\/maison-du-midi.fr\/blog\/#organization\"},\"alternateName\":\"Maison du Midi, l'\u00e9l\u00e9gance du terroir\",\"potentialAction\":[{\"@type\":\"SearchAction\",\"target\":{\"@type\":\"EntryPoint\",\"urlTemplate\":\"https:\/\/maison-du-midi.fr\/blog\/?s={search_term_string}\"},\"query-input\":{\"@type\":\"PropertyValueSpecification\",\"valueRequired\":true,\"valueName\":\"search_term_string\"}}],\"inLanguage\":\"fr-FR\"},{\"@type\":\"Organization\",\"@id\":\"https:\/\/maison-du-midi.fr\/blog\/#organization\",\"name\":\"Foretsensations.fr\",\"url\":\"https:\/\/maison-du-midi.fr\/blog\/\",\"logo\":{\"@type\":\"ImageObject\",\"inLanguage\":\"fr-FR\",\"@id\":\"https:\/\/maison-du-midi.fr\/blog\/#\/schema\/logo\/image\/\",\"url\":\"https:\/\/maison-du-midi.fr\/blog\/wp-content\/uploads\/2026\/07\/logo-auto.png\",\"contentUrl\":\"https:\/\/maison-du-midi.fr\/blog\/wp-content\/uploads\/2026\/07\/logo-auto.png\",\"width\":1024,\"height\":1024,\"caption\":\"Foretsensations.fr\"},\"image\":{\"@id\":\"https:\/\/maison-du-midi.fr\/blog\/#\/schema\/logo\/image\/\"}},{\"@type\":\"Person\",\"@id\":\"https:\/\/maison-du-midi.fr\/blog\/#\/schema\/person\/c0ae6942e0cc8b6ebd58dada6ee6c2af\",\"name\":\"Antoine Bernard\",\"image\":{\"@type\":\"ImageObject\",\"inLanguage\":\"fr-FR\",\"@id\":\"https:\/\/maison-du-midi.fr\/blog\/#\/schema\/person\/image\/\",\"url\":\"https:\/\/secure.gravatar.com\/avatar\/?s=96&d=mm&r=g\",\"contentUrl\":\"https:\/\/secure.gravatar.com\/avatar\/?s=96&d=mm&r=g\",\"caption\":\"Antoine Bernard\"},\"description\":\"Antoine se concentre sur les m\u00e9thodes de construction \u00e9cologiques et les mat\u00e9riaux durables.\",\"url\":\"https:\/\/maison-du-midi.fr\/blog\/auteur\/antoine-bernard\/\",\"jobTitle\":\"Contributeur m\u00e9canique\",\"email\":\"antoine.bernard@autosmythiques57.fr\"}]}<\/script>\n<!-- \/ Yoast SEO Premium plugin. -->","yoast_head_json":{"title":"Peut-on installer une climatisation en copropri\u00e9t\u00e9 ?","description":"Oui, mais pas librement : d\u00e8s que la climatisation comporte une unit\u00e9 ext\u00e9rieure (fa\u00e7ade, balcon, toiture), il faut l'autorisation de l'assembl\u00e9e g\u00e9n\u00e9rale","robots":{"index":"index","follow":"follow","max-snippet":"max-snippet:-1","max-image-preview":"max-image-preview:large","max-video-preview":"max-video-preview:-1"},"canonical":"https:\/\/maison-du-midi.fr\/blog\/conseils-pratiques-et-diy\/ete-au-frais\/peut-on-installer-une-climatisation-en-copropriete\/","og_locale":"fr_FR","og_type":"article","og_title":"Peut-on installer une climatisation en copropri\u00e9t\u00e9 ?","og_description":"Oui, mais pas librement : d\u00e8s que la climatisation comporte une unit\u00e9 ext\u00e9rieure (fa\u00e7ade, balcon, toiture), il faut l'autorisation de l'assembl\u00e9e g\u00e9n\u00e9rale","og_url":"https:\/\/maison-du-midi.fr\/blog\/conseils-pratiques-et-diy\/ete-au-frais\/peut-on-installer-une-climatisation-en-copropriete\/","og_site_name":"maison-du-midi","author":"Antoine Bernard","twitter_card":"summary_large_image","schema":{"@context":"https:\/\/schema.org","@graph":[{"@type":"NewsArticle","@id":"https:\/\/maison-du-midi.fr\/blog\/conseils-pratiques-et-diy\/ete-au-frais\/peut-on-installer-une-climatisation-en-copropriete\/#article","isPartOf":{"@id":"https:\/\/maison-du-midi.fr\/blog\/conseils-pratiques-et-diy\/ete-au-frais\/peut-on-installer-une-climatisation-en-copropriete\/"},"author":{"name":"Antoine Bernard","@id":"https:\/\/maison-du-midi.fr\/blog\/#\/schema\/person\/c0ae6942e0cc8b6ebd58dada6ee6c2af"},"headline":"Peut-on installer une climatisation en copropri\u00e9t\u00e9 ?","datePublished":"2026-07-16T13:33:26+00:00","dateModified":"2026-07-16T13:35:37+00:00","mainEntityOfPage":{"@id":"https:\/\/maison-du-midi.fr\/blog\/conseils-pratiques-et-diy\/ete-au-frais\/peut-on-installer-une-climatisation-en-copropriete\/"},"wordCount":577,"commentCount":0,"publisher":{"@id":"https:\/\/maison-du-midi.fr\/blog\/#organization"},"image":{"@id":"https:\/\/maison-du-midi.fr\/blog\/conseils-pratiques-et-diy\/ete-au-frais\/peut-on-installer-une-climatisation-en-copropriete\/#primaryimage"},"thumbnailUrl":"https:\/\/images.pexels.com\/photos\/7189291\/pexels-photo-7189291.jpeg?auto=compress&cs=tinysrgb&fit=crop&h=627&w=1200","articleSection":["L'\u00e9t\u00e9 au frais"],"inLanguage":"fr-FR","potentialAction":[{"@type":"CommentAction","name":"Comment","target":["https:\/\/maison-du-midi.fr\/blog\/conseils-pratiques-et-diy\/ete-au-frais\/peut-on-installer-une-climatisation-en-copropriete\/#respond"]}]},{"@type":"WebPage","@id":"https:\/\/maison-du-midi.fr\/blog\/conseils-pratiques-et-diy\/ete-au-frais\/peut-on-installer-une-climatisation-en-copropriete\/","url":"https:\/\/maison-du-midi.fr\/blog\/conseils-pratiques-et-diy\/ete-au-frais\/peut-on-installer-une-climatisation-en-copropriete\/","name":"Peut-on installer une climatisation en copropri\u00e9t\u00e9 ?","isPartOf":{"@id":"https:\/\/maison-du-midi.fr\/blog\/#website"},"primaryImageOfPage":{"@id":"https:\/\/maison-du-midi.fr\/blog\/conseils-pratiques-et-diy\/ete-au-frais\/peut-on-installer-une-climatisation-en-copropriete\/#primaryimage"},"image":{"@id":"https:\/\/maison-du-midi.fr\/blog\/conseils-pratiques-et-diy\/ete-au-frais\/peut-on-installer-une-climatisation-en-copropriete\/#primaryimage"},"thumbnailUrl":"https:\/\/images.pexels.com\/photos\/7189291\/pexels-photo-7189291.jpeg?auto=compress&cs=tinysrgb&fit=crop&h=627&w=1200","datePublished":"2026-07-16T13:33:26+00:00","dateModified":"2026-07-16T13:35:37+00:00","description":"Oui, mais pas librement : d\u00e8s que la climatisation comporte une unit\u00e9 ext\u00e9rieure (fa\u00e7ade, balcon, toiture), il faut l'autorisation de l'assembl\u00e9e g\u00e9n\u00e9rale","inLanguage":"fr-FR","potentialAction":[{"@type":"ReadAction","target":["https:\/\/maison-du-midi.fr\/blog\/conseils-pratiques-et-diy\/ete-au-frais\/peut-on-installer-une-climatisation-en-copropriete\/"]}]},{"@type":"ImageObject","inLanguage":"fr-FR","@id":"https:\/\/maison-du-midi.fr\/blog\/conseils-pratiques-et-diy\/ete-au-frais\/peut-on-installer-une-climatisation-en-copropriete\/#primaryimage","url":"https:\/\/images.pexels.com\/photos\/7189291\/pexels-photo-7189291.jpeg?auto=compress&cs=tinysrgb&fit=crop&h=627&w=1200","contentUrl":"https:\/\/images.pexels.com\/photos\/7189291\/pexels-photo-7189291.jpeg?auto=compress&cs=tinysrgb&fit=crop&h=627&w=1200"},{"@type":"WebSite","@id":"https:\/\/maison-du-midi.fr\/blog\/#website","url":"https:\/\/maison-du-midi.fr\/blog\/","name":"maison-du-midi.fr","description":"Maison du Midi, l&#039;\u00e9l\u00e9gance du terroir","publisher":{"@id":"https:\/\/maison-du-midi.fr\/blog\/#organization"},"alternateName":"Maison du Midi, l'\u00e9l\u00e9gance du terroir","potentialAction":[{"@type":"SearchAction","target":{"@type":"EntryPoint","urlTemplate":"https:\/\/maison-du-midi.fr\/blog\/?s={search_term_string}"},"query-input":{"@type":"PropertyValueSpecification","valueRequired":true,"valueName":"search_term_string"}}],"inLanguage":"fr-FR"},{"@type":"Organization","@id":"https:\/\/maison-du-midi.fr\/blog\/#organization","name":"Foretsensations.fr","url":"https:\/\/maison-du-midi.fr\/blog\/","logo":{"@type":"ImageObject","inLanguage":"fr-FR","@id":"https:\/\/maison-du-midi.fr\/blog\/#\/schema\/logo\/image\/","url":"https:\/\/maison-du-midi.fr\/blog\/wp-content\/uploads\/2026\/07\/logo-auto.png","contentUrl":"https:\/\/maison-du-midi.fr\/blog\/wp-content\/uploads\/2026\/07\/logo-auto.png","width":1024,"height":1024,"caption":"Foretsensations.fr"},"image":{"@id":"https:\/\/maison-du-midi.fr\/blog\/#\/schema\/logo\/image\/"}},{"@type":"Person","@id":"https:\/\/maison-du-midi.fr\/blog\/#\/schema\/person\/c0ae6942e0cc8b6ebd58dada6ee6c2af","name":"Antoine Bernard","image":{"@type":"ImageObject","inLanguage":"fr-FR","@id":"https:\/\/maison-du-midi.fr\/blog\/#\/schema\/person\/image\/","url":"https:\/\/secure.gravatar.com\/avatar\/?s=96&d=mm&r=g","contentUrl":"https:\/\/secure.gravatar.com\/avatar\/?s=96&d=mm&r=g","caption":"Antoine Bernard"},"description":"Antoine se concentre sur les m\u00e9thodes de construction \u00e9cologiques et les mat\u00e9riaux durables.","url":"https:\/\/maison-du-midi.fr\/blog\/auteur\/antoine-bernard\/","jobTitle":"Contributeur m\u00e9canique","email":"antoine.bernard@autosmythiques57.fr"}]}},"_links":{"self":[{"href":"https:\/\/maison-du-midi.fr\/blog\/wp-json\/wp\/v2\/posts\/7617","targetHints":{"allow":["GET"]}}],"collection":[{"href":"https:\/\/maison-du-midi.fr\/blog\/wp-json\/wp\/v2\/posts"}],"about":[{"href":"https:\/\/maison-du-midi.fr\/blog\/wp-json\/wp\/v2\/types\/post"}],"author":[{"embeddable":true,"href":"https:\/\/maison-du-midi.fr\/blog\/wp-json\/wp\/v2\/users\/42"}],"replies":[{"embeddable":true,"href":"https:\/\/maison-du-midi.fr\/blog\/wp-json\/wp\/v2\/comments?post=7617"}],"version-history":[{"count":1,"href":"https:\/\/maison-du-midi.fr\/blog\/wp-json\/wp\/v2\/posts\/7617\/revisions"}],"predecessor-version":[{"id":7631,"href":"https:\/\/maison-du-midi.fr\/blog\/wp-json\/wp\/v2\/posts\/7617\/revisions\/7631"}],"wp:attachment":[{"href":"https:\/\/maison-du-midi.fr\/blog\/wp-json\/wp\/v2\/media?parent=7617"}],"wp:term":[{"taxonomy":"category","embeddable":true,"href":"https:\/\/maison-du-midi.fr\/blog\/wp-json\/wp\/v2\/categories?post=7617"},{"taxonomy":"post_tag","embeddable":true,"href":"https:\/\/maison-du-midi.fr\/blog\/wp-json\/wp\/v2\/tags?post=7617"}],"curies":[{"name":"wp","href":"https:\/\/api.w.org\/{rel}","templated":true}]}}