{"id":7621,"date":"2026-07-16T15:33:47","date_gmt":"2026-07-16T13:33:47","guid":{"rendered":"https:\/\/maison-du-midi.fr\/blog\/conseils-pratiques-et-diy\/ete-au-frais\/a-partir-de-quelle-temperature-parle-t-on-de-canicule\/"},"modified":"2026-08-30T08:54:24","modified_gmt":"2026-08-30T06:54:24","slug":"a-partir-de-quelle-temperature-parle-t-on-de-canicule","status":"publish","type":"post","link":"https:\/\/maison-du-midi.fr\/blog\/conseils-pratiques-et-diy\/ete-au-frais\/a-partir-de-quelle-temperature-parle-t-on-de-canicule\/","title":{"rendered":"\u00c0 partir de quelle temp\u00e9rature parle-t-on de canicule ?"},"content":{"rendered":"<p><strong>Il n&rsquo;existe pas de temp\u00e9rature unique. Pour M\u00e9t\u00e9o-France, la canicule est \u00ab une p\u00e9riode de chaleur intense pendant au moins 3 jours et 3 nuits cons\u00e9cutifs \u00bb, rep\u00e9r\u00e9e par deux seuils fix\u00e9s d\u00e9partement par d\u00e9partement \u2014 un seuil de temp\u00e9rature minimale (la nuit) ET un seuil de maximale (le jour) : 21 \u00b0C et 36 \u00b0C en Haute-Garonne, mais 18 \u00b0C et 33 \u00b0C en Seine-Maritime. C&rsquo;est le franchissement simultan\u00e9 des deux, trois jours et trois nuits d&rsquo;affil\u00e9e, qui fait la canicule. Pas un chiffre national.<\/strong><\/p>\n<h2>Nouvelle vague de chaleur annonc\u00e9e d\u00e9but septembre ? Ce qu&rsquo;on sait au 30 ao\u00fbt<\/h2>\n<p><strong>Au bulletin de vigilance M\u00e9t\u00e9o-France publi\u00e9 le 30 ao\u00fbt 2026 \u00e0 6 h 00, aucun d\u00e9partement n&rsquo;est en vigilance canicule : 23 d\u00e9partements sont en jaune, tous pour des orages, et aucun en orange ni en rouge ; la carte du lendemain, dimanche 31 ao\u00fbt, n&rsquo;annonce que 9 d\u00e9partements en jaune. Mais les mod\u00e8les envisagent une forte remont\u00e9e d&rsquo;air chaud venue de la p\u00e9ninsule Ib\u00e9rique et d&rsquo;Afrique du Nord \u00e0 partir du jeudi 3 septembre, avec un pic possible vendredi 4 et samedi 5 septembre, voire dimanche 6 : au conditionnel, plus de 30 \u00b0C sur de nombreuses r\u00e9gions, 35 \u00b0C au sud et, dans les sc\u00e9narios les plus chauds, pr\u00e8s de 40 \u00b0C dans le Sud-Ouest. \u00c0 J-6, rien n&rsquo;est acquis.<\/strong><\/p>\n<p><strong>Ce que disent les pr\u00e9visionnistes, mot pour mot.<\/strong> M\u00e9t\u00e9o-Paris, dans son analyse du 27 ao\u00fbt, \u00e9crit que \u00ab de nombreuses r\u00e9gions pourraient d\u00e9passer les 30 \u00b0C et la barre des 35 \u00b0C pourrait \u00eatre franchie au sud \u00bb, que \u00ab certains sc\u00e9narios projettent des pointes de 40 \u00b0C dans le sud-ouest \u00bb, mais qu&rsquo;il \u00ab est loin d&rsquo;\u00eatre certain que cette chaleur s&rsquo;installe dans la dur\u00e9e \u00bb et que \u00ab la fiabilit\u00e9 d\u00e9cline assez nettement d\u00e8s le week-end des 5 et 6 septembre \u00bb. actu.fr, ce dimanche 30 ao\u00fbt, tient le m\u00eame langage \u00e0 partir du mod\u00e8le europ\u00e9en ECMWF : \u00ab \u00e0 pr\u00e8s d&rsquo;une semaine de l&rsquo;\u00e9ch\u00e9ance, ces valeurs sont loin d&rsquo;\u00eatre acquises : les diff\u00e9rents sc\u00e9narios pr\u00e9sentent encore des \u00e9carts importants \u00bb, et \u00ab si le sc\u00e9nario d&rsquo;un nouveau coup de chaud est \u00e0 surveiller autour des 4, 5 et 6 septembre, celui d&rsquo;une v\u00e9ritable canicule reste, lui, \u00e0 confirmer \u00bb. \u00c0 Paris, les sc\u00e9narios se partagent entre un peu plus et un peu moins de 30 \u00b0C. La Cha\u00eene M\u00e9t\u00e9o, cit\u00e9e par L&rsquo;Internaute le 29 ao\u00fbt, \u00e9voque pour la semaine du 7 septembre \u00ab une remont\u00e9e d&rsquo;air chaud par le sud-ouest \u00bb avec 23 \u00e0 29 \u00b0C au nord et 27 \u00e0 33 \u00b0C au sud, \u00ab voire plus dans le sud-ouest \u00bb.<\/p>\n<p><strong>Pourquoi ce ne serait pas forc\u00e9ment une \u00ab canicule \u00bb au sens de M\u00e9t\u00e9o-France.<\/strong> Un coup de chaud de deux jours rel\u00e8ve du pic de chaleur (vigilance jaune), pas de la canicule (orange), qui exige trois jours <em>et<\/em> trois nuits au-dessus des seuils d\u00e9partementaux. Or, d\u00e9but septembre, les nuits sont d\u00e9j\u00e0 nettement plus longues qu&rsquo;en juillet : comme le note actu.fr, elles \u00ab pourraient permettre aux temp\u00e9ratures de redescendre suffisamment pour \u00e9viter de remplir les crit\u00e8res d&rsquo;une canicule \u00bb. La vigilance canicule reste toutefois active jusqu&rsquo;au 15 septembre, et le pr\u00e9c\u00e9dent existe : du 4 au 10 septembre 2023, une vague de chaleur tardive avait d\u00e9pass\u00e9 35 \u00b0C jusque dans la moiti\u00e9 nord.<\/p>\n<p><strong>Concr\u00e8tement, pour la maison, cette semaine sert \u00e0 se pr\u00e9parer.<\/strong> Les nuits fra\u00eeches des 30-31 ao\u00fbt et du d\u00e9but de semaine sont l&rsquo;occasion de \u00ab d\u00e9charger \u00bb les murs : ouvrir en grand le soir, la nuit et t\u00f4t le matin tant que l&rsquo;air ext\u00e9rieur est plus frais que l&rsquo;int\u00e9rieur, puis, d\u00e8s que la chaleur remonte (jeudi 3 selon les sc\u00e9narios actuels), repasser en mode canicule : volets ferm\u00e9s sur les fa\u00e7ades expos\u00e9es d\u00e8s le matin, fen\u00eatres closes tant qu&rsquo;il fait plus chaud dehors que dedans, ventilateur uniquement sous 32 \u00b0C. Nos deux guides d\u00e9taillent la m\u00e9thode : <a href=\"https:\/\/maison-du-midi.fr\/blog\/conseils-pratiques-et-diy\/ete-au-frais\/comment-garder-sa-maison-fraiche-en-ete\/\">Comment garder sa maison fra\u00eeche en \u00e9t\u00e9 ?<\/a> et <a href=\"https:\/\/maison-du-midi.fr\/blog\/conseils-pratiques-et-diy\/ete-au-frais\/faut-il-fermer-les-volets-quand-il-fait-chaud\/\">Faut-il fermer les volets quand il fait chaud ?<\/a>. Nous mettrons cette page \u00e0 jour d\u00e8s le prochain bulletin de vigilance qui ferait appara\u00eetre de l&rsquo;orange canicule.<\/p>\n<p><strong>Un \u00e9t\u00e9 d\u00e9j\u00e0 record avant m\u00eame cette vague.<\/strong> Selon le bilan officiel de M\u00e9t\u00e9o-France du 4 ao\u00fbt, juillet 2026 est, avec une moyenne de 24,9 \u00b0C (+3,8 \u00b0C par rapport \u00e0 la normale), le mois le plus chaud jamais mesur\u00e9 en France depuis 1900, devant ao\u00fbt 2003 (24,8 \u00b0C) ; juin 2026 (22,7 \u00b0C, +3,8 \u00b0C) \u00e9tait d\u00e9j\u00e0 le mois de juin le plus chaud. Sur l&rsquo;ensemble de l&rsquo;\u00e9t\u00e9 m\u00e9t\u00e9orologique (1er juin-31 ao\u00fbt), M\u00e9t\u00e9o-Paris estimait le 22 ao\u00fbt la moyenne nationale \u00ab \u00e0 environ 24 \u00b0C, contre 23,18 \u00b0C durant l&rsquo;\u00e9t\u00e9 historique de 2003 \u00bb ; Le Parisien titre ce 30 ao\u00fbt sur \u00ab cet \u00e9t\u00e9 le plus chaud jamais recens\u00e9 en France \u00bb. Le bilan officiel de M\u00e9t\u00e9o-France est attendu d\u00e9but septembre : c&rsquo;est lui qui fixera le chiffre d\u00e9finitif.<\/p>\n<h2>Retour sur la canicule du 11 au 13 ao\u00fbt 2026<\/h2>\n<p>Pour m\u00e9moire, l&rsquo;\u00e9pisode pr\u00e9c\u00e9dent avait \u00e9t\u00e9 s\u00e9v\u00e8re : au bulletin du 11 ao\u00fbt 2026 \u00e0 16 h 19, M\u00e9t\u00e9o-France pla\u00e7ait <strong>43 d\u00e9partements en vigilance orange canicule<\/strong> (41 en jaune, aucun en rouge), puis <strong>78 d\u00e9partements en orange le mercredi 12 ao\u00fbt<\/strong>, avec l&rsquo;\u00cele-de-France, la Normandie et tout le Sud-Ouest, et des maximales de 36 \u00e0 38 \u00b0C progressant vers le nord, localement 40 \u00b0C le jeudi 13. Cet \u00e9pisode constituait la 54\u1d49 vague de chaleur recens\u00e9e en France depuis 1947, la troisi\u00e8me de l&rsquo;\u00e9t\u00e9, commenc\u00e9e le 28 juillet. Le d\u00e9tail jour par jour est dans notre suivi : <a href=\"https:\/\/bjs-info.fr\/actualites-8689-canicule-43-departements-en-vigilance-orange-ce-mardi-la-chaleur-gagne\">Canicule : 43 d\u00e9partements en vigilance orange ce mardi<\/a>.<\/p>\n<h2>Pic, vague de chaleur, canicule : les d\u00e9finitions officielles<\/h2>\n<table>\n<tr>\n<th>Terme<\/th>\n<th>D\u00e9finition M\u00e9t\u00e9o-France<\/th>\n<th>Vigilance associ\u00e9e<\/th>\n<\/tr>\n<tr>\n<td>Pic de chaleur<\/td>\n<td>\u00c9pisode bref (24 \u00e0 48 h) de temp\u00e9ratures nettement sup\u00e9rieures aux normales de saison<\/td>\n<td>Jaune<\/td>\n<\/tr>\n<tr>\n<td>Vague de chaleur<\/td>\n<td>Notion nationale et statistique : l&rsquo;indicateur thermique national doit atteindre 25,3 \u00b0C au moins un jour et 23,4 \u00b0C pendant au moins 3 jours<\/td>\n<td>Aucune couleur en propre<\/td>\n<\/tr>\n<tr>\n<td>Canicule<\/td>\n<td>Chaleur intense jour et nuit, au moins 3 jours et 3 nuits cons\u00e9cutifs, seuils d\u00e9partementaux atteints ou d\u00e9pass\u00e9s<\/td>\n<td>Orange<\/td>\n<\/tr>\n<tr>\n<td>Canicule extr\u00eame<\/td>\n<td>Canicule exceptionnelle par sa dur\u00e9e, son intensit\u00e9, son extension g\u00e9ographique<\/td>\n<td>Rouge<\/td>\n<\/tr>\n<\/table>\n<p>Deux pi\u00e8ges classiques. D&rsquo;abord, une <strong>forte chaleur n&rsquo;est pas une canicule<\/strong> : 38 \u00b0C un apr\u00e8s-midi puis une nuit \u00e0 17 \u00b0C, c&rsquo;est un pic de chaleur, pas une canicule. Ensuite, \u00ab vague de chaleur \u00bb et \u00ab canicule \u00bb ne sont pas synonymes : la vague de chaleur se mesure \u00e0 l&rsquo;\u00e9chelle du pays entier avec un indicateur unique, la canicule se d\u00e9clare d\u00e9partement par d\u00e9partement en fonction de ses cons\u00e9quences sanitaires.<\/p>\n<h2>Les seuils, d\u00e9partement par d\u00e9partement : trois exemples chiffr\u00e9s<\/h2>\n<p>M\u00e9t\u00e9o-France confronte ses pr\u00e9visions \u00e0 des r\u00e9f\u00e9rentiels \u00e9tablis par Sant\u00e9 publique France, les <strong>indicateurs biom\u00e9t\u00e9orologiques (IBM)<\/strong> : \u00ab d\u00e9finis pour chaque d\u00e9partement, par station de r\u00e9f\u00e9rence, en consid\u00e9rant les temp\u00e9ratures minimales et maximales en moyenne sur 3 jours glissants \u00bb. Chaque d\u00e9partement a donc un couple de seuils, l&rsquo;un pour les nuits (IBM min), l&rsquo;autre pour les journ\u00e9es (IBM max).<\/p>\n<table>\n<tr>\n<th>D\u00e9partement<\/th>\n<th>Seuil nuit (IBM min)<\/th>\n<th>Seuil jour (IBM max)<\/th>\n<th>Source<\/th>\n<\/tr>\n<tr>\n<td>Haute-Garonne (station de Toulouse)<\/td>\n<td>21 \u00b0C<\/td>\n<td>36 \u00b0C<\/td>\n<td>M\u00e9t\u00e9o-France, page \u00ab Canicule, pic ou vague de chaleur \u00bb<\/td>\n<\/tr>\n<tr>\n<td>Ain<\/td>\n<td>20 \u00b0C<\/td>\n<td>35 \u00b0C<\/td>\n<td>Disposition ORSEC de la pr\u00e9fecture de l&rsquo;Ain (document de 2021)<\/td>\n<\/tr>\n<tr>\n<td>Seine-Maritime<\/td>\n<td>18 \u00b0C<\/td>\n<td>33 \u00b0C<\/td>\n<td>Pr\u00e9fecture de Seine-Maritime, plan de gestion canicule<\/td>\n<\/tr>\n<\/table>\n<p>L&rsquo;\u00e9cart saute aux yeux : <strong>trois degr\u00e9s de nuit et trois degr\u00e9s de jour s\u00e9parent Toulouse de Rouen<\/strong>. Un 34 \u00b0C toulousain reste sous le seuil, le m\u00eame 34 \u00b0C \u00e0 Rouen le d\u00e9passe largement. C&rsquo;est pour cette raison qu&rsquo;un d\u00e9partement peut passer en orange avec des temp\u00e9ratures inf\u00e9rieures \u00e0 celles d&rsquo;un voisin rest\u00e9 en jaune : les seuils refl\u00e8tent le climat local et l&rsquo;acclimatation de la population, pas une \u00e9chelle absolue.<\/p>\n<p>Ces seuils viennent d&rsquo;une m\u00e9thode pr\u00e9cise. Sant\u00e9 publique France explique qu&rsquo;ils ont \u00e9t\u00e9 cal\u00e9s en 2004 sur 14 grandes villes pilotes, autour du <strong>percentile 99,5 de la distribution des IBM<\/strong> observ\u00e9s, puis \u00e9tendus aux stations de r\u00e9f\u00e9rence des autres d\u00e9partements. Autrement dit, un seuil correspond \u00e0 peu pr\u00e8s au demi-pour-cent des journ\u00e9es les plus chaudes localement.<\/p>\n<p><strong>Ne cherchez pas une formule automatique.<\/strong> M\u00e9t\u00e9o-France le pr\u00e9cise noir sur blanc : les IBM \u00ab constituent un outil d&rsquo;aide \u00e0 la d\u00e9cision pour les pr\u00e9visionnistes de M\u00e9t\u00e9o-France mais ne permettent pas \u00e0 eux seuls d&rsquo;\u00e9tablir la couleur de la Vigilance canicule \u00bb. Des facteurs aggravants (dur\u00e9e, pr\u00e9cocit\u00e9, pollution, humidit\u00e9) ou att\u00e9nuants entrent en jeu, ainsi que le contexte \u2014 grands d\u00e9parts en vacances, \u00e9v\u00e9nement en ext\u00e9rieur, \u00e9tat de charge du syst\u00e8me de soins. Le passage en <strong>rouge<\/strong> est le seul niveau qui ne rel\u00e8ve pas de M\u00e9t\u00e9o-France seule : il r\u00e9sulte d&rsquo;un croisement avec les \u00e9pid\u00e9miologistes de Sant\u00e9 publique France et des autorit\u00e9s sanitaires nationales. Enfin, si vous cherchez le seuil exact de votre d\u00e9partement, adressez-vous \u00e0 votre pr\u00e9fecture : les tables d\u00e9partementales publi\u00e9es en ligne sont souvent d&rsquo;anciennes annexes de plans, et les valeurs ont pu \u00eatre r\u00e9vis\u00e9es depuis.<\/p>\n<h2>Ce que d\u00e9clenchent le jaune, l&rsquo;orange et le rouge<\/h2>\n<ul>\n<li><strong>Jaune<\/strong> \u2014 pic de chaleur, \u00ab exposition de courte dur\u00e9e (1 ou 2 jours) \u00e0 une chaleur intense pr\u00e9sentant un risque pour les populations fragiles ou surexpos\u00e9es \u00bb. Peut aussi signaler un \u00e9pisode persistant de plus de 3 jours sous les seuils.<\/li>\n<li><strong>Orange<\/strong> \u2014 canicule, \u00ab p\u00e9riode de chaleur intense pendant au moins 3 jours et 3 nuits cons\u00e9cutifs, susceptible de constituer un risque sanitaire pour l&rsquo;ensemble de la population expos\u00e9e \u00bb. C&rsquo;est le niveau qui active les mesures publiques : registres communaux des personnes vuln\u00e9rables, ouverture de lieux frais, adaptation des horaires de travail.<\/li>\n<li><strong>Rouge<\/strong> \u2014 canicule extr\u00eame, \u00ab exceptionnelle par sa dur\u00e9e, son intensit\u00e9, son extension g\u00e9ographique \u00bb, avec impacts soci\u00e9taux (s\u00e9cheresse, eau potable, arr\u00eat d&rsquo;activit\u00e9s).<\/li>\n<\/ul>\n<p>La vigilance canicule est active chaque ann\u00e9e <strong>du 1er juin au 15 septembre<\/strong>, et depuis 2022 la carte est double : le jour en cours et le lendemain. C&rsquo;est cette seconde carte qui avait permis, le 11 ao\u00fbt, de savoir d\u00e8s l&rsquo;apr\u00e8s-midi que 35 d\u00e9partements de plus basculeraient en orange le lendemain ; c&rsquo;est elle aussi qu&rsquo;il faudra surveiller \u00e0 partir du 3 septembre.<\/p>\n<h2>Que faire chez soi si l&rsquo;\u00e9pisode se confirme<\/h2>\n<p>Les recommandations qui suivent sont celles de l&rsquo;Assurance Maladie (<a href=\"https:\/\/www.ameli.fr\/assure\/sante\/themes\/canicule-chaleur\/que-faire\" rel=\"nofollow\" target=\"_blank\">ameli.fr<\/a>, page mise \u00e0 jour le 2 juin 2026) et de la pr\u00e9fecture des Bouches-du-Rh\u00f4ne dans son communiqu\u00e9 du 11 ao\u00fbt 2026.<\/p>\n<ul>\n<li><strong>Fermer avant d&rsquo;ouvrir.<\/strong> \u00ab Fermez les volets (et\/ou les rideaux) des fen\u00eatres expos\u00e9es au soleil. Tant que la temp\u00e9rature ext\u00e9rieure est sup\u00e9rieure \u00e0 celle relev\u00e9e dans votre logement, maintenez aussi toutes les fen\u00eatres closes. \u00bb La logique n&rsquo;est pas horaire mais diff\u00e9rentielle : on ouvre quand il fait plus frais dehors que dedans, pas \u00e0 heure fixe.<\/li>\n<li><strong>Ventiler la nuit, vraiment.<\/strong> Ouvrir \u00ab tard le soir, la nuit ou t\u00f4t le matin, si l&rsquo;air est un peu plus frais \u00e0 ces moments-l\u00e0 \u00bb. Dans le Midi, c&rsquo;est pr\u00e9cis\u00e9ment ce qui avait manqu\u00e9 mi-ao\u00fbt : avec des minimales autour de 24 \u00b0C sur le littoral des Bouches-du-Rh\u00f4ne, la fen\u00eatre de fra\u00eecheur nocturne se r\u00e9duisait \u00e0 quelques heures avant l&rsquo;aube. D\u00e9but septembre, les nuits plus longues redonnent de la marge : profitez-en.<\/li>\n<li><strong>Une pi\u00e8ce refuge.<\/strong> \u00ab Installez-vous dans la pi\u00e8ce la moins chaude de votre domicile. \u00bb Concentrez-y les efforts plut\u00f4t que d&rsquo;essayer de rafra\u00eechir tout le logement. Et passez si possible 2 \u00e0 3 heures par jour dans un lieu frais ou climatis\u00e9 (biblioth\u00e8que, centre commercial, lieu public ouvert par la commune).<\/li>\n<li><strong>Le ventilateur : oui, mais sous 32 \u00b0C.<\/strong> C&rsquo;est le point le plus mal compris. L&rsquo;Assurance Maladie \u00e9crit : \u00ab Vous pouvez aussi utiliser un ventilateur s&rsquo;il fait moins de 32 \u00b0C (au-del\u00e0, l&rsquo;air brass\u00e9 est chaud, ce qui augmente la sensation d&rsquo;inconfort). \u00bb <strong>Attention \u00e0 une version d\u00e9form\u00e9e qui circule beaucoup<\/strong> : on lit souvent qu&rsquo;\u00ab au-del\u00e0 de 35 \u00b0C le ventilateur acc\u00e9l\u00e8re la d\u00e9shydratation \u00bb. Nous n&rsquo;avons trouv\u00e9 cette formulation sur aucune source officielle fran\u00e7aise \u2014 ni le seuil de 35 \u00b0C, ni le motif de la d\u00e9shydratation. Le seuil officiel est 32 \u00b0C et le motif retenu est l&rsquo;inconfort. Utilisez le chiffre officiel.<\/li>\n<li><strong>\u00c9teindre ce qui chauffe.<\/strong> Four, ordinateur, s\u00e8che-cheveux, \u00e9clairage : autant de sources de chaleur ajout\u00e9es \u00e0 un logement d\u00e9j\u00e0 satur\u00e9.<\/li>\n<li><strong>Boire sans attendre la soif<\/strong>, se mouiller le corps plusieurs fois par jour, \u00e9viter de sortir et de faire du sport aux heures les plus chaudes. Ne jamais laisser un nourrisson ou un jeune enfant en plein soleil, ni dans un v\u00e9hicule ferm\u00e9, m\u00eame quelques minutes. En cas de malaise : 15, 18 ou 112.<\/li>\n<\/ul>\n<h2>Questions fr\u00e9quentes<\/h2>\n<details>\n<summary>Combien de d\u00e9partements sont en vigilance orange canicule aujourd&rsquo;hui ?<\/summary>\n<p>Aucun. Au bulletin de vigilance M\u00e9t\u00e9o-France publi\u00e9 le 30 ao\u00fbt 2026 \u00e0 6 h 00, aucun d\u00e9partement n&rsquo;est en vigilance canicule : 23 d\u00e9partements sont en jaune pour des orages, aucun en orange ni en rouge, et la carte du dimanche 31 ao\u00fbt n&rsquo;annonce que 9 d\u00e9partements en jaune. Une remont\u00e9e de chaleur est envisag\u00e9e au conditionnel \u00e0 partir du jeudi 3 septembre, avec un pic possible les 4-5 septembre. La carte est r\u00e9actualis\u00e9e au moins deux fois par jour, \u00e0 6 h et 16 h.<\/p>\n<\/details>\n<details>\n<summary>Y aura-t-il une canicule d\u00e9but septembre 2026 ?<\/summary>\n<p>Ce n&rsquo;est pas confirm\u00e9. Au 30 ao\u00fbt, les mod\u00e8les envisagent une forte remont\u00e9e d&rsquo;air chaud \u00e0 partir du jeudi 3 septembre, avec un pic possible les 4, 5 et 6 septembre : plus de 30 \u00b0C sur de nombreuses r\u00e9gions, 35 \u00b0C au sud et pr\u00e8s de 40 \u00b0C dans le Sud-Ouest dans les sc\u00e9narios les plus chauds. Les pr\u00e9visionnistes de M\u00e9t\u00e9o-Paris et d&rsquo;actu.fr soulignent que ces valeurs sont \u00ab loin d&rsquo;\u00eatre acquises \u00bb et que la dur\u00e9e de l&rsquo;\u00e9pisode est la principale incertitude. Aucune vigilance canicule n&rsquo;est en cours au bulletin du 30 ao\u00fbt \u00e0 6 h.<\/p>\n<\/details>\n<details>\n<summary>\u00c0 partir de quelle temp\u00e9rature parle-t-on de canicule ?<\/summary>\n<p>Il n&rsquo;y a pas de seuil national. M\u00e9t\u00e9o-France compare les temp\u00e9ratures minimales et maximales moyenn\u00e9es sur 3 jours glissants \u00e0 deux seuils propres \u00e0 chaque d\u00e9partement : 21 \u00b0C la nuit et 36 \u00b0C le jour pour la station de Toulouse (Haute-Garonne), contre 18 \u00b0C et 33 \u00b0C en Seine-Maritime. La canicule est d\u00e9clar\u00e9e quand les deux seuils sont atteints ou d\u00e9pass\u00e9s pendant 3 jours et 3 nuits cons\u00e9cutifs.<\/p>\n<\/details>\n<details>\n<summary>Quelle est la diff\u00e9rence entre une forte chaleur et une canicule ?<\/summary>\n<p>Une forte chaleur br\u00e8ve, de 24 \u00e0 48 heures, est un pic de chaleur : elle est associ\u00e9e \u00e0 la vigilance jaune. La canicule suppose une chaleur intense de jour comme de nuit pendant au moins 3 jours et 3 nuits cons\u00e9cutifs, avec d\u00e9passement des seuils d\u00e9partementaux : c&rsquo;est la vigilance orange. C&rsquo;est la nuit qui fait la diff\u00e9rence, car sans fra\u00eecheur nocturne le corps ne r\u00e9cup\u00e8re pas.<\/p>\n<\/details>\n<details>\n<summary>Peut-on utiliser un ventilateur pendant une canicule ?<\/summary>\n<p>Oui, mais l&rsquo;Assurance Maladie pr\u00e9cise de l&rsquo;utiliser \u00ab s&rsquo;il fait moins de 32 \u00b0C (au-del\u00e0, l&rsquo;air brass\u00e9 est chaud, ce qui augmente la sensation d&rsquo;inconfort) \u00bb. La version tr\u00e8s r\u00e9pandue selon laquelle le ventilateur deviendrait dangereux au-del\u00e0 de 35 \u00b0C en acc\u00e9l\u00e9rant la d\u00e9shydratation ne figure sur aucune source officielle fran\u00e7aise que nous ayons pu v\u00e9rifier : le seuil officiel est bien 32 \u00b0C.<\/p>\n<\/details>\n<details>\n<summary>Une nuit \u00e0 25 \u00b0C, c&rsquo;est une \u00ab nuit tropicale \u00bb ?<\/summary>\n<p>La nuit tropicale se d\u00e9finit par une temp\u00e9rature qui ne descend pas sous 20 \u00b0C. Leur r\u00e9p\u00e9tition est pr\u00e9cis\u00e9ment ce qui rend une canicule dangereuse : le corps ne r\u00e9cup\u00e8re plus. Lors de la canicule du 11 au 13 ao\u00fbt 2026, M\u00e9t\u00e9o-France avait annonc\u00e9 des minimales d\u00e9passant parfois 20 \u00b0C jusque sur le sud de la Bretagne, le Maine, la Touraine, le Berry et la Bourgogne. D\u00e9but septembre, les nuits plus longues rendent ces nuits tropicales moins probables, surtout dans la moiti\u00e9 nord.<\/p>\n<\/details>\n<details>\n<summary>Qui d\u00e9cide du passage en vigilance orange ou rouge ?<\/summary>\n<p>M\u00e9t\u00e9o-France, sur la base de ses pr\u00e9visions et des indicateurs biom\u00e9t\u00e9orologiques, d\u00e9partement par d\u00e9partement. Le niveau rouge fait exception : il r\u00e9sulte d&rsquo;un croisement entre l&rsquo;expertise de M\u00e9t\u00e9o-France et celle des \u00e9pid\u00e9miologistes de Sant\u00e9 publique France, avec les autorit\u00e9s sanitaires nationales.<\/p>\n<\/details>\n<h2>Pour aller plus loin<\/h2>\n<ul>\n<li><a href=\"https:\/\/bjs-info.fr\/actualites-8689-canicule-43-departements-en-vigilance-orange-ce-mardi-la-chaleur-gagne\">Canicule : 43 d\u00e9partements en vigilance orange ce mardi, la chaleur gagne l&rsquo;Ouest<\/a> \u2014 le suivi de l&rsquo;\u00e9pisode du 11-13 ao\u00fbt<\/li>\n<li><a href=\"https:\/\/maison-du-midi.fr\/blog\/conseils-pratiques-et-diy\/ete-au-frais\/comment-garder-sa-maison-fraiche-en-ete\/\">Comment garder sa maison fra\u00eeche en \u00e9t\u00e9 ?<\/a> \u2014 le guide complet du cocon<\/li>\n<li><a href=\"https:\/\/maison-du-midi.fr\/blog\/conseils-pratiques-et-diy\/ete-au-frais\/faut-il-fermer-les-volets-quand-il-fait-chaud\/\">Faut-il fermer les volets quand il fait chaud ?<\/a><\/li>\n<li><a href=\"https:\/\/maison-du-midi.fr\/blog\/conseils-pratiques-et-diy\/ete-au-frais\/comment-bien-dormir-quand-il-fait-chaud\/\">Comment bien dormir quand il fait chaud ?<\/a><\/li>\n<li><a href=\"https:\/\/maison-du-midi.fr\/blog\/conseils-pratiques-et-diy\/ete-au-frais\/comment-rafraichir-une-piece-sans-climatisation\/\">Comment rafra\u00eechir une pi\u00e8ce sans climatisation ?<\/a><\/li>\n<\/ul>\n<p><em>Sources : <a href=\"https:\/\/vigilance.meteofrance.fr\/fr\/vigilance-accessible\" rel=\"nofollow\" target=\"_blank\">Vigilance M\u00e9t\u00e9o-France<\/a> (bulletins du 30 ao\u00fbt 2026 \u00e0 6 h 00 et du 11 ao\u00fbt 2026 \u00e0 16 h 19), <a href=\"https:\/\/www.meteo-paris.com\/actualites\/la-chaleur-pourrait-revenir-en-force-debut-septembre\" rel=\"nofollow\" target=\"_blank\">M\u00e9t\u00e9o-Paris, 27 ao\u00fbt 2026<\/a>, <a href=\"https:\/\/actu.fr\/meteo\/crainte-d-une-nouvelle-canicule-en-france-a-quoi-faut-il-s-attendre-a-paris-et-en-ile-de-france_64722965.html\" rel=\"nofollow\" target=\"_blank\">actu.fr, 30 ao\u00fbt 2026<\/a>, <a href=\"https:\/\/www.linternaute.com\/actualite\/societe\/11223646-une-canicule-en-septembre-2026-plusieurs-dates-evoquees-les-previsions-se-precisent\/\" rel=\"nofollow\" target=\"_blank\">L&rsquo;Internaute, 29 ao\u00fbt 2026<\/a>, <a href=\"https:\/\/meteofrance.com\/presse\" rel=\"nofollow\" target=\"_blank\">M\u00e9t\u00e9o-France, bilan climatique de juillet 2026 (4 ao\u00fbt)<\/a>, <a href=\"https:\/\/www.meteo-paris.com\/actualites\/ete-2026-le-record-de-2003-pulverise-de-pres-de-10c\" rel=\"nofollow\" target=\"_blank\">M\u00e9t\u00e9o-Paris, 22 ao\u00fbt 2026<\/a>, <a href=\"https:\/\/meteofrance.com\/meteo-a-z\/canicule-pic-ou-vague-de-chaleur-quelles-differences\" rel=\"nofollow\" target=\"_blank\">M\u00e9t\u00e9o-France \u2014 Canicule, pic ou vague de chaleur<\/a>, <a href=\"https:\/\/meteofrance.com\/vigilance-et-securite\/quest-ce-que-la-vigilance-canicule\" rel=\"nofollow\" target=\"_blank\">M\u00e9t\u00e9o-France \u2014 Qu&rsquo;est-ce que la Vigilance canicule<\/a>, <a href=\"https:\/\/www.bouches-du-rhone.gouv.fr\/Actualites\/Canicule-vigilance-orange-mardi-11-aout\" rel=\"nofollow\" target=\"_blank\">pr\u00e9fecture des Bouches-du-Rh\u00f4ne<\/a>, <a href=\"https:\/\/www.ameli.fr\/assure\/sante\/themes\/canicule-chaleur\/que-faire\" rel=\"nofollow\" target=\"_blank\">ameli.fr<\/a>, <a href=\"https:\/\/www.seine-maritime.gouv.fr\/Actions-de-l-Etat\/Sante\/Plan-de-gestion-de-canicule-national-Informations-recommandations-et-consignes\" rel=\"nofollow\" target=\"_blank\">pr\u00e9fecture de Seine-Maritime<\/a>. Mise \u00e0 jour le 30 ao\u00fbt 2026 \u00e0 9 h.<\/em><\/p>\n<p><script type=\"application\/ld+json\">{\"@context\": \"https:\/\/schema.org\", \"@type\": \"FAQPage\", \"mainEntity\": [{\"@type\": \"Question\", \"name\": \"Combien de d\u00e9partements sont en vigilance orange canicule aujourd'hui ?\", \"acceptedAnswer\": {\"@type\": \"Answer\", \"text\": \"Aucun. Au bulletin de vigilance M\u00e9t\u00e9o-France publi\u00e9 le 30 ao\u00fbt 2026 \u00e0 6 h 00, aucun d\u00e9partement n'est en vigilance canicule : 23 d\u00e9partements sont en jaune pour des orages, aucun en orange ni en rouge, et la carte du dimanche 31 ao\u00fbt n'annonce que 9 d\u00e9partements en jaune. Une remont\u00e9e de chaleur est envisag\u00e9e au conditionnel \u00e0 partir du jeudi 3 septembre, avec un pic possible les 4-5 septembre. La carte est r\u00e9actualis\u00e9e au moins deux fois par jour, \u00e0 6 h et 16 h.\"}}, {\"@type\": \"Question\", \"name\": \"Y aura-t-il une canicule d\u00e9but septembre 2026 ?\", \"acceptedAnswer\": {\"@type\": \"Answer\", \"text\": \"Ce n'est pas confirm\u00e9. Au 30 ao\u00fbt, les mod\u00e8les envisagent une forte remont\u00e9e d'air chaud \u00e0 partir du jeudi 3 septembre, avec un pic possible les 4, 5 et 6 septembre : plus de 30 \u00b0C sur de nombreuses r\u00e9gions, 35 \u00b0C au sud et pr\u00e8s de 40 \u00b0C dans le Sud-Ouest dans les sc\u00e9narios les plus chauds. Les pr\u00e9visionnistes de M\u00e9t\u00e9o-Paris et d'actu.fr soulignent que ces valeurs sont \u00ab loin d'\u00eatre acquises \u00bb et que la dur\u00e9e de l'\u00e9pisode est la principale incertitude. Aucune vigilance canicule n'est en cours au bulletin du 30 ao\u00fbt \u00e0 6 h.\"}}, {\"@type\": \"Question\", \"name\": \"\u00c0 partir de quelle temp\u00e9rature parle-t-on de canicule ?\", \"acceptedAnswer\": {\"@type\": \"Answer\", \"text\": \"Il n'y a pas de seuil national. M\u00e9t\u00e9o-France compare les temp\u00e9ratures minimales et maximales moyenn\u00e9es sur 3 jours glissants \u00e0 deux seuils propres \u00e0 chaque d\u00e9partement : 21 \u00b0C la nuit et 36 \u00b0C le jour pour la station de Toulouse (Haute-Garonne), contre 18 \u00b0C et 33 \u00b0C en Seine-Maritime. La canicule est d\u00e9clar\u00e9e quand les deux seuils sont atteints ou d\u00e9pass\u00e9s pendant 3 jours et 3 nuits cons\u00e9cutifs.\"}}, {\"@type\": \"Question\", \"name\": \"Quelle est la diff\u00e9rence entre une forte chaleur et une canicule ?\", \"acceptedAnswer\": {\"@type\": \"Answer\", \"text\": \"Une forte chaleur br\u00e8ve, de 24 \u00e0 48 heures, est un pic de chaleur : elle est associ\u00e9e \u00e0 la vigilance jaune. La canicule suppose une chaleur intense de jour comme de nuit pendant au moins 3 jours et 3 nuits cons\u00e9cutifs, avec d\u00e9passement des seuils d\u00e9partementaux : c'est la vigilance orange. C'est la nuit qui fait la diff\u00e9rence, car sans fra\u00eecheur nocturne le corps ne r\u00e9cup\u00e8re pas.\"}}, {\"@type\": \"Question\", \"name\": \"Peut-on utiliser un ventilateur pendant une canicule ?\", \"acceptedAnswer\": {\"@type\": \"Answer\", \"text\": \"Oui, mais l'Assurance Maladie pr\u00e9cise de l'utiliser \u00ab s'il fait moins de 32 \u00b0C (au-del\u00e0, l'air brass\u00e9 est chaud, ce qui augmente la sensation d'inconfort) \u00bb. La version tr\u00e8s r\u00e9pandue selon laquelle le ventilateur deviendrait dangereux au-del\u00e0 de 35 \u00b0C en acc\u00e9l\u00e9rant la d\u00e9shydratation ne figure sur aucune source officielle fran\u00e7aise que nous ayons pu v\u00e9rifier : le seuil officiel est bien 32 \u00b0C.\"}}, {\"@type\": \"Question\", \"name\": \"Une nuit \u00e0 25 \u00b0C, c'est une \u00ab nuit tropicale \u00bb ?\", \"acceptedAnswer\": {\"@type\": \"Answer\", \"text\": \"La nuit tropicale se d\u00e9finit par une temp\u00e9rature qui ne descend pas sous 20 \u00b0C. Leur r\u00e9p\u00e9tition est pr\u00e9cis\u00e9ment ce qui rend une canicule dangereuse : le corps ne r\u00e9cup\u00e8re plus. Lors de la canicule du 11 au 13 ao\u00fbt 2026, M\u00e9t\u00e9o-France avait annonc\u00e9 des minimales d\u00e9passant parfois 20 \u00b0C jusque sur le sud de la Bretagne, le Maine, la Touraine, le Berry et la Bourgogne. D\u00e9but septembre, les nuits plus longues rendent ces nuits tropicales moins probables, surtout dans la moiti\u00e9 nord.\"}}, {\"@type\": \"Question\", \"name\": \"Qui d\u00e9cide du passage en vigilance orange ou rouge ?\", \"acceptedAnswer\": {\"@type\": \"Answer\", \"text\": \"M\u00e9t\u00e9o-France, sur la base de ses pr\u00e9visions et des indicateurs biom\u00e9t\u00e9orologiques, d\u00e9partement par d\u00e9partement. Le niveau rouge fait exception : il r\u00e9sulte d'un croisement entre l'expertise de M\u00e9t\u00e9o-France et celle des \u00e9pid\u00e9miologistes de Sant\u00e9 publique France, avec les autorit\u00e9s sanitaires nationales.\"}}]}<\/script><\/p>\n","protected":false},"excerpt":{"rendered":"","protected":false},"author":42,"featured_media":999999999,"comment_status":"open","ping_status":"open","sticky":false,"template":"","format":"standard","meta":{"_acf_changed":false,"manual_indexmenow":false,"indexmenow_id_project":0,"footnotes":""},"categories":[4626],"tags":[],"class_list":["post-7621","post","type-post","status-publish","format-standard","has-post-thumbnail","hentry","category-ete-au-frais","generate-columns","tablet-grid-50","mobile-grid-100","grid-parent","grid-25"],"acf":[],"yoast_head":"<!-- This site is optimized with the Yoast SEO Premium plugin v21.3 (Yoast SEO v26.5) - https:\/\/yoast.com\/wordpress\/plugins\/seo\/ -->\n<title>Canicule : \u00e0 partir de quelle temp\u00e9rature ? Les seuils r\u00e9els<\/title>\n<meta name=\"description\" content=\"Pas de seuil national : 21\/36 \u00b0C en Haute-Garonne, 18\/33 \u00b0C en Seine-Maritime. Aucune vigilance canicule au 30 ao\u00fbt ; coup de chaud possible du 3 au 6 septembre, \u00e0 confirmer.\" \/>\n<meta name=\"robots\" content=\"index, follow, max-snippet:-1, max-image-preview:large, max-video-preview:-1\" \/>\n<link rel=\"canonical\" href=\"https:\/\/maison-du-midi.fr\/blog\/conseils-pratiques-et-diy\/ete-au-frais\/a-partir-de-quelle-temperature-parle-t-on-de-canicule\/\" \/>\n<meta property=\"og:locale\" content=\"fr_FR\" \/>\n<meta property=\"og:type\" content=\"article\" \/>\n<meta property=\"og:title\" content=\"Canicule : \u00e0 partir de quelle temp\u00e9rature ? Les seuils r\u00e9els\" \/>\n<meta property=\"og:description\" content=\"Pas de seuil national : 21\/36 \u00b0C en Haute-Garonne, 18\/33 \u00b0C en Seine-Maritime. Aucune vigilance canicule au 30 ao\u00fbt ; coup de chaud possible du 3 au 6 septembre, \u00e0 confirmer.\" \/>\n<meta property=\"og:url\" content=\"https:\/\/maison-du-midi.fr\/blog\/conseils-pratiques-et-diy\/ete-au-frais\/a-partir-de-quelle-temperature-parle-t-on-de-canicule\/\" \/>\n<meta property=\"og:site_name\" content=\"maison-du-midi\" \/>\n<meta name=\"author\" content=\"Antoine Bernard\" \/>\n<meta name=\"twitter:card\" content=\"summary_large_image\" \/>\n<script type=\"application\/ld+json\" class=\"yoast-schema-graph\">{\"@context\":\"https:\/\/schema.org\",\"@graph\":[{\"@type\":\"NewsArticle\",\"@id\":\"https:\/\/maison-du-midi.fr\/blog\/conseils-pratiques-et-diy\/ete-au-frais\/a-partir-de-quelle-temperature-parle-t-on-de-canicule\/#article\",\"isPartOf\":{\"@id\":\"https:\/\/maison-du-midi.fr\/blog\/conseils-pratiques-et-diy\/ete-au-frais\/a-partir-de-quelle-temperature-parle-t-on-de-canicule\/\"},\"author\":{\"name\":\"Antoine Bernard\",\"@id\":\"https:\/\/maison-du-midi.fr\/blog\/#\/schema\/person\/c0ae6942e0cc8b6ebd58dada6ee6c2af\"},\"headline\":\"\u00c0 partir de quelle temp\u00e9rature parle-t-on de canicule ?\",\"datePublished\":\"2026-07-16T13:33:47+00:00\",\"dateModified\":\"2026-08-30T06:54:24+00:00\",\"mainEntityOfPage\":{\"@id\":\"https:\/\/maison-du-midi.fr\/blog\/conseils-pratiques-et-diy\/ete-au-frais\/a-partir-de-quelle-temperature-parle-t-on-de-canicule\/\"},\"wordCount\":2928,\"commentCount\":0,\"publisher\":{\"@id\":\"https:\/\/maison-du-midi.fr\/blog\/#organization\"},\"image\":{\"@id\":\"https:\/\/maison-du-midi.fr\/blog\/conseils-pratiques-et-diy\/ete-au-frais\/a-partir-de-quelle-temperature-parle-t-on-de-canicule\/#primaryimage\"},\"thumbnailUrl\":\"https:\/\/images.pexels.com\/photos\/9507844\/pexels-photo-9507844.jpeg?auto=compress&cs=tinysrgb&fit=crop&h=627&w=1200\",\"articleSection\":[\"L'\u00e9t\u00e9 au frais\"],\"inLanguage\":\"fr-FR\",\"potentialAction\":[{\"@type\":\"CommentAction\",\"name\":\"Comment\",\"target\":[\"https:\/\/maison-du-midi.fr\/blog\/conseils-pratiques-et-diy\/ete-au-frais\/a-partir-de-quelle-temperature-parle-t-on-de-canicule\/#respond\"]}]},{\"@type\":\"WebPage\",\"@id\":\"https:\/\/maison-du-midi.fr\/blog\/conseils-pratiques-et-diy\/ete-au-frais\/a-partir-de-quelle-temperature-parle-t-on-de-canicule\/\",\"url\":\"https:\/\/maison-du-midi.fr\/blog\/conseils-pratiques-et-diy\/ete-au-frais\/a-partir-de-quelle-temperature-parle-t-on-de-canicule\/\",\"name\":\"Canicule : \u00e0 partir de quelle temp\u00e9rature ? Les seuils r\u00e9els\",\"isPartOf\":{\"@id\":\"https:\/\/maison-du-midi.fr\/blog\/#website\"},\"primaryImageOfPage\":{\"@id\":\"https:\/\/maison-du-midi.fr\/blog\/conseils-pratiques-et-diy\/ete-au-frais\/a-partir-de-quelle-temperature-parle-t-on-de-canicule\/#primaryimage\"},\"image\":{\"@id\":\"https:\/\/maison-du-midi.fr\/blog\/conseils-pratiques-et-diy\/ete-au-frais\/a-partir-de-quelle-temperature-parle-t-on-de-canicule\/#primaryimage\"},\"thumbnailUrl\":\"https:\/\/images.pexels.com\/photos\/9507844\/pexels-photo-9507844.jpeg?auto=compress&cs=tinysrgb&fit=crop&h=627&w=1200\",\"datePublished\":\"2026-07-16T13:33:47+00:00\",\"dateModified\":\"2026-08-30T06:54:24+00:00\",\"description\":\"Pas de seuil national : 21\/36 \u00b0C en Haute-Garonne, 18\/33 \u00b0C en Seine-Maritime. Aucune vigilance canicule au 30 ao\u00fbt ; coup de chaud possible du 3 au 6 septembre, \u00e0 confirmer.\",\"inLanguage\":\"fr-FR\",\"potentialAction\":[{\"@type\":\"ReadAction\",\"target\":[\"https:\/\/maison-du-midi.fr\/blog\/conseils-pratiques-et-diy\/ete-au-frais\/a-partir-de-quelle-temperature-parle-t-on-de-canicule\/\"]}]},{\"@type\":\"ImageObject\",\"inLanguage\":\"fr-FR\",\"@id\":\"https:\/\/maison-du-midi.fr\/blog\/conseils-pratiques-et-diy\/ete-au-frais\/a-partir-de-quelle-temperature-parle-t-on-de-canicule\/#primaryimage\",\"url\":\"https:\/\/images.pexels.com\/photos\/9507844\/pexels-photo-9507844.jpeg?auto=compress&cs=tinysrgb&fit=crop&h=627&w=1200\",\"contentUrl\":\"https:\/\/images.pexels.com\/photos\/9507844\/pexels-photo-9507844.jpeg?auto=compress&cs=tinysrgb&fit=crop&h=627&w=1200\"},{\"@type\":\"WebSite\",\"@id\":\"https:\/\/maison-du-midi.fr\/blog\/#website\",\"url\":\"https:\/\/maison-du-midi.fr\/blog\/\",\"name\":\"maison-du-midi.fr\",\"description\":\"Maison du Midi, l&#039;\u00e9l\u00e9gance du terroir\",\"publisher\":{\"@id\":\"https:\/\/maison-du-midi.fr\/blog\/#organization\"},\"alternateName\":\"Maison du Midi, l'\u00e9l\u00e9gance du terroir\",\"potentialAction\":[{\"@type\":\"SearchAction\",\"target\":{\"@type\":\"EntryPoint\",\"urlTemplate\":\"https:\/\/maison-du-midi.fr\/blog\/?s={search_term_string}\"},\"query-input\":{\"@type\":\"PropertyValueSpecification\",\"valueRequired\":true,\"valueName\":\"search_term_string\"}}],\"inLanguage\":\"fr-FR\"},{\"@type\":\"Organization\",\"@id\":\"https:\/\/maison-du-midi.fr\/blog\/#organization\",\"name\":\"Foretsensations.fr\",\"url\":\"https:\/\/maison-du-midi.fr\/blog\/\",\"logo\":{\"@type\":\"ImageObject\",\"inLanguage\":\"fr-FR\",\"@id\":\"https:\/\/maison-du-midi.fr\/blog\/#\/schema\/logo\/image\/\",\"url\":\"https:\/\/maison-du-midi.fr\/blog\/wp-content\/uploads\/2026\/07\/logo-auto.png\",\"contentUrl\":\"https:\/\/maison-du-midi.fr\/blog\/wp-content\/uploads\/2026\/07\/logo-auto.png\",\"width\":1024,\"height\":1024,\"caption\":\"Foretsensations.fr\"},\"image\":{\"@id\":\"https:\/\/maison-du-midi.fr\/blog\/#\/schema\/logo\/image\/\"}},{\"@type\":\"Person\",\"@id\":\"https:\/\/maison-du-midi.fr\/blog\/#\/schema\/person\/c0ae6942e0cc8b6ebd58dada6ee6c2af\",\"name\":\"Antoine Bernard\",\"image\":{\"@type\":\"ImageObject\",\"inLanguage\":\"fr-FR\",\"@id\":\"https:\/\/maison-du-midi.fr\/blog\/#\/schema\/person\/image\/\",\"url\":\"https:\/\/secure.gravatar.com\/avatar\/?s=96&d=mm&r=g\",\"contentUrl\":\"https:\/\/secure.gravatar.com\/avatar\/?s=96&d=mm&r=g\",\"caption\":\"Antoine Bernard\"},\"description\":\"Antoine se concentre sur les m\u00e9thodes de construction \u00e9cologiques et les mat\u00e9riaux durables.\",\"url\":\"https:\/\/maison-du-midi.fr\/blog\/auteur\/antoine-bernard\/\",\"jobTitle\":\"Contributeur m\u00e9canique\",\"email\":\"antoine.bernard@autosmythiques57.fr\"}]}<\/script>\n<!-- \/ Yoast SEO Premium plugin. -->","yoast_head_json":{"title":"Canicule : \u00e0 partir de quelle temp\u00e9rature ? Les seuils r\u00e9els","description":"Pas de seuil national : 21\/36 \u00b0C en Haute-Garonne, 18\/33 \u00b0C en Seine-Maritime. Aucune vigilance canicule au 30 ao\u00fbt ; coup de chaud possible du 3 au 6 septembre, \u00e0 confirmer.","robots":{"index":"index","follow":"follow","max-snippet":"max-snippet:-1","max-image-preview":"max-image-preview:large","max-video-preview":"max-video-preview:-1"},"canonical":"https:\/\/maison-du-midi.fr\/blog\/conseils-pratiques-et-diy\/ete-au-frais\/a-partir-de-quelle-temperature-parle-t-on-de-canicule\/","og_locale":"fr_FR","og_type":"article","og_title":"Canicule : \u00e0 partir de quelle temp\u00e9rature ? Les seuils r\u00e9els","og_description":"Pas de seuil national : 21\/36 \u00b0C en Haute-Garonne, 18\/33 \u00b0C en Seine-Maritime. Aucune vigilance canicule au 30 ao\u00fbt ; coup de chaud possible du 3 au 6 septembre, \u00e0 confirmer.","og_url":"https:\/\/maison-du-midi.fr\/blog\/conseils-pratiques-et-diy\/ete-au-frais\/a-partir-de-quelle-temperature-parle-t-on-de-canicule\/","og_site_name":"maison-du-midi","author":"Antoine Bernard","twitter_card":"summary_large_image","schema":{"@context":"https:\/\/schema.org","@graph":[{"@type":"NewsArticle","@id":"https:\/\/maison-du-midi.fr\/blog\/conseils-pratiques-et-diy\/ete-au-frais\/a-partir-de-quelle-temperature-parle-t-on-de-canicule\/#article","isPartOf":{"@id":"https:\/\/maison-du-midi.fr\/blog\/conseils-pratiques-et-diy\/ete-au-frais\/a-partir-de-quelle-temperature-parle-t-on-de-canicule\/"},"author":{"name":"Antoine Bernard","@id":"https:\/\/maison-du-midi.fr\/blog\/#\/schema\/person\/c0ae6942e0cc8b6ebd58dada6ee6c2af"},"headline":"\u00c0 partir de quelle temp\u00e9rature parle-t-on de canicule ?","datePublished":"2026-07-16T13:33:47+00:00","dateModified":"2026-08-30T06:54:24+00:00","mainEntityOfPage":{"@id":"https:\/\/maison-du-midi.fr\/blog\/conseils-pratiques-et-diy\/ete-au-frais\/a-partir-de-quelle-temperature-parle-t-on-de-canicule\/"},"wordCount":2928,"commentCount":0,"publisher":{"@id":"https:\/\/maison-du-midi.fr\/blog\/#organization"},"image":{"@id":"https:\/\/maison-du-midi.fr\/blog\/conseils-pratiques-et-diy\/ete-au-frais\/a-partir-de-quelle-temperature-parle-t-on-de-canicule\/#primaryimage"},"thumbnailUrl":"https:\/\/images.pexels.com\/photos\/9507844\/pexels-photo-9507844.jpeg?auto=compress&cs=tinysrgb&fit=crop&h=627&w=1200","articleSection":["L'\u00e9t\u00e9 au frais"],"inLanguage":"fr-FR","potentialAction":[{"@type":"CommentAction","name":"Comment","target":["https:\/\/maison-du-midi.fr\/blog\/conseils-pratiques-et-diy\/ete-au-frais\/a-partir-de-quelle-temperature-parle-t-on-de-canicule\/#respond"]}]},{"@type":"WebPage","@id":"https:\/\/maison-du-midi.fr\/blog\/conseils-pratiques-et-diy\/ete-au-frais\/a-partir-de-quelle-temperature-parle-t-on-de-canicule\/","url":"https:\/\/maison-du-midi.fr\/blog\/conseils-pratiques-et-diy\/ete-au-frais\/a-partir-de-quelle-temperature-parle-t-on-de-canicule\/","name":"Canicule : \u00e0 partir de quelle temp\u00e9rature ? Les seuils r\u00e9els","isPartOf":{"@id":"https:\/\/maison-du-midi.fr\/blog\/#website"},"primaryImageOfPage":{"@id":"https:\/\/maison-du-midi.fr\/blog\/conseils-pratiques-et-diy\/ete-au-frais\/a-partir-de-quelle-temperature-parle-t-on-de-canicule\/#primaryimage"},"image":{"@id":"https:\/\/maison-du-midi.fr\/blog\/conseils-pratiques-et-diy\/ete-au-frais\/a-partir-de-quelle-temperature-parle-t-on-de-canicule\/#primaryimage"},"thumbnailUrl":"https:\/\/images.pexels.com\/photos\/9507844\/pexels-photo-9507844.jpeg?auto=compress&cs=tinysrgb&fit=crop&h=627&w=1200","datePublished":"2026-07-16T13:33:47+00:00","dateModified":"2026-08-30T06:54:24+00:00","description":"Pas de seuil national : 21\/36 \u00b0C en Haute-Garonne, 18\/33 \u00b0C en Seine-Maritime. Aucune vigilance canicule au 30 ao\u00fbt ; coup de chaud possible du 3 au 6 septembre, \u00e0 confirmer.","inLanguage":"fr-FR","potentialAction":[{"@type":"ReadAction","target":["https:\/\/maison-du-midi.fr\/blog\/conseils-pratiques-et-diy\/ete-au-frais\/a-partir-de-quelle-temperature-parle-t-on-de-canicule\/"]}]},{"@type":"ImageObject","inLanguage":"fr-FR","@id":"https:\/\/maison-du-midi.fr\/blog\/conseils-pratiques-et-diy\/ete-au-frais\/a-partir-de-quelle-temperature-parle-t-on-de-canicule\/#primaryimage","url":"https:\/\/images.pexels.com\/photos\/9507844\/pexels-photo-9507844.jpeg?auto=compress&cs=tinysrgb&fit=crop&h=627&w=1200","contentUrl":"https:\/\/images.pexels.com\/photos\/9507844\/pexels-photo-9507844.jpeg?auto=compress&cs=tinysrgb&fit=crop&h=627&w=1200"},{"@type":"WebSite","@id":"https:\/\/maison-du-midi.fr\/blog\/#website","url":"https:\/\/maison-du-midi.fr\/blog\/","name":"maison-du-midi.fr","description":"Maison du Midi, l&#039;\u00e9l\u00e9gance du terroir","publisher":{"@id":"https:\/\/maison-du-midi.fr\/blog\/#organization"},"alternateName":"Maison du Midi, l'\u00e9l\u00e9gance du terroir","potentialAction":[{"@type":"SearchAction","target":{"@type":"EntryPoint","urlTemplate":"https:\/\/maison-du-midi.fr\/blog\/?s={search_term_string}"},"query-input":{"@type":"PropertyValueSpecification","valueRequired":true,"valueName":"search_term_string"}}],"inLanguage":"fr-FR"},{"@type":"Organization","@id":"https:\/\/maison-du-midi.fr\/blog\/#organization","name":"Foretsensations.fr","url":"https:\/\/maison-du-midi.fr\/blog\/","logo":{"@type":"ImageObject","inLanguage":"fr-FR","@id":"https:\/\/maison-du-midi.fr\/blog\/#\/schema\/logo\/image\/","url":"https:\/\/maison-du-midi.fr\/blog\/wp-content\/uploads\/2026\/07\/logo-auto.png","contentUrl":"https:\/\/maison-du-midi.fr\/blog\/wp-content\/uploads\/2026\/07\/logo-auto.png","width":1024,"height":1024,"caption":"Foretsensations.fr"},"image":{"@id":"https:\/\/maison-du-midi.fr\/blog\/#\/schema\/logo\/image\/"}},{"@type":"Person","@id":"https:\/\/maison-du-midi.fr\/blog\/#\/schema\/person\/c0ae6942e0cc8b6ebd58dada6ee6c2af","name":"Antoine Bernard","image":{"@type":"ImageObject","inLanguage":"fr-FR","@id":"https:\/\/maison-du-midi.fr\/blog\/#\/schema\/person\/image\/","url":"https:\/\/secure.gravatar.com\/avatar\/?s=96&d=mm&r=g","contentUrl":"https:\/\/secure.gravatar.com\/avatar\/?s=96&d=mm&r=g","caption":"Antoine Bernard"},"description":"Antoine se concentre sur les m\u00e9thodes de construction \u00e9cologiques et les mat\u00e9riaux durables.","url":"https:\/\/maison-du-midi.fr\/blog\/auteur\/antoine-bernard\/","jobTitle":"Contributeur m\u00e9canique","email":"antoine.bernard@autosmythiques57.fr"}]}},"_links":{"self":[{"href":"https:\/\/maison-du-midi.fr\/blog\/wp-json\/wp\/v2\/posts\/7621","targetHints":{"allow":["GET"]}}],"collection":[{"href":"https:\/\/maison-du-midi.fr\/blog\/wp-json\/wp\/v2\/posts"}],"about":[{"href":"https:\/\/maison-du-midi.fr\/blog\/wp-json\/wp\/v2\/types\/post"}],"author":[{"embeddable":true,"href":"https:\/\/maison-du-midi.fr\/blog\/wp-json\/wp\/v2\/users\/42"}],"replies":[{"embeddable":true,"href":"https:\/\/maison-du-midi.fr\/blog\/wp-json\/wp\/v2\/comments?post=7621"}],"version-history":[{"count":3,"href":"https:\/\/maison-du-midi.fr\/blog\/wp-json\/wp\/v2\/posts\/7621\/revisions"}],"predecessor-version":[{"id":7641,"href":"https:\/\/maison-du-midi.fr\/blog\/wp-json\/wp\/v2\/posts\/7621\/revisions\/7641"}],"wp:attachment":[{"href":"https:\/\/maison-du-midi.fr\/blog\/wp-json\/wp\/v2\/media?parent=7621"}],"wp:term":[{"taxonomy":"category","embeddable":true,"href":"https:\/\/maison-du-midi.fr\/blog\/wp-json\/wp\/v2\/categories?post=7621"},{"taxonomy":"post_tag","embeddable":true,"href":"https:\/\/maison-du-midi.fr\/blog\/wp-json\/wp\/v2\/tags?post=7621"}],"curies":[{"name":"wp","href":"https:\/\/api.w.org\/{rel}","templated":true}]}}