{"id":7622,"date":"2026-07-16T15:34:59","date_gmt":"2026-07-16T13:34:59","guid":{"rendered":"https:\/\/maison-du-midi.fr\/blog\/conseils-pratiques-et-diy\/ete-au-frais\/comment-garder-sa-maison-fraiche-en-ete\/"},"modified":"2026-09-02T14:55:26","modified_gmt":"2026-09-02T12:55:26","slug":"comment-garder-sa-maison-fraiche-en-ete","status":"publish","type":"post","link":"https:\/\/maison-du-midi.fr\/blog\/conseils-pratiques-et-diy\/ete-au-frais\/comment-garder-sa-maison-fraiche-en-ete\/","title":{"rendered":"Comment garder sa maison fra\u00eeche en \u00e9t\u00e9 ?"},"content":{"rendered":"<p><strong>Pour garder sa maison fra\u00eeche en \u00e9t\u00e9, tout repose sur trois piliers : emp\u00eacher la chaleur d&rsquo;entrer (volets ferm\u00e9s le jour, a\u00e9ration la nuit), se rafra\u00eechir au meilleur co\u00fbt (le ventilateur consomme 20 \u00e0 50 fois moins qu&rsquo;une clim), et n&rsquo;utiliser la climatisation qu&rsquo;\u00e0 bon escient \u2014 r\u00e9gl\u00e9e \u00e0 26 \u00b0C comme le recommande l&rsquo;ADEME.<\/strong> Dans le Midi, o\u00f9 l&rsquo;on conna\u00eet la chaleur mieux que partout ailleurs, ces r\u00e9flexes font la diff\u00e9rence entre une maison \u00e9touffante et une maison o\u00f9 l&rsquo;on vit bien tout l&rsquo;\u00e9t\u00e9. Voici nos r\u00e9ponses, chiffr\u00e9es et sans baratin, aux questions que tout le monde se pose quand le thermom\u00e8tre s&#8217;emballe.<\/p>\n<h2>Canicule de septembre 2026 : l&rsquo;\u00e9pisode en cours<\/h2>\n<p><em>Point r\u00e9dig\u00e9 le mercredi 2 septembre 2026.<\/em> La France entame un \u00e9pisode de chaleur tardive remarquable : un d\u00f4me de chaleur subtropical fait grimper le thermom\u00e8tre sur toute la moiti\u00e9 sud \u00e0 partir de ce mercredi. La Nouvelle-Aquitaine, l&rsquo;Occitanie et la vall\u00e9e du Rh\u00f4ne d\u00e9passeront largement les 35 \u00b0C, avec des pointes proches de 40 \u00b0C dans le Sud-Ouest le week-end des 5 et 6 septembre (<a href=\"https:\/\/www.ladepeche.fr\/2026\/09\/01\/canicule-jusqua-40-c-dans-le-sud-ouest-la-france-va-suffoquer-sous-une-nouvelle-vague-de-chaleur-quand-cela-sarretera-t-il-13530793.php\" rel=\"nofollow\">La D\u00e9p\u00eache du Midi, 1er septembre<\/a>). \u00c0 Toulouse, on attend 38 \u00b0C vendredi, jusqu&rsquo;\u00e0 40 \u00b0C samedi et encore 38 \u00b0C dimanche, soit 10 \u00e0 12 \u00b0C au-dessus des normales de saison : le record de chaleur de la ville pour un mois de septembre (35,3 \u00b0C, le 8 septembre 1966) devrait \u00eatre battu (<a href=\"https:\/\/www.tameteo.com\/actualites\/previsions\/meteo-toulouse-occitanie-pres-de-40-c-en-fin-de-semaine-le-record-de-chaleur-de-1966-bientot-pulverise.html\" rel=\"nofollow\">tameteo.com, 2 septembre<\/a>).<\/p>\n<p><strong>C\u00f4t\u00e9 vigilance :<\/strong> au bulletin M\u00e9t\u00e9o-France du 2 septembre \u00e0 6 h 00, aucun d\u00e9partement n&rsquo;est plac\u00e9 en vigilance canicule pour ce mercredi ; pour jeudi 3 septembre, le Gard (30) et l&rsquo;H\u00e9rault (34) passent en vigilance jaune canicule. La carte est r\u00e9actualis\u00e9e au moins deux fois par jour (6 h et 16 h) et l&rsquo;\u00e9pisode monte en puissance vers le week-end : v\u00e9rifiez chaque matin <a href=\"https:\/\/vigilance.meteofrance.fr\/fr\" rel=\"nofollow\">la vigilance de votre d\u00e9partement<\/a>, et gardez en t\u00eate <a href=\"https:\/\/maison-du-midi.fr\/blog\/conseils-pratiques-et-diy\/ete-au-frais\/a-partir-de-quelle-temperature-parle-t-on-de-canicule\/\">\u00e0 partir de quelle temp\u00e9rature on parle vraiment de canicule<\/a>.<\/p>\n<h3>Maison vide en journ\u00e9e : les bons gestes de cette rentr\u00e9e<\/h3>\n<p>Contrairement au c\u0153ur de l&rsquo;\u00e9t\u00e9, la maison est vide en journ\u00e9e et les nuits rallongent : cette configuration de rentr\u00e9e change la man\u0153uvre.<\/p>\n<ul>\n<li><strong>Avant de partir au travail ou \u00e0 l&rsquo;\u00e9cole :<\/strong> volets ET fen\u00eatres ferm\u00e9s sur les fa\u00e7ades expos\u00e9es, d\u00e8s 8 heures. La maison restera close jusqu&rsquo;au soir, c&rsquo;est le moment o\u00f9 <a href=\"https:\/\/maison-du-midi.fr\/blog\/conseils-pratiques-et-diy\/ete-au-frais\/faut-il-fermer-les-volets-quand-il-fait-chaud\/\">fermer les volets<\/a> rapporte le plus.<\/li>\n<li><strong>Profitez des nuits de septembre :<\/strong> plus longues et encore relativement fra\u00eeches (18 \u00e0 22 \u00b0C de minimales annonc\u00e9es \u00e0 Toulouse), elles permettent une vraie a\u00e9ration traversante du soir jusqu&rsquo;au d\u00e9part le matin pour <a href=\"https:\/\/maison-du-midi.fr\/blog\/conseils-pratiques-et-diy\/ete-au-frais\/comment-rafraichir-une-piece-sans-climatisation\/\">rafra\u00eechir les pi\u00e8ces sans climatisation<\/a>.<\/li>\n<li><strong>Reportez ce qui chauffe au soir :<\/strong> four, plaques, s\u00e8che-linge attendront la fra\u00eeche ; en journ\u00e9e, chaque appareil qui tourne dans une maison ferm\u00e9e devient un radiateur.<\/li>\n<li><strong>Un \u0153il sur les personnes fragiles :<\/strong> un passage ou un appel chez les voisins \u00e2g\u00e9s pendant le pic de vendredi \u00e0 dimanche, surtout dans le Gard, l&rsquo;H\u00e9rault et la r\u00e9gion toulousaine.<\/li>\n<\/ul>\n<h2>Emp\u00eacher la chaleur d&rsquo;entrer<\/h2>\n<p>C&rsquo;est le levier gratuit et le plus puissant : la maison proven\u00e7ale le pratique depuis des si\u00e8cles.<\/p>\n<table>\n<tr>\n<th>La question<\/th>\n<th>La r\u00e9ponse en bref<\/th>\n<\/tr>\n<tr>\n<td><a href=\"https:\/\/maison-du-midi.fr\/blog\/conseils-pratiques-et-diy\/ete-au-frais\/faut-il-fermer-les-volets-quand-il-fait-chaud\/\">Faut-il fermer les volets quand il fait chaud ?<\/a><\/td>\n<td>Oui, d\u00e8s que l&rsquo;air dehors d\u00e9passe l&rsquo;air dedans : volets ET fen\u00eatres ferm\u00e9s c\u00f4t\u00e9 soleil, on rouvre tout la nuit.<\/td>\n<\/tr>\n<tr>\n<td><a href=\"https:\/\/maison-du-midi.fr\/blog\/conseils-pratiques-et-diy\/ete-au-frais\/comment-rafraichir-une-piece-sans-climatisation\/\">Comment rafra\u00eechir une pi\u00e8ce sans climatisation ?<\/a><\/td>\n<td>Volets ferm\u00e9s le jour + a\u00e9ration traversante la nuit : plusieurs degr\u00e9s gagn\u00e9s sans d\u00e9penser un centime.<\/td>\n<\/tr>\n<tr>\n<td><a href=\"https:\/\/maison-du-midi.fr\/blog\/conseils-pratiques-et-diy\/ete-au-frais\/film-anti-chaleur-pour-fenetre-est-ce-vraiment-efficace\/\">Film anti-chaleur pour fen\u00eatre : est-ce vraiment efficace ?<\/a><\/td>\n<td>Un bon film rejette 50 \u00e0 80 % de l&rsquo;\u00e9nergie solaire \u2014 utile sur les vitrages sans volets, avec de vraies contreparties.<\/td>\n<\/tr>\n<tr>\n<td><a href=\"https:\/\/maison-du-midi.fr\/blog\/conseils-pratiques-et-diy\/ete-au-frais\/a-partir-de-quelle-temperature-parle-t-on-de-canicule\/\">\u00c0 partir de quelle temp\u00e9rature parle-t-on de canicule ?<\/a><\/td>\n<td>Pas de temp\u00e9rature unique : 3 jours et 3 nuits de chaleur intense, seuils de 31 \u00e0 36 \u00b0C selon le d\u00e9partement (M\u00e9t\u00e9o-France).<\/td>\n<\/tr>\n<\/table>\n<h2>Se rafra\u00eechir \u00e0 petit prix<\/h2>\n<p>Avant d&rsquo;investir dans une clim, le trio ventilateur + bons gestes + bonnes nuits couvre la plupart des \u00e9t\u00e9s.<\/p>\n<table>\n<tr>\n<th>La question<\/th>\n<th>La r\u00e9ponse en bref<\/th>\n<\/tr>\n<tr>\n<td><a href=\"https:\/\/maison-du-midi.fr\/blog\/conseils-pratiques-et-diy\/ete-au-frais\/ventilateur-ou-climatiseur-lequel-choisir-pour-lete\/\">Ventilateur ou climatiseur : lequel choisir pour l&rsquo;\u00e9t\u00e9 ?<\/a><\/td>\n<td>Le ventilateur fait \u00ab ressentir \u00bb 3 \u00e0 4 \u00b0C de moins pour 30 \u00e0 100 W ; la clim refroidit vraiment mais consomme 10 \u00e0 30 fois plus.<\/td>\n<\/tr>\n<tr>\n<td><a href=\"https:\/\/maison-du-midi.fr\/blog\/conseils-pratiques-et-diy\/ete-au-frais\/combien-consomme-un-ventilateur\/\">Combien consomme un ventilateur ?<\/a><\/td>\n<td>30 \u00e0 100 W : la nuit compl\u00e8te co\u00fbte moins de 0,15 \u20ac. L&rsquo;appareil anti-chaleur le plus \u00e9conomique qui soit.<\/td>\n<\/tr>\n<tr>\n<td><a href=\"https:\/\/maison-du-midi.fr\/blog\/conseils-pratiques-et-diy\/ete-au-frais\/comment-bien-dormir-quand-il-fait-chaud\/\">Comment bien dormir quand il fait chaud ?<\/a><\/td>\n<td>Chambre dans le noir le jour, a\u00e9r\u00e9e la nuit, drap de coton, douche ti\u00e8de \u2014 et sieste courte de 10 \u00e0 20 minutes assum\u00e9e.<\/td>\n<\/tr>\n<\/table>\n<h2>La climatisation, sans se tromper<\/h2>\n<p>Choisir, r\u00e9gler, payer : les vrais chiffres avant de signer un devis ou d&rsquo;acheter un mobile.<\/p>\n<table>\n<tr>\n<th>La question<\/th>\n<th>La r\u00e9ponse en bref<\/th>\n<\/tr>\n<tr>\n<td><a href=\"https:\/\/maison-du-midi.fr\/blog\/conseils-pratiques-et-diy\/ete-au-frais\/a-quelle-temperature-regler-sa-climatisation-en-ete\/\">\u00c0 quelle temp\u00e9rature r\u00e9gler sa climatisation en \u00e9t\u00e9 ?<\/a><\/td>\n<td>26 \u00b0C, la recommandation ADEME : passer de 23 \u00e0 26 \u00b0C divise la consommation par trois environ.<\/td>\n<\/tr>\n<tr>\n<td><a href=\"https:\/\/maison-du-midi.fr\/blog\/conseils-pratiques-et-diy\/ete-au-frais\/combien-consomme-une-climatisation\/\">Combien consomme une climatisation ?<\/a><\/td>\n<td>0,8 \u00e0 1,2 kWh\/h pour un split, 0,9 \u00e0 1,5 pour un mobile \u2014 soit environ 87 \u20ac vs 213 \u20ac sur l&rsquo;\u00e9t\u00e9 (ADEME).<\/td>\n<\/tr>\n<tr>\n<td><a href=\"https:\/\/maison-du-midi.fr\/blog\/conseils-pratiques-et-diy\/ete-au-frais\/climatiseur-mobile-a-quoi-sert-le-tuyau-devacuation\/\">Climatiseur mobile : \u00e0 quoi sert le tuyau d&rsquo;\u00e9vacuation ?<\/a><\/td>\n<td>Il \u00e9vacue la chaleur extraite : mal calfeutr\u00e9, l&rsquo;air br\u00fblant re-rentre et l&rsquo;appareil tourne pour rien.<\/td>\n<\/tr>\n<tr>\n<td><a href=\"https:\/\/maison-du-midi.fr\/blog\/conseils-pratiques-et-diy\/ete-au-frais\/combien-coute-linstallation-dune-climatisation-fixe\/\">Combien co\u00fbte l&rsquo;installation d&rsquo;une climatisation fixe ?<\/a><\/td>\n<td>900 \u00e0 2 800 \u20ac pos\u00e9 pour un mono-split, 3 000 \u00e0 8 000 \u20ac et plus en multi-split : les fourchettes honn\u00eates 2026.<\/td>\n<\/tr>\n<tr>\n<td><a href=\"https:\/\/maison-du-midi.fr\/blog\/conseils-pratiques-et-diy\/ete-au-frais\/peut-on-installer-une-climatisation-en-copropriete\/\">Peut-on installer une climatisation en copropri\u00e9t\u00e9 ?<\/a><\/td>\n<td>Oui, mais unit\u00e9 ext\u00e9rieure = vote en AG (majorit\u00e9 absolue, art. 25) + d\u00e9claration pr\u00e9alable en mairie.<\/td>\n<\/tr>\n<\/table>\n<h2>Les 3 r\u00e9flexes de l&rsquo;\u00e9t\u00e9<\/h2>\n<ul>\n<li><strong>Le matin :<\/strong> tout fermer c\u00f4t\u00e9 soleil \u2014 volets et fen\u00eatres \u2014 avant que \u00e7a chauffe.<\/li>\n<li><strong>Le soir :<\/strong> tout ouvrir d\u00e8s que l&rsquo;air ext\u00e9rieur repasse sous la temp\u00e9rature int\u00e9rieure, en courant d&rsquo;air traversant.<\/li>\n<li><strong>La clim :<\/strong> 26 \u00b0C de consigne, jamais plus de 5 \u00e0 7 \u00b0C d&rsquo;\u00e9cart avec l&rsquo;ext\u00e9rieur (recommandation ADEME).<\/li>\n<\/ul>\n","protected":false},"excerpt":{"rendered":"","protected":false},"author":42,"featured_media":999999999,"comment_status":"open","ping_status":"open","sticky":false,"template":"","format":"standard","meta":{"_acf_changed":false,"manual_indexmenow":false,"indexmenow_id_project":0,"footnotes":""},"categories":[4626],"tags":[],"class_list":["post-7622","post","type-post","status-publish","format-standard","has-post-thumbnail","hentry","category-ete-au-frais","generate-columns","tablet-grid-50","mobile-grid-100","grid-parent","grid-25"],"acf":[],"yoast_head":"<!-- This site is optimized with the Yoast SEO Premium plugin v21.3 (Yoast SEO v26.5) - https:\/\/yoast.com\/wordpress\/plugins\/seo\/ -->\n<title>Comment garder sa maison fra\u00eeche en \u00e9t\u00e9 ?<\/title>\n<meta name=\"description\" content=\"Pour garder sa maison fra\u00eeche en \u00e9t\u00e9, tout repose sur trois piliers : emp\u00eacher la chaleur d&#039;entrer (volets ferm\u00e9s le jour, a\u00e9ration la nuit), se\" \/>\n<meta name=\"robots\" content=\"index, follow, max-snippet:-1, max-image-preview:large, max-video-preview:-1\" \/>\n<link rel=\"canonical\" href=\"https:\/\/maison-du-midi.fr\/blog\/conseils-pratiques-et-diy\/ete-au-frais\/comment-garder-sa-maison-fraiche-en-ete\/\" \/>\n<meta property=\"og:locale\" content=\"fr_FR\" \/>\n<meta property=\"og:type\" content=\"article\" \/>\n<meta property=\"og:title\" content=\"Comment garder sa maison fra\u00eeche en \u00e9t\u00e9 ?\" \/>\n<meta property=\"og:description\" content=\"Pour garder sa maison fra\u00eeche en \u00e9t\u00e9, tout repose sur trois piliers : emp\u00eacher la chaleur d&#039;entrer (volets ferm\u00e9s le jour, a\u00e9ration la nuit), se\" \/>\n<meta property=\"og:url\" content=\"https:\/\/maison-du-midi.fr\/blog\/conseils-pratiques-et-diy\/ete-au-frais\/comment-garder-sa-maison-fraiche-en-ete\/\" \/>\n<meta property=\"og:site_name\" content=\"maison-du-midi\" \/>\n<meta name=\"author\" content=\"Antoine Bernard\" \/>\n<meta name=\"twitter:card\" content=\"summary_large_image\" \/>\n<script type=\"application\/ld+json\" class=\"yoast-schema-graph\">{\"@context\":\"https:\/\/schema.org\",\"@graph\":[{\"@type\":\"NewsArticle\",\"@id\":\"https:\/\/maison-du-midi.fr\/blog\/conseils-pratiques-et-diy\/ete-au-frais\/comment-garder-sa-maison-fraiche-en-ete\/#article\",\"isPartOf\":{\"@id\":\"https:\/\/maison-du-midi.fr\/blog\/conseils-pratiques-et-diy\/ete-au-frais\/comment-garder-sa-maison-fraiche-en-ete\/\"},\"author\":{\"name\":\"Antoine Bernard\",\"@id\":\"https:\/\/maison-du-midi.fr\/blog\/#\/schema\/person\/c0ae6942e0cc8b6ebd58dada6ee6c2af\"},\"headline\":\"Comment garder sa maison fra\u00eeche en \u00e9t\u00e9 ?\",\"datePublished\":\"2026-07-16T13:34:59+00:00\",\"dateModified\":\"2026-09-02T12:55:26+00:00\",\"mainEntityOfPage\":{\"@id\":\"https:\/\/maison-du-midi.fr\/blog\/conseils-pratiques-et-diy\/ete-au-frais\/comment-garder-sa-maison-fraiche-en-ete\/\"},\"wordCount\":976,\"commentCount\":0,\"publisher\":{\"@id\":\"https:\/\/maison-du-midi.fr\/blog\/#organization\"},\"image\":{\"@id\":\"https:\/\/maison-du-midi.fr\/blog\/conseils-pratiques-et-diy\/ete-au-frais\/comment-garder-sa-maison-fraiche-en-ete\/#primaryimage\"},\"thumbnailUrl\":\"https:\/\/images.pexels.com\/photos\/6944208\/pexels-photo-6944208.jpeg?auto=compress&cs=tinysrgb&fit=crop&h=627&w=1200\",\"articleSection\":[\"L'\u00e9t\u00e9 au frais\"],\"inLanguage\":\"fr-FR\",\"potentialAction\":[{\"@type\":\"CommentAction\",\"name\":\"Comment\",\"target\":[\"https:\/\/maison-du-midi.fr\/blog\/conseils-pratiques-et-diy\/ete-au-frais\/comment-garder-sa-maison-fraiche-en-ete\/#respond\"]}]},{\"@type\":\"WebPage\",\"@id\":\"https:\/\/maison-du-midi.fr\/blog\/conseils-pratiques-et-diy\/ete-au-frais\/comment-garder-sa-maison-fraiche-en-ete\/\",\"url\":\"https:\/\/maison-du-midi.fr\/blog\/conseils-pratiques-et-diy\/ete-au-frais\/comment-garder-sa-maison-fraiche-en-ete\/\",\"name\":\"Comment garder sa maison fra\u00eeche en \u00e9t\u00e9 ?\",\"isPartOf\":{\"@id\":\"https:\/\/maison-du-midi.fr\/blog\/#website\"},\"primaryImageOfPage\":{\"@id\":\"https:\/\/maison-du-midi.fr\/blog\/conseils-pratiques-et-diy\/ete-au-frais\/comment-garder-sa-maison-fraiche-en-ete\/#primaryimage\"},\"image\":{\"@id\":\"https:\/\/maison-du-midi.fr\/blog\/conseils-pratiques-et-diy\/ete-au-frais\/comment-garder-sa-maison-fraiche-en-ete\/#primaryimage\"},\"thumbnailUrl\":\"https:\/\/images.pexels.com\/photos\/6944208\/pexels-photo-6944208.jpeg?auto=compress&cs=tinysrgb&fit=crop&h=627&w=1200\",\"datePublished\":\"2026-07-16T13:34:59+00:00\",\"dateModified\":\"2026-09-02T12:55:26+00:00\",\"description\":\"Pour garder sa maison fra\u00eeche en \u00e9t\u00e9, tout repose sur trois piliers : emp\u00eacher la chaleur d'entrer (volets ferm\u00e9s le jour, a\u00e9ration la nuit), se\",\"inLanguage\":\"fr-FR\",\"potentialAction\":[{\"@type\":\"ReadAction\",\"target\":[\"https:\/\/maison-du-midi.fr\/blog\/conseils-pratiques-et-diy\/ete-au-frais\/comment-garder-sa-maison-fraiche-en-ete\/\"]}]},{\"@type\":\"ImageObject\",\"inLanguage\":\"fr-FR\",\"@id\":\"https:\/\/maison-du-midi.fr\/blog\/conseils-pratiques-et-diy\/ete-au-frais\/comment-garder-sa-maison-fraiche-en-ete\/#primaryimage\",\"url\":\"https:\/\/images.pexels.com\/photos\/6944208\/pexels-photo-6944208.jpeg?auto=compress&cs=tinysrgb&fit=crop&h=627&w=1200\",\"contentUrl\":\"https:\/\/images.pexels.com\/photos\/6944208\/pexels-photo-6944208.jpeg?auto=compress&cs=tinysrgb&fit=crop&h=627&w=1200\"},{\"@type\":\"WebSite\",\"@id\":\"https:\/\/maison-du-midi.fr\/blog\/#website\",\"url\":\"https:\/\/maison-du-midi.fr\/blog\/\",\"name\":\"maison-du-midi.fr\",\"description\":\"Maison du Midi, l&#039;\u00e9l\u00e9gance du terroir\",\"publisher\":{\"@id\":\"https:\/\/maison-du-midi.fr\/blog\/#organization\"},\"alternateName\":\"Maison du Midi, l'\u00e9l\u00e9gance du terroir\",\"potentialAction\":[{\"@type\":\"SearchAction\",\"target\":{\"@type\":\"EntryPoint\",\"urlTemplate\":\"https:\/\/maison-du-midi.fr\/blog\/?s={search_term_string}\"},\"query-input\":{\"@type\":\"PropertyValueSpecification\",\"valueRequired\":true,\"valueName\":\"search_term_string\"}}],\"inLanguage\":\"fr-FR\"},{\"@type\":\"Organization\",\"@id\":\"https:\/\/maison-du-midi.fr\/blog\/#organization\",\"name\":\"Foretsensations.fr\",\"url\":\"https:\/\/maison-du-midi.fr\/blog\/\",\"logo\":{\"@type\":\"ImageObject\",\"inLanguage\":\"fr-FR\",\"@id\":\"https:\/\/maison-du-midi.fr\/blog\/#\/schema\/logo\/image\/\",\"url\":\"https:\/\/maison-du-midi.fr\/blog\/wp-content\/uploads\/2026\/07\/logo-auto.png\",\"contentUrl\":\"https:\/\/maison-du-midi.fr\/blog\/wp-content\/uploads\/2026\/07\/logo-auto.png\",\"width\":1024,\"height\":1024,\"caption\":\"Foretsensations.fr\"},\"image\":{\"@id\":\"https:\/\/maison-du-midi.fr\/blog\/#\/schema\/logo\/image\/\"}},{\"@type\":\"Person\",\"@id\":\"https:\/\/maison-du-midi.fr\/blog\/#\/schema\/person\/c0ae6942e0cc8b6ebd58dada6ee6c2af\",\"name\":\"Antoine Bernard\",\"image\":{\"@type\":\"ImageObject\",\"inLanguage\":\"fr-FR\",\"@id\":\"https:\/\/maison-du-midi.fr\/blog\/#\/schema\/person\/image\/\",\"url\":\"https:\/\/secure.gravatar.com\/avatar\/?s=96&d=mm&r=g\",\"contentUrl\":\"https:\/\/secure.gravatar.com\/avatar\/?s=96&d=mm&r=g\",\"caption\":\"Antoine Bernard\"},\"description\":\"Antoine se concentre sur les m\u00e9thodes de construction \u00e9cologiques et les mat\u00e9riaux durables.\",\"url\":\"https:\/\/maison-du-midi.fr\/blog\/auteur\/antoine-bernard\/\",\"jobTitle\":\"Contributeur m\u00e9canique\",\"email\":\"antoine.bernard@autosmythiques57.fr\"}]}<\/script>\n<!-- \/ Yoast SEO Premium plugin. -->","yoast_head_json":{"title":"Comment garder sa maison fra\u00eeche en \u00e9t\u00e9 ?","description":"Pour garder sa maison fra\u00eeche en \u00e9t\u00e9, tout repose sur trois piliers : emp\u00eacher la chaleur d'entrer (volets ferm\u00e9s le jour, a\u00e9ration la nuit), se","robots":{"index":"index","follow":"follow","max-snippet":"max-snippet:-1","max-image-preview":"max-image-preview:large","max-video-preview":"max-video-preview:-1"},"canonical":"https:\/\/maison-du-midi.fr\/blog\/conseils-pratiques-et-diy\/ete-au-frais\/comment-garder-sa-maison-fraiche-en-ete\/","og_locale":"fr_FR","og_type":"article","og_title":"Comment garder sa maison fra\u00eeche en \u00e9t\u00e9 ?","og_description":"Pour garder sa maison fra\u00eeche en \u00e9t\u00e9, tout repose sur trois piliers : emp\u00eacher la chaleur d'entrer (volets ferm\u00e9s le jour, a\u00e9ration la nuit), se","og_url":"https:\/\/maison-du-midi.fr\/blog\/conseils-pratiques-et-diy\/ete-au-frais\/comment-garder-sa-maison-fraiche-en-ete\/","og_site_name":"maison-du-midi","author":"Antoine Bernard","twitter_card":"summary_large_image","schema":{"@context":"https:\/\/schema.org","@graph":[{"@type":"NewsArticle","@id":"https:\/\/maison-du-midi.fr\/blog\/conseils-pratiques-et-diy\/ete-au-frais\/comment-garder-sa-maison-fraiche-en-ete\/#article","isPartOf":{"@id":"https:\/\/maison-du-midi.fr\/blog\/conseils-pratiques-et-diy\/ete-au-frais\/comment-garder-sa-maison-fraiche-en-ete\/"},"author":{"name":"Antoine Bernard","@id":"https:\/\/maison-du-midi.fr\/blog\/#\/schema\/person\/c0ae6942e0cc8b6ebd58dada6ee6c2af"},"headline":"Comment garder sa maison fra\u00eeche en \u00e9t\u00e9 ?","datePublished":"2026-07-16T13:34:59+00:00","dateModified":"2026-09-02T12:55:26+00:00","mainEntityOfPage":{"@id":"https:\/\/maison-du-midi.fr\/blog\/conseils-pratiques-et-diy\/ete-au-frais\/comment-garder-sa-maison-fraiche-en-ete\/"},"wordCount":976,"commentCount":0,"publisher":{"@id":"https:\/\/maison-du-midi.fr\/blog\/#organization"},"image":{"@id":"https:\/\/maison-du-midi.fr\/blog\/conseils-pratiques-et-diy\/ete-au-frais\/comment-garder-sa-maison-fraiche-en-ete\/#primaryimage"},"thumbnailUrl":"https:\/\/images.pexels.com\/photos\/6944208\/pexels-photo-6944208.jpeg?auto=compress&cs=tinysrgb&fit=crop&h=627&w=1200","articleSection":["L'\u00e9t\u00e9 au frais"],"inLanguage":"fr-FR","potentialAction":[{"@type":"CommentAction","name":"Comment","target":["https:\/\/maison-du-midi.fr\/blog\/conseils-pratiques-et-diy\/ete-au-frais\/comment-garder-sa-maison-fraiche-en-ete\/#respond"]}]},{"@type":"WebPage","@id":"https:\/\/maison-du-midi.fr\/blog\/conseils-pratiques-et-diy\/ete-au-frais\/comment-garder-sa-maison-fraiche-en-ete\/","url":"https:\/\/maison-du-midi.fr\/blog\/conseils-pratiques-et-diy\/ete-au-frais\/comment-garder-sa-maison-fraiche-en-ete\/","name":"Comment garder sa maison fra\u00eeche en \u00e9t\u00e9 ?","isPartOf":{"@id":"https:\/\/maison-du-midi.fr\/blog\/#website"},"primaryImageOfPage":{"@id":"https:\/\/maison-du-midi.fr\/blog\/conseils-pratiques-et-diy\/ete-au-frais\/comment-garder-sa-maison-fraiche-en-ete\/#primaryimage"},"image":{"@id":"https:\/\/maison-du-midi.fr\/blog\/conseils-pratiques-et-diy\/ete-au-frais\/comment-garder-sa-maison-fraiche-en-ete\/#primaryimage"},"thumbnailUrl":"https:\/\/images.pexels.com\/photos\/6944208\/pexels-photo-6944208.jpeg?auto=compress&cs=tinysrgb&fit=crop&h=627&w=1200","datePublished":"2026-07-16T13:34:59+00:00","dateModified":"2026-09-02T12:55:26+00:00","description":"Pour garder sa maison fra\u00eeche en \u00e9t\u00e9, tout repose sur trois piliers : emp\u00eacher la chaleur d'entrer (volets ferm\u00e9s le jour, a\u00e9ration la nuit), se","inLanguage":"fr-FR","potentialAction":[{"@type":"ReadAction","target":["https:\/\/maison-du-midi.fr\/blog\/conseils-pratiques-et-diy\/ete-au-frais\/comment-garder-sa-maison-fraiche-en-ete\/"]}]},{"@type":"ImageObject","inLanguage":"fr-FR","@id":"https:\/\/maison-du-midi.fr\/blog\/conseils-pratiques-et-diy\/ete-au-frais\/comment-garder-sa-maison-fraiche-en-ete\/#primaryimage","url":"https:\/\/images.pexels.com\/photos\/6944208\/pexels-photo-6944208.jpeg?auto=compress&cs=tinysrgb&fit=crop&h=627&w=1200","contentUrl":"https:\/\/images.pexels.com\/photos\/6944208\/pexels-photo-6944208.jpeg?auto=compress&cs=tinysrgb&fit=crop&h=627&w=1200"},{"@type":"WebSite","@id":"https:\/\/maison-du-midi.fr\/blog\/#website","url":"https:\/\/maison-du-midi.fr\/blog\/","name":"maison-du-midi.fr","description":"Maison du Midi, l&#039;\u00e9l\u00e9gance du terroir","publisher":{"@id":"https:\/\/maison-du-midi.fr\/blog\/#organization"},"alternateName":"Maison du Midi, l'\u00e9l\u00e9gance du terroir","potentialAction":[{"@type":"SearchAction","target":{"@type":"EntryPoint","urlTemplate":"https:\/\/maison-du-midi.fr\/blog\/?s={search_term_string}"},"query-input":{"@type":"PropertyValueSpecification","valueRequired":true,"valueName":"search_term_string"}}],"inLanguage":"fr-FR"},{"@type":"Organization","@id":"https:\/\/maison-du-midi.fr\/blog\/#organization","name":"Foretsensations.fr","url":"https:\/\/maison-du-midi.fr\/blog\/","logo":{"@type":"ImageObject","inLanguage":"fr-FR","@id":"https:\/\/maison-du-midi.fr\/blog\/#\/schema\/logo\/image\/","url":"https:\/\/maison-du-midi.fr\/blog\/wp-content\/uploads\/2026\/07\/logo-auto.png","contentUrl":"https:\/\/maison-du-midi.fr\/blog\/wp-content\/uploads\/2026\/07\/logo-auto.png","width":1024,"height":1024,"caption":"Foretsensations.fr"},"image":{"@id":"https:\/\/maison-du-midi.fr\/blog\/#\/schema\/logo\/image\/"}},{"@type":"Person","@id":"https:\/\/maison-du-midi.fr\/blog\/#\/schema\/person\/c0ae6942e0cc8b6ebd58dada6ee6c2af","name":"Antoine Bernard","image":{"@type":"ImageObject","inLanguage":"fr-FR","@id":"https:\/\/maison-du-midi.fr\/blog\/#\/schema\/person\/image\/","url":"https:\/\/secure.gravatar.com\/avatar\/?s=96&d=mm&r=g","contentUrl":"https:\/\/secure.gravatar.com\/avatar\/?s=96&d=mm&r=g","caption":"Antoine Bernard"},"description":"Antoine se concentre sur les m\u00e9thodes de construction \u00e9cologiques et les mat\u00e9riaux durables.","url":"https:\/\/maison-du-midi.fr\/blog\/auteur\/antoine-bernard\/","jobTitle":"Contributeur m\u00e9canique","email":"antoine.bernard@autosmythiques57.fr"}]}},"_links":{"self":[{"href":"https:\/\/maison-du-midi.fr\/blog\/wp-json\/wp\/v2\/posts\/7622","targetHints":{"allow":["GET"]}}],"collection":[{"href":"https:\/\/maison-du-midi.fr\/blog\/wp-json\/wp\/v2\/posts"}],"about":[{"href":"https:\/\/maison-du-midi.fr\/blog\/wp-json\/wp\/v2\/types\/post"}],"author":[{"embeddable":true,"href":"https:\/\/maison-du-midi.fr\/blog\/wp-json\/wp\/v2\/users\/42"}],"replies":[{"embeddable":true,"href":"https:\/\/maison-du-midi.fr\/blog\/wp-json\/wp\/v2\/comments?post=7622"}],"version-history":[{"count":1,"href":"https:\/\/maison-du-midi.fr\/blog\/wp-json\/wp\/v2\/posts\/7622\/revisions"}],"predecessor-version":[{"id":7642,"href":"https:\/\/maison-du-midi.fr\/blog\/wp-json\/wp\/v2\/posts\/7622\/revisions\/7642"}],"wp:attachment":[{"href":"https:\/\/maison-du-midi.fr\/blog\/wp-json\/wp\/v2\/media?parent=7622"}],"wp:term":[{"taxonomy":"category","embeddable":true,"href":"https:\/\/maison-du-midi.fr\/blog\/wp-json\/wp\/v2\/categories?post=7622"},{"taxonomy":"post_tag","embeddable":true,"href":"https:\/\/maison-du-midi.fr\/blog\/wp-json\/wp\/v2\/tags?post=7622"}],"curies":[{"name":"wp","href":"https:\/\/api.w.org\/{rel}","templated":true}]}}